{"id":21531,"date":"2022-07-02T21:35:11","date_gmt":"2022-07-02T21:35:11","guid":{"rendered":"http:\/\/cordobanewsnet.wordpress.com\/?p=7043"},"modified":"2022-07-02T21:35:11","modified_gmt":"2022-07-02T21:35:11","slug":"renuncio-el-ministro-de-economia-martin-guzman","status":"publish","type":"post","link":"http:\/\/nuevacordoba.net\/index.php\/2022\/07\/02\/renuncio-el-ministro-de-economia-martin-guzman\/","title":{"rendered":"Renunci\u00f3 el Ministro de econom\u00eda Mart\u00edn Guzman"},"content":{"rendered":"<header class=\"post-header\"><\/header>\n<p> <!-- \/featured-media --> <\/p>\n<div class=\"post-content clear\" readability=\"40.588235294118\">\n<p><strong>Mart\u00edn Guzm\u00e1n renunci\u00f3 este s\u00e1bado<\/strong>&nbsp;como ministro de Econom\u00eda. Lo comunic\u00f3 a trav\u00e9s de Twitter.<\/p>\n<p>Guzm\u00e1n dio a conocer la decisi\u00f3n justo en el momento en que la vicepresidenta<strong>&nbsp;Cristina Kirchner brindaba su discurso<\/strong>&nbsp;en un acto en Ensenada.<\/p>\n<p>La salida del ministro de Econom\u00eda se produce luego de semanas de tensi\u00f3n en los mercados y con una&nbsp;<strong>fuerte interna<\/strong>&nbsp;en el Frente de Todos, la coalici\u00f3n gobernante.<\/p>\n<p>\u00abCon la profunda convicci\u00f3n y la confianza en mi visi\u00f3n sobre cu\u00e1l es el camino que debe seguir la Argentina, seguir\u00e9 trabajando y actuando por una Patria m\u00e1s justa, libre y soberana\u00bb, expres\u00f3 en la carta publicada en Twitter.<\/p>\n<p><a href=\"https:\/\/platform.twitter.com\/embed\/Tweet.html?creatorScreenName=eldoce&amp;dnt=false&amp;embedId=twitter-widget-0&amp;features=eyJ0ZndfdHdlZXRfZWRpdF9iYWNrZW5kIjp7ImJ1Y2tldCI6Im9mZiIsInZlcnNpb24iOm51bGx9LCJ0ZndfcmVmc3JjX3Nlc3Npb24iOnsiYnVja2V0Ijoib2ZmIiwidmVyc2lvbiI6bnVsbH0sInRmd190d2VldF9yZXN1bHRfbWlncmF0aW9uXzEzOTc5Ijp7ImJ1Y2tldCI6InR3ZWV0X3Jlc3VsdCIsInZlcnNpb24iOm51bGx9LCJ0Zndfc2Vuc2l0aXZlX21lZGlhX2ludGVyc3RpdGlhbF8xMzk2MyI6eyJidWNrZXQiOiJpbnRlcnN0aXRpYWwiLCJ2ZXJzaW9uIjpudWxsfSwidGZ3X2V4cGVyaW1lbnRzX2Nvb2tpZV9leHBpcmF0aW9uIjp7ImJ1Y2tldCI6MTIwOTYwMCwidmVyc2lvbiI6bnVsbH0sInRmd191c2VyX2ZvbGxvd19pbnRlbnRfMTQ0MDYiOnsiYnVja2V0IjoiZm9sbG93IiwidmVyc2lvbiI6bnVsbH0sInRmd190d2VldF9lZGl0X2Zyb250ZW5kIjp7ImJ1Y2tldCI6Im9mZiIsInZlcnNpb24iOm51bGx9fQ%3D%3D&amp;frame=false&amp;hideCard=false&amp;hideThread=false&amp;id=1543335683133095937&amp;lang=es&amp;origin=https%3A%2F%2Feldoce.tv%2Fpolitica%2Frenuncio-martin-guzman-interna-gobierno-economia_131847&amp;sessionId=cd2590d11bdc54f8c52467b6ccba5a682cb14525&amp;siteScreenName=eldoce&amp;theme=light&amp;widgetsVersion=b45a03c79d4c1%3A1654150928467&amp;width=550px\" rel=\"nofollow\">https:\/\/platform.twitter.com\/embed\/Tweet.html?creatorScreenName=eldoce&amp;dnt=false&amp;embedId=twitter-widget-0&amp;features=eyJ0ZndfdHdlZXRfZWRpdF9iYWNrZW5kIjp7ImJ1Y2tldCI6Im9mZiIsInZlcnNpb24iOm51bGx9LCJ0ZndfcmVmc3JjX3Nlc3Npb24iOnsiYnVja2V0Ijoib2ZmIiwidmVyc2lvbiI6bnVsbH0sInRmd190d2VldF9yZXN1bHRfbWlncmF0aW9uXzEzOTc5Ijp7ImJ1Y2tldCI6InR3ZWV0X3Jlc3VsdCIsInZlcnNpb24iOm51bGx9LCJ0Zndfc2Vuc2l0aXZlX21lZGlhX2ludGVyc3RpdGlhbF8xMzk2MyI6eyJidWNrZXQiOiJpbnRlcnN0aXRpYWwiLCJ2ZXJzaW9uIjpudWxsfSwidGZ3X2V4cGVyaW1lbnRzX2Nvb2tpZV9leHBpcmF0aW9uIjp7ImJ1Y2tldCI6MTIwOTYwMCwidmVyc2lvbiI6bnVsbH0sInRmd191c2VyX2ZvbGxvd19pbnRlbnRfMTQ0MDYiOnsiYnVja2V0IjoiZm9sbG93IiwidmVyc2lvbiI6bnVsbH0sInRmd190d2VldF9lZGl0X2Zyb250ZW5kIjp7ImJ1Y2tldCI6Im9mZiIsInZlcnNpb24iOm51bGx9fQ%3D%3D&amp;frame=false&amp;hideCard=false&amp;hideThread=false&amp;id=1543335683133095937&amp;lang=es&amp;origin=https%3A%2F%2Feldoce.tv%2Fpolitica%2Frenuncio-martin-guzman-interna-gobierno-economia_131847&amp;sessionId=cd2590d11bdc54f8c52467b6ccba5a682cb14525&amp;siteScreenName=eldoce&amp;theme=light&amp;widgetsVersion=b45a03c79d4c1%3A1654150928467&amp;width=550px<\/a><\/p>\n<p>Guzm\u00e1n sostuvo que cuando asumi\u00f3 en su funci\u00f3n \u00abArgentina se encontraba sumida en una profunda&nbsp;<strong>crisis econ\u00f3mica, social y de deuda<\/strong>\u00ab. Y continu\u00f3: \u00abA ello se le agreg\u00f3 primero una pandemia global y luego la actual guerra en Ucrania, que han sido profundamente disruptivas del funcionamiento del sistema econ\u00f3mico internacional\u00bb.<\/p>\n<p>\u00abYa en 2022,&nbsp;<strong>se lleg\u00f3 a un acuerdo con el FMI<\/strong>&nbsp;para poder refinanciar la deuda con el organismo tomada en 2018-2019. El acuerdo tambi\u00e9n tuvo caracter\u00edsticas absolutamente excepcionales a la luz de la historia entre nuestra Rep\u00fablica y aquel organismo hist\u00f3ricamente dominado por el poderoso establishment financiero internacional\u00bb, manifest\u00f3.<\/p>\n<p>Destac\u00f3 el entendimiento alcanzado con el Fondo Monetario y el proceso de debate generado en el Congreso para aprobar el acuerdo<\/p>\n<div id=\"jp-post-flair\" class=\"sharedaddy sd-like-enabled sd-sharing-enabled\">\n<div class=\"sharedaddy sd-sharing-enabled\">\n<div class=\"robots-nocontent sd-block sd-social sd-social-icon-text sd-sharing\">\n<h3 class=\"sd-title\">Share this:<\/h3>\n<\/div>\n<\/div>\n<div class=\"sharedaddy sd-block sd-like jetpack-likes-widget-wrapper jetpack-likes-widget-unloaded\" id=\"like-post-wrapper-143108178-7043-62c0c36b02c54\" data-src=\"\/\/widgets.wp.com\/likes\/index.html?ver=20220105#blog_id=143108178&amp;post_id=7043&amp;origin=cordobanewsnet.wordpress.com&amp;obj_id=143108178-7043-62c0c36b02c54\" data-name=\"like-post-frame-143108178-7043-62c0c36b02c54\" data-title=\"Me gusta o Compartir\">\n<h3 class=\"sd-title\">Me gusta esto:<\/h3>\n<p><span class=\"button\"><span>Me gusta<\/span><\/span> <span class=\"loading\">Cargando&#8230;<\/span><\/p>\n<p><span class=\"sd-text-color\"><\/span><\/div>\n<p><h3 class=\"jp-relatedposts-headline\"><em>Relacionado<\/em><\/h3>\n<\/p>\n<\/div><\/div>\n<p><!--\/.post-content--> <\/p>\n<footer class=\"post-meta-container clear\" readability=\"0.35326086956522\">\n<div class=\"entry-author author-avatar-show\" readability=\"13.114754098361\">\n<div class=\"author-avatar\"> <img loading=\"lazy\" alt src=\"http:\/\/nuevacordoba.net\/wp-content\/uploads\/2022\/07\/renuncio-el-ministro-de-economia-martin-guzman.png\" class=\"avatar avatar-90\" height=\"90\" width=\"90\"> <\/div>\n<p><!-- .author-avatar --> <\/p>\n<p><h2 class=\"author-title\">Publicado por <span class=\"author-name\">Redacci\u00f3n<\/span><\/h2>\n<\/p>\n<p><!-- .author-heading --> <\/p>\n<p class=\"author-bio\"> <a class=\"author-link\" href=\"https:\/\/cordobanewsnet.wordpress.com\/author\/prettomatias\/\" rel=\"author\"> Ver todas las entradas de Redacci\u00f3n <\/a> <\/p>\n<p><!-- .author-bio --> <\/div>\n<p><!-- .entry-auhtor --> <\/footer>\n<p> <!-- \/post-meta-container --> <!-- #respond --> <\/p>\n","protected":false},"excerpt":{"rendered":"<p>Mart\u00edn Guzm\u00e1n renunci\u00f3 este s\u00e1bado&nbsp;como ministro de Econom\u00eda. Lo comunic\u00f3 a trav\u00e9s de Twitter. Guzm\u00e1n dio a conocer la decisi\u00f3n justo en el momento en que la vicepresidenta&nbsp;Cristina Kirchner brindaba su discurso&nbsp;en un acto en Ensenada. La salida del ministro de Econom\u00eda se produce luego de semanas de tensi\u00f3n en los mercados y con una&nbsp;fuerte [&hellip;]<\/p>\n","protected":false},"author":1,"featured_media":21532,"comment_status":"closed","ping_status":"closed","sticky":false,"template":"","format":"standard","meta":[],"categories":[14],"tags":[],"_links":{"self":[{"href":"http:\/\/nuevacordoba.net\/index.php\/wp-json\/wp\/v2\/posts\/21531"}],"collection":[{"href":"http:\/\/nuevacordoba.net\/index.php\/wp-json\/wp\/v2\/posts"}],"about":[{"href":"http:\/\/nuevacordoba.net\/index.php\/wp-json\/wp\/v2\/types\/post"}],"author":[{"embeddable":true,"href":"http:\/\/nuevacordoba.net\/index.php\/wp-json\/wp\/v2\/users\/1"}],"replies":[{"embeddable":true,"href":"http:\/\/nuevacordoba.net\/index.php\/wp-json\/wp\/v2\/comments?post=21531"}],"version-history":[{"count":0,"href":"http:\/\/nuevacordoba.net\/index.php\/wp-json\/wp\/v2\/posts\/21531\/revisions"}],"wp:featuredmedia":[{"embeddable":true,"href":"http:\/\/nuevacordoba.net\/index.php\/wp-json\/wp\/v2\/media\/21532"}],"wp:attachment":[{"href":"http:\/\/nuevacordoba.net\/index.php\/wp-json\/wp\/v2\/media?parent=21531"}],"wp:term":[{"taxonomy":"category","embeddable":true,"href":"http:\/\/nuevacordoba.net\/index.php\/wp-json\/wp\/v2\/categories?post=21531"},{"taxonomy":"post_tag","embeddable":true,"href":"http:\/\/nuevacordoba.net\/index.php\/wp-json\/wp\/v2\/tags?post=21531"}],"curies":[{"name":"wp","href":"https:\/\/api.w.org\/{rel}","templated":true}]}}