{"id":21533,"date":"2022-07-02T22:25:12","date_gmt":"2022-07-02T22:25:12","guid":{"rendered":"http:\/\/nuevacordoba.net\/index.php\/2022\/07\/02\/federico-fernandez-primer-bailarin-algunos-quieren-que-vivamos-en-una-burbuja\/"},"modified":"2022-07-02T22:25:12","modified_gmt":"2022-07-02T22:25:12","slug":"federico-fernandez-primer-bailarin-algunos-quieren-que-vivamos-en-una-burbuja","status":"publish","type":"post","link":"http:\/\/nuevacordoba.net\/index.php\/2022\/07\/02\/federico-fernandez-primer-bailarin-algunos-quieren-que-vivamos-en-una-burbuja\/","title":{"rendered":"Federico Fern\u00e1ndez, primer bailar\u00edn: \u00abAlgunos quieren que vivamos en una burbuja\u00bb"},"content":{"rendered":"<figure class=\"mb-3\"><img loading=\"lazy\" src=\"http:\/\/nuevacordoba.net\/wp-content\/uploads\/2022\/07\/federico-fernandez-primer-bailarin-algunos-quieren-que-vivamos-en-una-burbuja.jpg\" width=\"100%\" height=\"100%\" alt=\"Foto Eliana Obregn\"><figcaption> Foto: Eliana Obreg\u00f3n <\/figcaption><\/figure>\n<p>El primer bailar\u00edn del Teatro Col\u00f3n Federico Fern\u00e1ndez, que en la actualidad encarna el protag\u00f3nico Don Jos\u00e9 en el ballet \u00abCarmen\u00bb con coreograf\u00eda y direcci\u00f3n de Alejandro Cervera, asegur\u00f3 \u00abque los artistas tienen que estar comprometidos pol\u00edticamente\u00bb, pidi\u00f3 la apertura del m\u00e1ximo coliseo argentino a nuevos p\u00fablicos, se refiri\u00f3 a las producciones que protagoniza actualmente y elogi\u00f3 la reciente llegada de Mario Gallizi como nuevo director del cuerpo estable de danza.<\/p>\n<p>Fern\u00e1ndez, que protagoniza \u00abCarmen\u00bb y \u00abSinfonietta\u00bb (con coreograf\u00eda y direcci\u00f3n de Jiry Kylian), que estrenaron el martes pasado y tienen funciones este s\u00e1bado, domingo, mi\u00e9rcoles y jueves pr\u00f3ximos, se refiri\u00f3 a estas producciones actualmente en cartel, la situaci\u00f3n del cuerpo estable del Col\u00f3n, los a\u00f1os de la pandemia y el ballet p\u00fablico argentino.<\/p>\n<p>Director tambi\u00e9n de la compa\u00f1\u00eda independiente Buenos Aires Ballet (BAB), lugar al que define como un espacio de formaci\u00f3n, experiencia esc\u00e9nica y que permite llevar el ballet a distintas partes del pa\u00eds, Fern\u00e1ndez mantuvo una extensa charla con la agencia T\u00e9lam.<\/p>\n<figure class=\"mb-3\"><img loading=\"lazy\" src=\"http:\/\/nuevacordoba.net\/wp-content\/uploads\/2022\/07\/federico-fernandez-primer-bailarin-algunos-quieren-que-vivamos-en-una-burbuja-1.jpg\" width=\"100%\" height=\"100%\" alt=\"Foto Eliana Obregn\"><figcaption> Foto: Eliana Obreg\u00f3n <\/figcaption><\/figure>\n<p><strong>\u00bfC\u00f3mo definir\u00edas la nueva puesta de \u00abCarmen\u00bb que est\u00e1n presentando actualmente en el Col\u00f3n?<\/strong><br \/>Como obra, \u00abCarmen\u00bb es una de las m\u00e1s importantes del repertorio de \u00f3pera y ballet en el mundo, y esta versi\u00f3n contempor\u00e1nea de Alejandro Cervera fue un desaf\u00edo porque fue creando la puesta un poco en el momento y fuimos descubriendo con \u00e9l su lenguaje, lo que quer\u00eda de cada uno de nosotros y tambi\u00e9n debimos entender por d\u00f3nde quer\u00eda contar la historia. Cervera se aleja de las puestas m\u00e1s cl\u00e1sicas que hab\u00edamos hecho anteriormente y propone un lenguaje muy distinto f\u00edsica e interpretativamente, un lugar mucho m\u00e1s humano que el Don Jos\u00e9 de la obra de Plisetsky y Alonso, por ejemplo. Esta es una versi\u00f3n donde est\u00e1 llevada al extremo la teatralidad en los personajes principales, y yo constru\u00ed el personaje m\u00e1s desde lo emocional que desde lo coreogr\u00e1fico.<\/p>\n<p><strong>\u00bfY \u00abSinfonietta\u00bb, que es m\u00e1s abstracta pero muy bella?<\/strong><br \/>\u00abSinfonietta\u00bb tiene un valor especial, donde lo que importa ah\u00ed es el conjunto de los bailarines y el trabajo colectivo y eso es bueno que suceda porque en nuestra carrera algunos nos quieren ense\u00f1ar que tenemos que vivir en una burbuja y que nuestra carrera es netamente personal sin mirar a los costados y llev\u00e1ndonos el mundo por delante sin importar qu\u00e9 codazo demos en el camino. \u00abSinfonietta\u00bb demuestra que es el conjunto el que hace la diferencia, no un bailar\u00edn o una bailarina y eso es un aprendizaje para la compa\u00f1\u00eda en general: no importa si sos un primer bailar\u00edn desde hace 10 a\u00f1os, un solista o cuerpo de baile, importa que todos los que estamos bailando trabajemos en conjunto y eso se logra mirando al de al lado, entendiendo su respiraci\u00f3n, su forma de bailar y acopl\u00e1ndose, eso no es com\u00fan en el ambiente del ballet cl\u00e1sico y que haya pasado esto con \u00abSinfonietta\u00bb nos va a dejar un aprendizaje para todos en cada ballet cl\u00e1sico que hagamos a futuro; si podemos visualizar la importancia del conjunto y del trabajo colectivo, la pr\u00f3xima vez que bailemos \u00abEl lago de los cisnes\u00bb va a ser distinto y mejor.<\/p>\n<blockquote class><p>\u00abEs el conjunto el que hace la diferencia, no un bailar\u00edn o una bailarina y eso es un aprendizaje para la compa\u00f1\u00eda en general\u00bb<cite class=\"author\">Federico Fern\u00e1ndez<\/cite><\/p><\/blockquote>\n<p><\/p>\n<figure class=\"mb-3\"><img loading=\"lazy\" src=\"http:\/\/nuevacordoba.net\/wp-content\/uploads\/2022\/07\/federico-fernandez-primer-bailarin-algunos-quieren-que-vivamos-en-una-burbuja-2.jpg\" width=\"100%\" height=\"100%\" alt=\"Foto Eliana Obregn\"><figcaption> Foto: Eliana Obreg\u00f3n <\/figcaption><\/figure>\n<p><strong>Este programa doble es la segunda puesta de la temporada y la segunda tambi\u00e9n desde la pandemia.<\/strong><br \/>S\u00ed, venimos de dos a\u00f1os muy duros, de alguna manera estamos todav\u00eda en un proceso de rehabilitaci\u00f3n. M\u00e1s all\u00e1 del training que hay que conseguir, de estar en un estado, la seguridad, etc\u00e9tera, tambi\u00e9n hay algo de rehabilitaci\u00f3n, porque es necesario volver a sentir que los m\u00fasculos est\u00e1n donde tienen que estar para no lastimarnos. Adem\u00e1s, la vuelta del p\u00fablico, subir otra vez a un escenario como el Teatro Col\u00f3n son situaciones muy fuertes, estamos en ese proceso, estamos volviendo a construirnos como bailarines y como artistas.<\/p>\n<p><strong>Arrancaron con \u00abGiselle\u00bb est\u00e1n con este programa y en septiembre llega \u00abOnegin\u00bb, \u00bfc\u00f3mo es el ritmo de producci\u00f3n para el Ballet Estable?<\/strong><br \/>Lamentablemente tenemos cinco producciones anuales y de muy pocas funciones, algo que no es de ahora; lo positivo es que ahora tenemos m\u00e1s di\u00e1logo con las nuevas autoridades y creemos que pueden cambiar esta situaci\u00f3n para 2023. Con la llegada de Mario Galizzi a la direcci\u00f3n del ballet la compa\u00f1\u00eda est\u00e1 trabajando muy bien. Vino acompa\u00f1ado de Silvina Perillo, que es una exprimera bailarina del Teatro, son dos personas de la casa y eso hace la diferencia porque transitaron el cuerpo de baile, roles de solistas, de principales, \u00e9l fue director ac\u00e1 en otras ocasiones, es importante que la gente que est\u00e9 al frente de estos cuerpos estables haya transitado la teatralidad en todo lo que significa: nos entienden, saben lo que necesitamos y nos respetan y valoran el trabajo de un teatro p\u00fablico y la carrera de un bailar\u00edn, ese cambio nos dio salud mental y f\u00edsica, porque hay una posibilidad de di\u00e1logo constante que hace muchos a\u00f1os no ten\u00edamos.<\/p>\n<blockquote class><p>\u00abEs importante que la gente que est\u00e9 al frente de estos cuerpos estables haya transitado la teatralidad en todo lo que significa: nos entienden, saben lo que necesitamos y nos respetan y valoran el trabajo de un teatro p\u00fablico y la carrera de un bailar\u00edn\u00bb<cite class=\"author\">Federico Fern\u00e1ndez<\/cite><\/p><\/blockquote>\n<p><\/p>\n<figure class=\"mb-3\"><img loading=\"lazy\" src=\"http:\/\/nuevacordoba.net\/wp-content\/uploads\/2022\/07\/federico-fernandez-primer-bailarin-algunos-quieren-que-vivamos-en-una-burbuja-3.jpg\" width=\"100%\" height=\"100%\" alt=\"Foto Eliana Obregn\"><figcaption> Foto: Eliana Obreg\u00f3n <\/figcaption><\/figure>\n<p><\/p>\n<blockquote class><p>\u00abLos trabajadores del teatro venimos militando hace mucho tiempo para que este teatro sea realmente abierto al p\u00fablico: cuando decimos &#8216;abierto&#8217; decimos &#8216;accesible&#8217;, que cada persona de esta ciudad y del pa\u00eds elija no venir no que se sienta excluida por el precio de la entrada\u00bb<cite class=\"author\">Federico Fern\u00e1ndez<\/cite><\/p><\/blockquote>\n<p><strong>\u00bfQu\u00e9 pasa con el p\u00fablico del ballet?<\/strong><br \/>Es distinto en distintas partes del mundo y en el ballet en general, ac\u00e1 en el Col\u00f3n, los trabajadores del teatro venimos militando hace mucho tiempo para que este teatro sea realmente abierto al p\u00fablico, cuando decimos \u00ababierto\u00bb decimos \u00abaccesible\u00bb, que cada persona de esta ciudad y del pa\u00eds elija no venir no que se sienta excluida por el precio de la entrada. El teatro no est\u00e1 vac\u00edo nunca, siempre est\u00e1 lleno, en su gran mayor\u00eda de los mismos apellidos y familias de toda la vida que se fueron heredando y para los que culturalmente est\u00e1 bien visto venir al Col\u00f3n. Nosotros muchas veces nos sentimos un poquito bufones de una clase social, hay un poco de eso. Lo he escuchado a Telerman decir que quiere cambiar eso, no lo dice con las mismas palabras que yo sino que lo dice de una forma pol\u00edticamente correcta, pero dice que el teatro debe ser para todas y todos, entendiendo que las entradas est\u00e1n a un valor que es totalmente excluyente para la sociedad completa. Tambi\u00e9n creo que podr\u00edamos hacer much\u00edsimas m\u00e1s cosas de las que hacemos si fu\u00e9ramos m\u00e1s emp\u00e1ticos art\u00edsticamente con la sociedad y con lo que pasa.<\/p>\n<p><strong>\u00bfC\u00f3mo ves la situaci\u00f3n del ballet argentino?<\/strong><br \/>El Col\u00f3n es un lugar privilegiado, es un teatro que tiene mucha visibilidad, lo que permite estar vigente todo el tiempo con m\u00e1s o menos funciones, es un teatro en producci\u00f3n constante, pero la danza y el ballet en el resto del pa\u00eds est\u00e1 muy mal, el Teatro Argentino de La Plata lleva a\u00f1os cerrado, con sus cuerpos art\u00edsticos y t\u00e9cnicos estables en sus casas sin trabajar hace mucho tiempo, y es grave; lo mismo pasa en Bah\u00eda Blanca que tiene un teatro oficial que est\u00e1 en las mismas condiciones, C\u00f3rdoba tiene un teatro oficial que m\u00e1s o menos est\u00e1 funcionando pero ninguno de esos teatros se asemeja a lo que hacemos ac\u00e1, no porque no tengan las capacidades sino por decisiones pol\u00edticas. Por eso insisto que el artista tiene que estar comprometido pol\u00edticamente, no hablo de un partido sino de entender que dependemos de las pol\u00edticas del Estado, que si no entendemos de pol\u00edtica no podemos exigir. Todas las decisiones que se toman en los teatros p\u00fablicos son decisiones pol\u00edticas.<\/p>\n<div class=\"jumbotron pt-4 mt-3\" readability=\"12\">\n<h3 class=\"module-title\">\u00abCarmen\u00bb y \u00abSinfonietta\u00bb<\/h3>\n<p>El segundo programa de la Temporada 2022 de Ballet del Col\u00f3n se puede ver el s\u00e1bado 2, domingo 3, mi\u00e9rcoles 6 y jueves 7 de julio en la sala principal del Teatro.<\/p>\n<p>Federico Fern\u00e1ndez en el rol de Don Jos\u00e9 act\u00faa en las funciones del domingo y el jueves.<\/p>\n<\/p><\/div>\n","protected":false},"excerpt":{"rendered":"<p>Foto: Eliana Obreg\u00f3n El primer bailar\u00edn del Teatro Col\u00f3n Federico Fern\u00e1ndez, que en la actualidad encarna el protag\u00f3nico Don Jos\u00e9 en el ballet \u00abCarmen\u00bb con coreograf\u00eda y direcci\u00f3n de Alejandro Cervera, asegur\u00f3 \u00abque los artistas tienen que estar comprometidos pol\u00edticamente\u00bb, pidi\u00f3 la apertura del m\u00e1ximo coliseo argentino a nuevos p\u00fablicos, se refiri\u00f3 a las producciones [&hellip;]<\/p>\n","protected":false},"author":1,"featured_media":21534,"comment_status":"closed","ping_status":"closed","sticky":false,"template":"","format":"standard","meta":[],"categories":[9],"tags":[],"_links":{"self":[{"href":"http:\/\/nuevacordoba.net\/index.php\/wp-json\/wp\/v2\/posts\/21533"}],"collection":[{"href":"http:\/\/nuevacordoba.net\/index.php\/wp-json\/wp\/v2\/posts"}],"about":[{"href":"http:\/\/nuevacordoba.net\/index.php\/wp-json\/wp\/v2\/types\/post"}],"author":[{"embeddable":true,"href":"http:\/\/nuevacordoba.net\/index.php\/wp-json\/wp\/v2\/users\/1"}],"replies":[{"embeddable":true,"href":"http:\/\/nuevacordoba.net\/index.php\/wp-json\/wp\/v2\/comments?post=21533"}],"version-history":[{"count":0,"href":"http:\/\/nuevacordoba.net\/index.php\/wp-json\/wp\/v2\/posts\/21533\/revisions"}],"wp:featuredmedia":[{"embeddable":true,"href":"http:\/\/nuevacordoba.net\/index.php\/wp-json\/wp\/v2\/media\/21534"}],"wp:attachment":[{"href":"http:\/\/nuevacordoba.net\/index.php\/wp-json\/wp\/v2\/media?parent=21533"}],"wp:term":[{"taxonomy":"category","embeddable":true,"href":"http:\/\/nuevacordoba.net\/index.php\/wp-json\/wp\/v2\/categories?post=21533"},{"taxonomy":"post_tag","embeddable":true,"href":"http:\/\/nuevacordoba.net\/index.php\/wp-json\/wp\/v2\/tags?post=21533"}],"curies":[{"name":"wp","href":"https:\/\/api.w.org\/{rel}","templated":true}]}}