{"id":21564,"date":"2022-07-01T18:21:42","date_gmt":"2022-07-01T18:21:42","guid":{"rendered":"https:\/\/puntoapunto.com.ar\/?p=335148"},"modified":"2022-07-01T18:21:42","modified_gmt":"2022-07-01T18:21:42","slug":"de-loredo-el-peronismo-cordobes-dejara-una-provincia-fragmentada-y-mas-insegura","status":"publish","type":"post","link":"http:\/\/nuevacordoba.net\/index.php\/2022\/07\/01\/de-loredo-el-peronismo-cordobes-dejara-una-provincia-fragmentada-y-mas-insegura\/","title":{"rendered":"De Loredo: \u00abel peronismo cordob\u00e9s dejar\u00e1 una provincia fragmentada y m\u00e1s insegura\u00bb"},"content":{"rendered":"<div class=\"g g-35\">\n<div class=\"g-single a-29\"><a class=\"gofollow\" data-track=\"MjksMzUsMSw2MA==\" href=\"https:\/\/www.harmoniechateau.com.ar\/\" target=\"_blank\" rel=\"noopener\"><img src=\"http:\/\/nuevacordoba.net\/wp-content\/uploads\/2022\/07\/de-loredo-el-peronismo-cordobes-dejara-una-provincia-fragmentada-y-mas-insegura.gif\"><\/a><\/div>\n<\/div>\n<p>El diputado nacional,<strong> Rodrigo de Loredo<\/strong>, recorri\u00f3 los barrios Rodrigo Bueno; 20 y 31 de la ciudad de Buenos Aires para relevar de primera mano el proceso de urbanizaci\u00f3n de asentamientos informales que lleva adelante el gobierno de Horacio Rodr\u00edguez Larreta.<\/p>\n<p>En ese marco, enfatiz\u00f3: \u201c<strong>En C\u00f3rdoba, el peronismo dejar\u00e1 una provincia con m\u00e1s de 280 asentamientos precarios sin infraestructura concentrados principalmente en Punilla, R\u00edo Cuarto y capital, barrios ciudad en la periferia, que contrastan fuertemente con los 135 barrios cerrados tambi\u00e9n en la capital.<\/strong> Este modelo de fragmentaci\u00f3n tiene como consecuencia la constituci\u00f3n de sociedades segregadas, el aumento de los \u00edndices de inseguridad y de violencia urbana\u201d.<\/p>\n<p>\u201cEl pr\u00f3ximo gobierno debe avanzar en nuevas pol\u00edticas habitacionales y de urbanizaci\u00f3n de asentamientos marginales, que no han dejado de crecer en los \u00faltimos 20 a\u00f1os, que contemplen su integraci\u00f3n urban\u00edstica, lograr sentido de pertenencia y m\u00e1s seguridad, que puedan acceder al mundo laboral y a servicios b\u00e1sicos y la responsabilidad por mantenerlos\u201d, consider\u00f3.<\/p>\n<p>Luego de recorrer los asentamientos en la ciudad de Buenos Aires, el diputado radical expres\u00f3: \u201cAnte el dilema de urbanizar o relocalizar que se plante\u00f3 en las grandes ciudades de la Argentina frente al crecimiento exponencial de las villas y su falta de acceso a servicios b\u00e1sicos, la ciudad de Buenos Aires, con una mirada social integral, aplic\u00f3 un programa de urbanizaci\u00f3n que contempla la construcci\u00f3n de nuevas viviendas, la remodelaci\u00f3n de otras, apertura de calles, nuevos espacios p\u00fablicos y acceso a servicios b\u00e1sicos como agua potable y electricidad, con un claro objetivo de integrarlos a la ciudad\u201d.<\/p>\n<p>\u201c<strong>En la provincia de C\u00f3rdoba no hay pol\u00edticas p\u00fablicas que apunten a mejorar la calidad de vida de quienes habitan los asentamientos precarios<\/strong>. La \u00faltima respuesta que dio el peronismo frente al crecimiento de las villas fue su relocalizaci\u00f3n a las afueras de la ciudad en los denominados Barrio Ciudad, en el a\u00f1o 2004. Esta decisi\u00f3n contribuy\u00f3 a un proceso de exclusi\u00f3n, fractura social y a una ciudad cada vez m\u00e1s desintegrada\u201d, enfatiz\u00f3.<\/p>\n<p>Agreg\u00f3: \u201c<strong>La marginalidad va creando sociedades m\u00e1s fragmentadas, enfrentadas, con mayores niveles de desigualdad, violencia e inseguridad<\/strong>, por eso es necesario pensar alternativas y conocer otras experiencias de gesti\u00f3n que han tenido \u00e9xito en el abordaje de esta problem\u00e1tica\u201d.<\/p>\n","protected":false},"excerpt":{"rendered":"<p>El diputado nacional, Rodrigo de Loredo, recorri\u00f3 los barrios Rodrigo Bueno; 20 y 31 de la ciudad de Buenos Aires para relevar de primera mano el proceso de urbanizaci\u00f3n de asentamientos informales que lleva adelante el gobierno de Horacio Rodr\u00edguez Larreta. En ese marco, enfatiz\u00f3: \u201cEn C\u00f3rdoba, el peronismo dejar\u00e1 una provincia con m\u00e1s de [&hellip;]<\/p>\n","protected":false},"author":1,"featured_media":21565,"comment_status":"open","ping_status":"closed","sticky":false,"template":"","format":"standard","meta":[],"categories":[12,14],"tags":[],"_links":{"self":[{"href":"http:\/\/nuevacordoba.net\/index.php\/wp-json\/wp\/v2\/posts\/21564"}],"collection":[{"href":"http:\/\/nuevacordoba.net\/index.php\/wp-json\/wp\/v2\/posts"}],"about":[{"href":"http:\/\/nuevacordoba.net\/index.php\/wp-json\/wp\/v2\/types\/post"}],"author":[{"embeddable":true,"href":"http:\/\/nuevacordoba.net\/index.php\/wp-json\/wp\/v2\/users\/1"}],"replies":[{"embeddable":true,"href":"http:\/\/nuevacordoba.net\/index.php\/wp-json\/wp\/v2\/comments?post=21564"}],"version-history":[{"count":0,"href":"http:\/\/nuevacordoba.net\/index.php\/wp-json\/wp\/v2\/posts\/21564\/revisions"}],"wp:featuredmedia":[{"embeddable":true,"href":"http:\/\/nuevacordoba.net\/index.php\/wp-json\/wp\/v2\/media\/21565"}],"wp:attachment":[{"href":"http:\/\/nuevacordoba.net\/index.php\/wp-json\/wp\/v2\/media?parent=21564"}],"wp:term":[{"taxonomy":"category","embeddable":true,"href":"http:\/\/nuevacordoba.net\/index.php\/wp-json\/wp\/v2\/categories?post=21564"},{"taxonomy":"post_tag","embeddable":true,"href":"http:\/\/nuevacordoba.net\/index.php\/wp-json\/wp\/v2\/tags?post=21564"}],"curies":[{"name":"wp","href":"https:\/\/api.w.org\/{rel}","templated":true}]}}