{"id":21586,"date":"2022-07-04T03:04:12","date_gmt":"2022-07-04T03:04:12","guid":{"rendered":"https:\/\/puntoapunto.com.ar\/?p=335205"},"modified":"2022-07-04T03:04:12","modified_gmt":"2022-07-04T03:04:12","slug":"gano-la-campora-silvina-batakis-nueva-ministra-de-economia","status":"publish","type":"post","link":"http:\/\/nuevacordoba.net\/index.php\/2022\/07\/04\/gano-la-campora-silvina-batakis-nueva-ministra-de-economia\/","title":{"rendered":"Gan\u00f3 La C\u00e1mpora: Silvina Batakis, nueva ministra de Econom\u00eda"},"content":{"rendered":"<div class=\"g g-35\">\n<div class=\"g-single a-29\"><a class=\"gofollow\" data-track=\"MjksMzUsMSw2MA==\" href=\"https:\/\/www.harmoniechateau.com.ar\/\" target=\"_blank\" rel=\"noopener\"><img src=\"http:\/\/nuevacordoba.net\/wp-content\/uploads\/2022\/07\/gano-la-campora-silvina-batakis-nueva-ministra-de-economia.gif\"><\/a><\/div>\n<\/div>\n<p>A las 21.54 del domingo y despu\u00e9s de 30 horas desde que se produjera la renuncia el gobierno nacional anunci\u00f3 que Silvina Batakis ser\u00e1 la nueva ministro de Econom\u00eda de la Naci\u00f3n. Batakis fue ministra de Econom\u00eda de la provincia de Buenos Aires durante la gesti\u00f3n de Daniel Scioli entre 2011 y 2015 y d<strong>esde 2019 se desempe\u00f1a como Secretaria de Provincias en el ministerio del Interior, a cargo de Eduardo \u00abWado\u00bb de Pedro.<\/strong><\/p>\n<p>Con esos antecedentes unas de las primeras conclusiones que se est\u00e1n haciendo en las primeras horas luego de conocida su designaci\u00f3n es que se trata de un nuevo triunfo pol\u00edtico del kirchnerismo, dentro de la convulsionada coalici\u00f3n que gestiona la administraci\u00f3n nacional.<\/p>\n<p>La definici\u00f3n de Batakis parece casi una imposici\u00f3n de la vice presidenta Cristina Fern\u00e1ndez de Kirchner ya que se trata de una funcionaria que estaba en un organismo controlado por La C\u00e1mpora y su llegada a Econom\u00eda se conoci\u00f3 luego de conversaciones entre el presidente Alberto Fern\u00e1ndez y su vice. Para algunos analistas la definici\u00f3n de sentar a Batakis en Econom\u00eda no deja lugar a dudas: es la claudicaci\u00f3n de Fern\u00e1ndez como m\u00e1xima autoridad del gobierno.<\/p>\n<p>Volviendo a Batakis hay que remarcar que la portavoz de la Presidencia, Gabriela Cerruti, confirm\u00f3 la designaci\u00f3n de Silvina Batakis como ministra de Econom\u00eda y la defini\u00f3 como \u00abuna reconocida economista que cumpli\u00f3 esa funci\u00f3n en la provincia de Buenos Aires entre 2011 y 2015\u00bb, en referencia al segundo mandato del entonces gobernador y actual ministro de Desarrollo Productivo, Daniel Scioli.<\/p>\n<p>\u00abEl Presidente Alberto Fern\u00e1ndez design\u00f3 a Silvina Batakis al frente del Ministerio de Econom\u00eda. Batakis es una reconocida economista que cumpli\u00f3 esa funci\u00f3n en la provincia de Buenos Aires entre 2011 y 2015\u00bb, poste\u00f3 la portavoz en Twitter.<\/p>\n<p><strong>Daniel Scioli, durante su campa\u00f1a presidencial de 2015 la hab\u00eda mencionado como la que ser\u00eda su Ministra de Econom\u00eda en caso de ser electo presidente<\/strong>&nbsp;y, por estas horas, personas muy cercanas al ministro de Desarrollo Productivo afirman que \u00abla considera una gran profesional, muy formada, de gran calidad humana y muy respetada por todos\u00bb.<\/p>\n<p><img loading=\"lazy\" class=\"alignnone wp-image-335207\" src=\"http:\/\/nuevacordoba.net\/wp-content\/uploads\/2022\/07\/gano-la-campora-silvina-batakis-nueva-ministra-de-economia.jpg\" alt width=\"617\" height=\"325\" srcset=\"http:\/\/nuevacordoba.net\/wp-content\/uploads\/2022\/07\/gano-la-campora-silvina-batakis-nueva-ministra-de-economia.jpg 300w, http:\/\/nuevacordoba.net\/wp-content\/uploads\/2022\/07\/gano-la-campora-silvina-batakis-nueva-ministra-de-economia-1.jpg 1024w, http:\/\/nuevacordoba.net\/wp-content\/uploads\/2022\/07\/gano-la-campora-silvina-batakis-nueva-ministra-de-economia-2.jpg 768w, http:\/\/nuevacordoba.net\/wp-content\/uploads\/2022\/07\/gano-la-campora-silvina-batakis-nueva-ministra-de-economia-3.jpg 750w, http:\/\/nuevacordoba.net\/wp-content\/uploads\/2022\/07\/gano-la-campora-silvina-batakis-nueva-ministra-de-economia-4.jpg 1140w, http:\/\/nuevacordoba.net\/wp-content\/uploads\/2022\/07\/gano-la-campora-silvina-batakis-nueva-ministra-de-economia-5.jpg 1200w\" sizes=\"(max-width: 617px) 100vw, 617px\"><\/p>\n<p>En la cartera de De Pedro, adem\u00e1s de manejar buena parte de la relaci\u00f3n entre el Estado Nacional y las Jurisidicciones, Batakis fue el cuadro t\u00e9cnico que llev\u00f3 adelante las negociaciones con el Gobierno de la Ciudad por los fondos destinados al traspaso de la Seguridad.<\/p>\n<p>En ese sentido, en la Casa Rosada se habla del <strong>\u00abinforme Batakis\u00bb<\/strong> para designar al estudio sobre los costos del mencionado traspaso de atribuciones de seguridad al Gobierno porte\u00f1o.<\/p>\n<p>La designaci\u00f3n se produjo tras una&nbsp;<a href=\"https:\/\/www.telam.com.ar\/notas\/202207\/597362-presidente-reunion-olivos-massa.html\" target=\"_blank\" rel=\"noopener\">jornada atravesada por llamados y encuentros que se aceleraron desde el domingo por la ma\u00f1ana y que tuvo un momento clave en un&nbsp;<strong>di\u00e1logo telef\u00f3nico mantenido por el Jefe de Estado y la vicepresidenta Cristina Kirchner<\/strong>.<\/a><\/p>\n<p>Ese intercambio contribuy\u00f3 para que todos los sectores que integran el FdT estuvieran al tanto de las designaciones en an\u00e1lisis y de las medidas que podr\u00edan tomarse en las pr\u00f3ximas horas. Para ese contacto <a href=\"https:\/\/www.telam.com.ar\/notas\/202207\/597412-estela-de-carlotto-fernandez-hable-cristina-kirchner.html\" target=\"_blank\" rel=\"noopener\">aport\u00f3 lo suyo la titular de Abuelas de Plaza de Mayo, Estela de Carlotto<\/a>, quien por la tarde habl\u00f3 con el mandatario para gestionarlo.<\/p>\n","protected":false},"excerpt":{"rendered":"<p>A las 21.54 del domingo y despu\u00e9s de 30 horas desde que se produjera la renuncia el gobierno nacional anunci\u00f3 que Silvina Batakis ser\u00e1 la nueva ministro de Econom\u00eda de la Naci\u00f3n. Batakis fue ministra de Econom\u00eda de la provincia de Buenos Aires durante la gesti\u00f3n de Daniel Scioli entre 2011 y 2015 y desde [&hellip;]<\/p>\n","protected":false},"author":1,"featured_media":21587,"comment_status":"open","ping_status":"closed","sticky":false,"template":"","format":"standard","meta":[],"categories":[12,14],"tags":[],"_links":{"self":[{"href":"http:\/\/nuevacordoba.net\/index.php\/wp-json\/wp\/v2\/posts\/21586"}],"collection":[{"href":"http:\/\/nuevacordoba.net\/index.php\/wp-json\/wp\/v2\/posts"}],"about":[{"href":"http:\/\/nuevacordoba.net\/index.php\/wp-json\/wp\/v2\/types\/post"}],"author":[{"embeddable":true,"href":"http:\/\/nuevacordoba.net\/index.php\/wp-json\/wp\/v2\/users\/1"}],"replies":[{"embeddable":true,"href":"http:\/\/nuevacordoba.net\/index.php\/wp-json\/wp\/v2\/comments?post=21586"}],"version-history":[{"count":0,"href":"http:\/\/nuevacordoba.net\/index.php\/wp-json\/wp\/v2\/posts\/21586\/revisions"}],"wp:featuredmedia":[{"embeddable":true,"href":"http:\/\/nuevacordoba.net\/index.php\/wp-json\/wp\/v2\/media\/21587"}],"wp:attachment":[{"href":"http:\/\/nuevacordoba.net\/index.php\/wp-json\/wp\/v2\/media?parent=21586"}],"wp:term":[{"taxonomy":"category","embeddable":true,"href":"http:\/\/nuevacordoba.net\/index.php\/wp-json\/wp\/v2\/categories?post=21586"},{"taxonomy":"post_tag","embeddable":true,"href":"http:\/\/nuevacordoba.net\/index.php\/wp-json\/wp\/v2\/tags?post=21586"}],"curies":[{"name":"wp","href":"https:\/\/api.w.org\/{rel}","templated":true}]}}