{"id":21588,"date":"2022-07-04T00:54:55","date_gmt":"2022-07-04T00:54:55","guid":{"rendered":"http:\/\/cordobanewsnet.wordpress.com\/?p=7047"},"modified":"2022-07-04T00:54:55","modified_gmt":"2022-07-04T00:54:55","slug":"silvina-batakis-es-la-nueva-ministra-de-economia","status":"publish","type":"post","link":"http:\/\/nuevacordoba.net\/index.php\/2022\/07\/04\/silvina-batakis-es-la-nueva-ministra-de-economia\/","title":{"rendered":"Silvina Batakis es la nueva ministra de econom\u00eda"},"content":{"rendered":"<p><!-- \/featured-media --> <\/p>\n<div class=\"post-content clear\" readability=\"37.655172413793\">\n<p>En medio de la crisis que desat\u00f3&nbsp;la renuncia de Mart\u00edn Guzm\u00e1n, Alberto Fern\u00e1ndez defini\u00f3 que Silvina Batakis ser\u00e1 la nueva ministra de Econom\u00eda.<\/p>\n<p>La decisi\u00f3n se tom\u00f3 despu\u00e9s de largas horas de reuni\u00f3n entre el c\u00edrculo m\u00e1s \u00edntimo del jefe de Estado en la quinta de Olivos y tras la conversaci\u00f3n que mantuvo con la vicepresidenta, Cristina Kirchner.<\/p>\n<div id=\"jp-post-flair\" class=\"sharedaddy sd-like-enabled sd-sharing-enabled\">\n<div class=\"sharedaddy sd-sharing-enabled\">\n<div class=\"robots-nocontent sd-block sd-social sd-social-icon-text sd-sharing\">\n<h3 class=\"sd-title\">Share this:<\/h3>\n<\/div>\n<\/div>\n<div class=\"sharedaddy sd-block sd-like jetpack-likes-widget-wrapper jetpack-likes-widget-unloaded\" id=\"like-post-wrapper-143108178-7047-62c29115bf70c\" data-src=\"\/\/widgets.wp.com\/likes\/index.html?ver=20220105#blog_id=143108178&amp;post_id=7047&amp;origin=cordobanewsnet.wordpress.com&amp;obj_id=143108178-7047-62c29115bf70c\" data-name=\"like-post-frame-143108178-7047-62c29115bf70c\" data-title=\"Me gusta o Compartir\">\n<h3 class=\"sd-title\">Me gusta esto:<\/h3>\n<p><span class=\"button\"><span>Me gusta<\/span><\/span> <span class=\"loading\">Cargando&#8230;<\/span><\/p>\n<p><span class=\"sd-text-color\"><\/span><\/div>\n<p><h3 class=\"jp-relatedposts-headline\"><em>Relacionado<\/em><\/h3>\n<\/p>\n<\/div><\/div>\n<p><!--\/.post-content--> <\/p>\n<footer class=\"post-meta-container clear\" readability=\"0.39634146341463\">\n<div class=\"entry-author author-avatar-show\" readability=\"13.114754098361\">\n<div class=\"author-avatar\"> <img loading=\"lazy\" alt src=\"http:\/\/nuevacordoba.net\/wp-content\/uploads\/2022\/07\/silvina-batakis-es-la-nueva-ministra-de-economia.png\" class=\"avatar avatar-90\" height=\"90\" width=\"90\"> <\/div>\n<p><!-- .author-avatar --> <\/p>\n<p><h2 class=\"author-title\">Publicado por <span class=\"author-name\">Redacci\u00f3n<\/span><\/h2>\n<\/p>\n<p><!-- .author-heading --> <\/p>\n<p class=\"author-bio\"> <a class=\"author-link\" href=\"https:\/\/cordobanewsnet.wordpress.com\/author\/prettomatias\/\" rel=\"author\"> Ver todas las entradas de Redacci\u00f3n <\/a> <\/p>\n<p><!-- .author-bio --> <\/div>\n<p><!-- .entry-auhtor --> <\/footer>\n<p> <!-- \/post-meta-container --> <!-- #respond --> <\/p>\n","protected":false},"excerpt":{"rendered":"<p>En medio de la crisis que desat\u00f3&nbsp;la renuncia de Mart\u00edn Guzm\u00e1n, Alberto Fern\u00e1ndez defini\u00f3 que Silvina Batakis ser\u00e1 la nueva ministra de Econom\u00eda. La decisi\u00f3n se tom\u00f3 despu\u00e9s de largas horas de reuni\u00f3n entre el c\u00edrculo m\u00e1s \u00edntimo del jefe de Estado en la quinta de Olivos y tras la conversaci\u00f3n que mantuvo con la [&hellip;]<\/p>\n","protected":false},"author":1,"featured_media":21589,"comment_status":"closed","ping_status":"closed","sticky":false,"template":"","format":"standard","meta":[],"categories":[14],"tags":[],"_links":{"self":[{"href":"http:\/\/nuevacordoba.net\/index.php\/wp-json\/wp\/v2\/posts\/21588"}],"collection":[{"href":"http:\/\/nuevacordoba.net\/index.php\/wp-json\/wp\/v2\/posts"}],"about":[{"href":"http:\/\/nuevacordoba.net\/index.php\/wp-json\/wp\/v2\/types\/post"}],"author":[{"embeddable":true,"href":"http:\/\/nuevacordoba.net\/index.php\/wp-json\/wp\/v2\/users\/1"}],"replies":[{"embeddable":true,"href":"http:\/\/nuevacordoba.net\/index.php\/wp-json\/wp\/v2\/comments?post=21588"}],"version-history":[{"count":0,"href":"http:\/\/nuevacordoba.net\/index.php\/wp-json\/wp\/v2\/posts\/21588\/revisions"}],"wp:featuredmedia":[{"embeddable":true,"href":"http:\/\/nuevacordoba.net\/index.php\/wp-json\/wp\/v2\/media\/21589"}],"wp:attachment":[{"href":"http:\/\/nuevacordoba.net\/index.php\/wp-json\/wp\/v2\/media?parent=21588"}],"wp:term":[{"taxonomy":"category","embeddable":true,"href":"http:\/\/nuevacordoba.net\/index.php\/wp-json\/wp\/v2\/categories?post=21588"},{"taxonomy":"post_tag","embeddable":true,"href":"http:\/\/nuevacordoba.net\/index.php\/wp-json\/wp\/v2\/tags?post=21588"}],"curies":[{"name":"wp","href":"https:\/\/api.w.org\/{rel}","templated":true}]}}