{"id":21604,"date":"2022-07-04T11:56:25","date_gmt":"2022-07-04T11:56:25","guid":{"rendered":"http:\/\/nuevacordoba.net\/index.php\/2022\/07\/04\/tres-muertos-en-un-ataque-a-un-shopping-de-copenhague\/"},"modified":"2022-07-04T11:56:25","modified_gmt":"2022-07-04T11:56:25","slug":"tres-muertos-en-un-ataque-a-un-shopping-de-copenhague","status":"publish","type":"post","link":"http:\/\/nuevacordoba.net\/index.php\/2022\/07\/04\/tres-muertos-en-un-ataque-a-un-shopping-de-copenhague\/","title":{"rendered":"Tres muertos en un ataque a un shopping de Copenhague"},"content":{"rendered":"<figure class=\"mb-3\"><img loading=\"lazy\" src=\"http:\/\/nuevacordoba.net\/wp-content\/uploads\/2022\/07\/tres-muertos-en-un-ataque-a-un-shopping-de-copenhague.jpg\" width=\"100%\" height=\"100%\" alt=\"El detenido un dans de 22 aos eligi las vctimas al azar Foto AFP\"><figcaption> El detenido, un dan\u00e9s de 22 a\u00f1os, eligi\u00f3 las v\u00edctimas \u00abal azar\u00bb. Foto: AFP <\/figcaption><\/figure>\n<p>El ataque con arma de fuego cometido el domingo por un hombre con antecedentes psiqui\u00e1tricos en un centro comercial de Copenhague caus\u00f3 la muerte de tres personas y heridas graves a al menos otras cuatro, confirmaron las autoridades, que descartaron por ahora que se haya tratado de \u00abun acto terrorista\u00bb.<\/p>\n<p><strong>El detenido, un dan\u00e9s de 22 a\u00f1os, eligi\u00f3 las v\u00edctimas \u00abal azar\u00bb,<\/strong> declar\u00f3 anoche el inspector jefe de la polic\u00eda de Copenhague, Soren Thomassen, de acuerdo con reportes de las agencias de noticias AFP y Sputnik.<\/p>\n<p>La polic\u00eda considera aut\u00e9nticos los videos del sospechoso que circulan desde anoche en las redes sociales, se\u00f1al\u00f3 Thomassen.<\/p>\n<p>En estos se lo ve posando con armas, imitando gestos de suicidio o refiri\u00e9ndose a un tratamiento con un medicamento prescrito por un psiquiatra \u00abque no funciona\u00bb.<\/p>\n<p>Las cuentas de YouTube e Instagram del sospechoso fueron cerradas durante la noche.<\/p>\n<p><strong>El sospechoso \u00abtiene antecedentes psiqui\u00e1tricos\u00bb,<\/strong> dijo Thomassen. \u00abNo hay indicios de que tenga c\u00f3mplices\u00bb, agreg\u00f3.<\/p>\n<p><strong>Los tres muertos son un adolescente y una adolescente daneses,<\/strong> ambos de 17 a\u00f1os, y un ruso de 47 residente en Dinamarca, detall\u00f3 la polic\u00eda.<\/p>\n<p><strong>Los cuatro heridos, que est\u00e1n graves, son dos daneses de 19 y 40 a\u00f1os y dos suecos<\/strong>, un hombre de 50 a\u00f1os y una adolescente de 16.<\/p>\n<p>\u00abNuestra conclusi\u00f3n es que escogi\u00f3 las v\u00edctimas al azar\u00bb, afirm\u00f3 el inspector. \u00abNo hay indicios de que se trate de un acto terrorista\u00bb.<\/p>\n<p>Otras personas sufrieron heridas leves en la estampida que sigui\u00f3 al tiroteo. <\/p>\n","protected":false},"excerpt":{"rendered":"<p>El detenido, un dan\u00e9s de 22 a\u00f1os, eligi\u00f3 las v\u00edctimas \u00abal azar\u00bb. Foto: AFP El ataque con arma de fuego cometido el domingo por un hombre con antecedentes psiqui\u00e1tricos en un centro comercial de Copenhague caus\u00f3 la muerte de tres personas y heridas graves a al menos otras cuatro, confirmaron las autoridades, que descartaron por [&hellip;]<\/p>\n","protected":false},"author":1,"featured_media":21605,"comment_status":"closed","ping_status":"closed","sticky":false,"template":"","format":"standard","meta":[],"categories":[13],"tags":[],"_links":{"self":[{"href":"http:\/\/nuevacordoba.net\/index.php\/wp-json\/wp\/v2\/posts\/21604"}],"collection":[{"href":"http:\/\/nuevacordoba.net\/index.php\/wp-json\/wp\/v2\/posts"}],"about":[{"href":"http:\/\/nuevacordoba.net\/index.php\/wp-json\/wp\/v2\/types\/post"}],"author":[{"embeddable":true,"href":"http:\/\/nuevacordoba.net\/index.php\/wp-json\/wp\/v2\/users\/1"}],"replies":[{"embeddable":true,"href":"http:\/\/nuevacordoba.net\/index.php\/wp-json\/wp\/v2\/comments?post=21604"}],"version-history":[{"count":0,"href":"http:\/\/nuevacordoba.net\/index.php\/wp-json\/wp\/v2\/posts\/21604\/revisions"}],"wp:featuredmedia":[{"embeddable":true,"href":"http:\/\/nuevacordoba.net\/index.php\/wp-json\/wp\/v2\/media\/21605"}],"wp:attachment":[{"href":"http:\/\/nuevacordoba.net\/index.php\/wp-json\/wp\/v2\/media?parent=21604"}],"wp:term":[{"taxonomy":"category","embeddable":true,"href":"http:\/\/nuevacordoba.net\/index.php\/wp-json\/wp\/v2\/categories?post=21604"},{"taxonomy":"post_tag","embeddable":true,"href":"http:\/\/nuevacordoba.net\/index.php\/wp-json\/wp\/v2\/tags?post=21604"}],"curies":[{"name":"wp","href":"https:\/\/api.w.org\/{rel}","templated":true}]}}