{"id":21608,"date":"2022-07-04T17:19:47","date_gmt":"2022-07-04T17:19:47","guid":{"rendered":"https:\/\/puntoapunto.com.ar\/?p=335232"},"modified":"2022-07-04T17:19:47","modified_gmt":"2022-07-04T17:19:47","slug":"mendoza-la-provincia-elegida-por-cetrogar-para-su-expansion","status":"publish","type":"post","link":"http:\/\/nuevacordoba.net\/index.php\/2022\/07\/04\/mendoza-la-provincia-elegida-por-cetrogar-para-su-expansion\/","title":{"rendered":"Mendoza: La provincia elegida por Cetrogar para su expansi\u00f3n"},"content":{"rendered":"<div><img src=\"http:\/\/nuevacordoba.net\/wp-content\/uploads\/2022\/07\/mendoza-la-provincia-elegida-por-cetrogar-para-su-expansion.jpg\" class=\"ff-og-image-inserted\"><\/div>\n<p><strong><a href=\"https:\/\/www.cetrogar.com.ar\/\">Cetrogar<\/a><\/strong>, cadena de art\u00edculos del hogar y tecnolog\u00eda , anuncia expansi\u00f3n en su red de tiendas y presenta su nueva sucursal en Mendoza, donde <strong>dar\u00e1<\/strong><strong> empleo a 20 familias mendocinas<\/strong>.<\/p>\n<p>Con el objetivo de continuar acercando&nbsp;sus productos, la firma&nbsp;abrir\u00e1 un nuevo punto de ventas ubicado en Av. San Mart\u00edn 1253, en la capital provincial con una superficie de m\u00e1s de 380 m2 y se suma a las de las ciudades de San Mart\u00edn (Alvear 75, esquina Balcarce) y San Rafael (Av. Mitre 50).<\/p>\n<p><em>\u201cEsta nueva apuesta en Mendoza responde al notorio aumento de la demanda comercial que hemos observado en esta provincia. Con esta apertura, logramos estar a la altura de las necesidades de nuestros clientes, no s\u00f3lo acerc\u00e1ndonos f\u00edsicamente, sino, adem\u00e1s, a trav\u00e9s de una ampliaci\u00f3n de nuestros servicios, ofertas reales, variados planes de financiaci\u00f3n y cr\u00e9ditos de propia firma para que todos puedan acceder al producto que buscan y desean\u201d,<\/em> afirma <strong>Juan Manuel Almeida<\/strong>, Gerente de Marketing de Cetrogar. \u201cEsta apertura es, adem\u00e1s, un reflejo de nuestro compromiso con la comunidad y su desarrollo, dado que el 100% del staff empleado es oriundo de la ciudad\u201d, completa Almeida.<\/p>\n<p>La inauguraci\u00f3n del nuevo local se llevar\u00e1 a cabo el pr\u00f3ximo <strong>martes 5 de julio<\/strong> y contar\u00e1 con promociones especiales para quienes se acerquen en el momento de la apertura.<\/p>\n<p>Este nuevo espacio contar\u00e1 con la tradicional gama de productos, as\u00ed como tambi\u00e9n los m\u00e1s amplios planes de financiaci\u00f3n con tarjetas bancarias, Naranja X y <strong>una l\u00ednea de cr\u00e9dito de propia firma<\/strong>. En la nueva tienda, no s\u00f3lo se podr\u00e1 recibir el asesoramiento personalizado del personal de venta, sino que adem\u00e1s podr\u00e1 ser un punto de pickup para que, aquellos que optan por compras online, puedan retirar sus productos seleccionados.<\/p>\n<p>Cetrogar se encuentra en un s\u00f3lido plan de expansi\u00f3n en las distintas provincias del pa\u00eds siendo, esta apertura en Mendoza, la quinta que realiza a nivel nacional en lo que va del a\u00f1o. Dentro de las m\u00e1s recientes aperturas se destacan las de C\u00f3rdoba (Capital y R\u00edo Cuarto), San Juan (Capital) y la de CABA, en el barrio porte\u00f1o de Caballito. Pr\u00f3ximamente, se anunciar\u00e1n nuevas aperturas.<\/p>\n","protected":false},"excerpt":{"rendered":"<p>Cetrogar, cadena de art\u00edculos del hogar y tecnolog\u00eda , anuncia expansi\u00f3n en su red de tiendas y presenta su nueva sucursal en Mendoza, donde dar\u00e1 empleo a 20 familias mendocinas. Con el objetivo de continuar acercando&nbsp;sus productos, la firma&nbsp;abrir\u00e1 un nuevo punto de ventas ubicado en Av. San Mart\u00edn 1253, en la capital provincial con [&hellip;]<\/p>\n","protected":false},"author":1,"featured_media":21609,"comment_status":"open","ping_status":"closed","sticky":false,"template":"","format":"standard","meta":[],"categories":[14],"tags":[],"_links":{"self":[{"href":"http:\/\/nuevacordoba.net\/index.php\/wp-json\/wp\/v2\/posts\/21608"}],"collection":[{"href":"http:\/\/nuevacordoba.net\/index.php\/wp-json\/wp\/v2\/posts"}],"about":[{"href":"http:\/\/nuevacordoba.net\/index.php\/wp-json\/wp\/v2\/types\/post"}],"author":[{"embeddable":true,"href":"http:\/\/nuevacordoba.net\/index.php\/wp-json\/wp\/v2\/users\/1"}],"replies":[{"embeddable":true,"href":"http:\/\/nuevacordoba.net\/index.php\/wp-json\/wp\/v2\/comments?post=21608"}],"version-history":[{"count":0,"href":"http:\/\/nuevacordoba.net\/index.php\/wp-json\/wp\/v2\/posts\/21608\/revisions"}],"wp:featuredmedia":[{"embeddable":true,"href":"http:\/\/nuevacordoba.net\/index.php\/wp-json\/wp\/v2\/media\/21609"}],"wp:attachment":[{"href":"http:\/\/nuevacordoba.net\/index.php\/wp-json\/wp\/v2\/media?parent=21608"}],"wp:term":[{"taxonomy":"category","embeddable":true,"href":"http:\/\/nuevacordoba.net\/index.php\/wp-json\/wp\/v2\/categories?post=21608"},{"taxonomy":"post_tag","embeddable":true,"href":"http:\/\/nuevacordoba.net\/index.php\/wp-json\/wp\/v2\/tags?post=21608"}],"curies":[{"name":"wp","href":"https:\/\/api.w.org\/{rel}","templated":true}]}}