{"id":21622,"date":"2022-07-05T03:04:03","date_gmt":"2022-07-05T03:04:03","guid":{"rendered":"https:\/\/puntoapunto.com.ar\/?p=335253"},"modified":"2022-07-05T03:04:03","modified_gmt":"2022-07-05T03:04:03","slug":"batakis-en-economia-me-siento-comoda-con-el-tipo-de-cambio-oficial","status":"publish","type":"post","link":"http:\/\/nuevacordoba.net\/index.php\/2022\/07\/05\/batakis-en-economia-me-siento-comoda-con-el-tipo-de-cambio-oficial\/","title":{"rendered":"Batakis en Econom\u00eda: \u00b4me siento c\u00f3moda con el tipo de cambio oficial\u00b4"},"content":{"rendered":"<div class=\"g g-37\">\n<div class=\"g-single a-29\"><a class=\"gofollow\" data-track=\"MjksMzcsMSw2MA==\" href=\"https:\/\/www.harmoniechateau.com.ar\/\" target=\"_blank\" rel=\"noopener\"><img src=\"http:\/\/nuevacordoba.net\/wp-content\/uploads\/2022\/07\/batakis-en-economia-me-siento-comoda-con-el-tipo-de-cambio-oficial.gif\"><\/a><\/div>\n<\/div>\n<p>Silvina Batakis asumi\u00f3 ayer como nueva ministra de Econom\u00eda \u2013la segunda en la historia del pa\u00eds junto a Felisa Miceli- y dej\u00f3 las primeras definiciones en el marco de una entrevista en el canal oficialista C5N.<\/p>\n<p>En di\u00e1logo con Gustavo Silvestre y su equipo Batakis se refiri\u00f3 a algunos ejes que son clave en la gesti\u00f3n de la macro:<\/p>\n<p>\u201cTengo pr\u00e1cticamente cerrado el equipo econ\u00f3mico\u201d, dijo, aunque se reserv\u00f3 los nombres posiblemente para anunciarlos hoy. Le dio un mensaje al sector privado: \u201clos empresarios tienen que tener proyectos de inversi\u00f3n\u201d, marc\u00f3 y se\u00f1al\u00f3 que \u201cla trama industrial es la base de la generaci\u00f3n de trabajo. Los argentinos tenemos las capacidades que demanda el mundo. Hay mucha gente que no la est\u00e1 pasando. La realidad de muchas personas no es f\u00e1cil, hay mucha parte de la poblaci\u00f3n que no la est\u00e1 pasando bien y a ellos tenemos que apuntar\u201d.<\/p>\n<p>Algunas de sus definiciones:<\/p>\n<p><strong>Trabajo con las provincias<\/strong>: \u201chay que avanzar en la planificaci\u00f3n del desarrollo territorial, en el trabajo de que se ampl\u00ede la frontera productiva. Hay que trabajar con los gobernadores para que se incremente la oferta para bajar la presi\u00f3n inflacionaria. Necesitamos potenciar el trabajo de cada uno de los gobernadores, necesitamos una matriz productiva, m\u00e1s amplia, m\u00e1s compleja\u201d.<\/p>\n<p><strong>Exportaciones<\/strong>: \u201cNecesitamos exportar m\u00e1s, cuando exportamos producto terminado estamos exportando trabajo al resto del mundo. No queremos importar trabajo\u201d.<\/p>\n<p><strong>Inflaci\u00f3n<\/strong>: \u201cArgentina tiene inflaci\u00f3n alta sostenida desde hace 20 a\u00f1os, la inflaci\u00f3n tiene muchas causas, por lo que no se puede pensar en un \u00fanico instrumento. Si logramos en el mediano plazo converger a un estadio de solvencia y equilibrio fiscal eso va a ayudar\u201d.<\/p>\n<p><strong>Deuda en pesos<\/strong>: \u201ctodos los argentinos tenemos esta deuda, la que dejaron ellos (por el macrismo). Ellos defaultearon la deuda en pesos. Apelo a que la gente tenga memoria activa. La gente tiene que recordar que es un gobierno que endeud\u00f3 a nuestros hijos y nietos en 100 mil millones a 100 a\u00f1os. Eso afecta cuando uno va al supermercado. Hoy necesitamos que hoy todos estemos trabajando en un sendero para liberar el camino de la producci\u00f3n\u201d.<\/p>\n<p><strong>Bomba Leliqs<\/strong>: \u201cMe preocupa el segundo semestre porque hay muchos vencimientos, lo estamos trabajando desde esta ma\u00f1ana con el presidente del Banco Central. Los vamos a poder renovar, pero vamos a tener que estar sobre eso. Las tasas tienen que ser positivas, necesitamos instrumentos atractivos\u201d.<\/p>\n<p><strong>D\u00f3lar<\/strong>: \u201cel mercado blue es un mercado muy marginal, pero est\u00e1 en la consciencia colectiva de todos nosotros, como el Riesgo Pa\u00eds que se dispara medi\u00e1ticamente. Son mercados muy marginales, las grandes operaciones se hacen al tipo de cambio oficial que est\u00e1 en un sendero de equilibrio. Yo me siento c\u00f3moda con el tipo de cambio oficial. &nbsp;Son d\u00edas particulares porque se genera incertidumbre y malestar un cambio de ministro de Econom\u00eda, tenemos que esperar unos d\u00edas y evitar golpes de mercados\u201d.<\/p>\n<p><strong>Salario universal<\/strong>: \u201ces un tema que se viene trabajando en el mundo hace mucho tiempo y la revoluci\u00f3n 4.0 lo pone en discusi\u00f3n. No est\u00e1 resuelto, pero es una discusi\u00f3n que hay que dar\u201d.<\/p>\n<p><strong>FMI<\/strong>: \u201cEntendemos que el segundo trimestre las metas se va a cumplir. Ma\u00f1ana (por hoy) estar\u00e1 en contacto con el Fondo, est\u00e1n monitoreando las variables, hay que ir monitoreando todo y ellos tienen esa vocaci\u00f3n por la realidad del mundo\u201d.<\/p>\n<p><strong>Programas de precios<\/strong>: \u201cla inflaci\u00f3n en Argentina tiene muchas causas, una es la inercia y la necesidad que tienen los argentinos de cubrirse de la inflaci\u00f3n, salirse de la perdida. Vamos a hacer un abordaje integral. Los planes de control de precios son necesarios pero no son el \u00fanico instrumento, necesitamos la tasa de inter\u00e9s y otros instrumentos financieros para aquellos que puedan colocar su inversi\u00f3n a tasas atractivas\u201d.<\/p>\n<p><strong>Impuesto renta inesperada<\/strong>: \u201ces una v\u00eda justa. Los impuestos no son solo recaudatorios, tienen otras motivaciones. En este caso es totalmente justo, hay una renta inesperada que viene por la guerra, es una situaci\u00f3n in\u00e9dita y van a tener ganancias por la guerra y es justo que aporten. Tiene que ser un instrumento para la redistribuci\u00f3n de recursos que nos hacen bien a todos. Es para que todos los argentinos estemos mejor\u201d.<\/p>\n","protected":false},"excerpt":{"rendered":"<p>Silvina Batakis asumi\u00f3 ayer como nueva ministra de Econom\u00eda \u2013la segunda en la historia del pa\u00eds junto a Felisa Miceli- y dej\u00f3 las primeras definiciones en el marco de una entrevista en el canal oficialista C5N. En di\u00e1logo con Gustavo Silvestre y su equipo Batakis se refiri\u00f3 a algunos ejes que son clave en la [&hellip;]<\/p>\n","protected":false},"author":1,"featured_media":21623,"comment_status":"open","ping_status":"closed","sticky":false,"template":"","format":"standard","meta":[],"categories":[14],"tags":[],"_links":{"self":[{"href":"http:\/\/nuevacordoba.net\/index.php\/wp-json\/wp\/v2\/posts\/21622"}],"collection":[{"href":"http:\/\/nuevacordoba.net\/index.php\/wp-json\/wp\/v2\/posts"}],"about":[{"href":"http:\/\/nuevacordoba.net\/index.php\/wp-json\/wp\/v2\/types\/post"}],"author":[{"embeddable":true,"href":"http:\/\/nuevacordoba.net\/index.php\/wp-json\/wp\/v2\/users\/1"}],"replies":[{"embeddable":true,"href":"http:\/\/nuevacordoba.net\/index.php\/wp-json\/wp\/v2\/comments?post=21622"}],"version-history":[{"count":0,"href":"http:\/\/nuevacordoba.net\/index.php\/wp-json\/wp\/v2\/posts\/21622\/revisions"}],"wp:featuredmedia":[{"embeddable":true,"href":"http:\/\/nuevacordoba.net\/index.php\/wp-json\/wp\/v2\/media\/21623"}],"wp:attachment":[{"href":"http:\/\/nuevacordoba.net\/index.php\/wp-json\/wp\/v2\/media?parent=21622"}],"wp:term":[{"taxonomy":"category","embeddable":true,"href":"http:\/\/nuevacordoba.net\/index.php\/wp-json\/wp\/v2\/categories?post=21622"},{"taxonomy":"post_tag","embeddable":true,"href":"http:\/\/nuevacordoba.net\/index.php\/wp-json\/wp\/v2\/tags?post=21622"}],"curies":[{"name":"wp","href":"https:\/\/api.w.org\/{rel}","templated":true}]}}