{"id":21626,"date":"2022-07-05T09:25:46","date_gmt":"2022-07-05T09:25:46","guid":{"rendered":"http:\/\/nuevacordoba.net\/index.php\/2022\/07\/05\/independiente-recibe-al-invicto-platense-en-busca-de-la-recuperacion\/"},"modified":"2022-07-05T09:25:46","modified_gmt":"2022-07-05T09:25:46","slug":"independiente-recibe-al-invicto-platense-en-busca-de-la-recuperacion","status":"publish","type":"post","link":"http:\/\/nuevacordoba.net\/index.php\/2022\/07\/05\/independiente-recibe-al-invicto-platense-en-busca-de-la-recuperacion\/","title":{"rendered":"Independiente recibe al invicto Platense en busca de la recuperaci\u00f3n"},"content":{"rendered":"<div><img src=\"http:\/\/nuevacordoba.net\/wp-content\/uploads\/2022\/07\/independiente-recibe-al-invicto-platense-en-busca-de-la-recuperacion.jpg\" class=\"ff-og-image-inserted\"><\/div>\n<h3>\u00abNo soy el mismo de hace diez a\u00f1os pero tengo muchas ganas\u00bb, dijo \u00abChucky\u00bb Ferreyra<\/h3>\n<p>El delantero Facundo \u00abChucky\u00bb Ferreyra, flamante refuerzo de Independiente, reconoci\u00f3 que no es el mismo jugador que se fue a Europa \u00abhace diez a\u00f1os\u00bb pero volvi\u00f3 con \u00abm\u00e1s experiencia\u00bb y \u00abmuchas ganas\u00bb.<\/p>\n<p>El goleador, de 31 a\u00f1os, complet\u00f3 este lunes a la ma\u00f1ana la revisi\u00f3n m\u00e9dica y despu\u00e9s de la misma habl\u00f3 como nuevo jugador del \u00abRojo\u00bb, a la espera de la firma.<\/p>\n<p>\u00abOjal\u00e1 salga todo bien y pueda estar a disposici\u00f3n del t\u00e9cnico lo antes posible, si me toca estar en el primer partido estar\u00eda bueno\u00bb, manifest\u00f3 Ferreyra, de \u00faltimo paso por Xolos de Tijuana, en M\u00e9xico.<\/p>\n<p>\u00abMi idea era seguir en Tijuana, pero en la semana trajeron dos delanteros, no iba a tener el espacio y me decid\u00ed despu\u00e9s del llamado del Rolfi (Montenegro)\u00bb, cont\u00f3 el futbolista surgido de Banfield y con pasado en V\u00e9lez, que fue campe\u00f3n en ambos clubes.<\/p>\n<p>A mediados de 2013, el delantero fue vendido en casi 7 millones de euros al f\u00fatbol ucraniano y luego de pasar por cinco clubes volver\u00e1 al f\u00fatbol argentino.<\/p>\n<p>\u00abObviamente no soy el mismo que se fue hace diez a\u00f1os, pero vengo con muchas ganas y tengo m\u00e1s experiencia\u00bb, remarc\u00f3 Ferreyra, quien firmar\u00e1 su v\u00ednculo en las pr\u00f3ximas horas junto al defensor uruguayo Edgar Elizalde, procedente de Pe\u00f1arol.<\/p>\n<p>El marcador central que tambi\u00e9n puede desempe\u00f1arse como lateral izquierdo tambi\u00e9n pas\u00f3 los ex\u00e1menes m\u00e9dicos y se incorporar\u00e1 al plantel cuando vuelvan a los entrenamientos luego del partido de esta noche Platense en el cierre de la sexta fecha del torneo 2022 de la Liga Profesional.<\/p>\n<p>El \u00abRojo\u00bb de Eduardo Dom\u00ednguez ya cuenta con cuatro refuerzos: Iv\u00e1n Marcone, Gabriel Hachen, Elizalde y Ferreyra.<\/p>\n","protected":false},"excerpt":{"rendered":"<p>\u00abNo soy el mismo de hace diez a\u00f1os pero tengo muchas ganas\u00bb, dijo \u00abChucky\u00bb Ferreyra El delantero Facundo \u00abChucky\u00bb Ferreyra, flamante refuerzo de Independiente, reconoci\u00f3 que no es el mismo jugador que se fue a Europa \u00abhace diez a\u00f1os\u00bb pero volvi\u00f3 con \u00abm\u00e1s experiencia\u00bb y \u00abmuchas ganas\u00bb. El goleador, de 31 a\u00f1os, complet\u00f3 este lunes [&hellip;]<\/p>\n","protected":false},"author":1,"featured_media":21627,"comment_status":"closed","ping_status":"closed","sticky":false,"template":"","format":"standard","meta":[],"categories":[10],"tags":[],"_links":{"self":[{"href":"http:\/\/nuevacordoba.net\/index.php\/wp-json\/wp\/v2\/posts\/21626"}],"collection":[{"href":"http:\/\/nuevacordoba.net\/index.php\/wp-json\/wp\/v2\/posts"}],"about":[{"href":"http:\/\/nuevacordoba.net\/index.php\/wp-json\/wp\/v2\/types\/post"}],"author":[{"embeddable":true,"href":"http:\/\/nuevacordoba.net\/index.php\/wp-json\/wp\/v2\/users\/1"}],"replies":[{"embeddable":true,"href":"http:\/\/nuevacordoba.net\/index.php\/wp-json\/wp\/v2\/comments?post=21626"}],"version-history":[{"count":0,"href":"http:\/\/nuevacordoba.net\/index.php\/wp-json\/wp\/v2\/posts\/21626\/revisions"}],"wp:featuredmedia":[{"embeddable":true,"href":"http:\/\/nuevacordoba.net\/index.php\/wp-json\/wp\/v2\/media\/21627"}],"wp:attachment":[{"href":"http:\/\/nuevacordoba.net\/index.php\/wp-json\/wp\/v2\/media?parent=21626"}],"wp:term":[{"taxonomy":"category","embeddable":true,"href":"http:\/\/nuevacordoba.net\/index.php\/wp-json\/wp\/v2\/categories?post=21626"},{"taxonomy":"post_tag","embeddable":true,"href":"http:\/\/nuevacordoba.net\/index.php\/wp-json\/wp\/v2\/tags?post=21626"}],"curies":[{"name":"wp","href":"https:\/\/api.w.org\/{rel}","templated":true}]}}