{"id":21632,"date":"2022-07-05T10:35:05","date_gmt":"2022-07-05T10:35:05","guid":{"rendered":"http:\/\/nuevacordoba.net\/index.php\/2022\/07\/05\/seis-muertos-en-otro-tiroteo-que-empana-los-festejos-del-4-de-julio-en-los-eeuu\/"},"modified":"2022-07-05T10:35:05","modified_gmt":"2022-07-05T10:35:05","slug":"seis-muertos-en-otro-tiroteo-que-empana-los-festejos-del-4-de-julio-en-los-eeuu","status":"publish","type":"post","link":"http:\/\/nuevacordoba.net\/index.php\/2022\/07\/05\/seis-muertos-en-otro-tiroteo-que-empana-los-festejos-del-4-de-julio-en-los-eeuu\/","title":{"rendered":"Seis muertos en otro tiroteo que empa\u00f1a los festejos del 4 de julio en los EEUU"},"content":{"rendered":"<figure class=\"mb-3\"><img loading=\"lazy\" src=\"http:\/\/nuevacordoba.net\/wp-content\/uploads\/2022\/07\/seis-muertos-en-otro-tiroteo-que-empana-los-festejos-del-4-de-julio-en-los-eeuu.jpg\" width=\"100%\" height=\"100%\" alt=\"El tiroteo ocurri durante un desfile Foto AFP \"><figcaption> El tiroteo ocurri\u00f3 durante un desfile. Foto: AFP. <\/figcaption><\/figure>\n<p>Seis personas murieron este lunes y otras 24 resultaron heridas cuando un hombre, detenido despu\u00e9s en una autopista, abri\u00f3 fuego con un rifle desde un techo durante un desfile por la Independencia de Estados Unidos en las afueras de Chicago, lo que convirti\u00f3 al d\u00eda que suele ser una demostraci\u00f3n c\u00edvica de patriotismo en una nueva escena de p\u00e1nico que vuelve a sacudir a un pa\u00eds divido acerca de la portaci\u00f3n de armas de fuego.<\/p>\n<p><strong>El presunto autor del tiroteo fue identificado como Robert E Crimo III, un joven de 22 a\u00f1os, que fue descrito por la polic\u00eda como \u00abpeligroso\u00bb, dijo el comandante de la Polic\u00eda local, Chris O&#8217;Neil.<\/strong><\/p>\n<p>Pero horas despu\u00e9s fue detenido mientras conduc\u00eda por una autopista el auto Honda Fit Silver del 2010, color plateado, que hab\u00eda sido reportado previamente por las autoridades.<\/p>\n<p>Videos publicados por algunos medios mostraron que no opuso resistencia.<\/p>\n<div class=\"video_repositive\"> <a class=\"video_sticky\" href=\"javascript:void();\" onclick=\"removeStuckVideo(true);\"><i class=\"far fa-window-close\"><\/i><\/a> <\/p>\n<div id=\"x3qTnyU3fPQ\" class=\"video_telam\" readability=\"6\">\n<div class=\"feature_article_inner\" readability=\"32\">\n<p><h2 class=\"text-center\">Tiroteo en un desfile del D\u00eda de la Independencia<\/h2>\n<\/p><\/div>\n<p>VER VIDEO <i class=\"fas fa-play\"><\/i><\/p>\n<\/p><\/div><\/div>\n<p><strong>El tiroteo ocurri\u00f3 en el suburbio de Highland Park, una localidad de unos 30.000 habitantes, al norte de Chicago<\/strong>, llinois, uno de los cinco estados en los que est\u00e1 prohibida la tenencia de armas de fuego en un sitio p\u00fablico.<\/p>\n<p>\u00abDos docenas de personas han sido transportadas al hospital de Highland Park. Se ha confirmado la muerte de seis\u00bb, dijo a los periodistas O&#8217;Neil.<\/p>\n<p>La polic\u00eda dijo que se hallaron \u00abpruebas de arma de fuego\u00bb en un techo cercano.<\/p>\n<p><strong>\u00abTodo indica que (el sospechoso) era discreto, era muy dif\u00edcil de ver\u00bb<\/strong>, hab\u00eda dicho el portavoz de la fuerza de cr\u00edmenes mayores del condado de Lake, Christopher Covelli, sobre Crimo III.<\/p>\n<p>Un ciudadano mexicano es parte de las seis v\u00edctimas fatales, inform\u00f3 el gobierno de M\u00e9xico.<\/p>\n<p>\u00abLamentablemente, hemos confirmado una persona de nacionalidad mexicana fallecida por disparo de arma de fuego en Highland Park\u00bb, dijo Roberto Velasco, jefe de la unidad para Am\u00e9rica del Norte de la Canciller\u00eda, v\u00eda Twitter.<\/p>\n<p>El funcionario indic\u00f3 tambi\u00e9n que dos de los heridos son \u00abde origen mexicano\u00bb.<\/p>\n<blockquote class=\"twitter-tweet\" readability=\"8.6086956521739\">\n<p lang=\"en\" dir=\"ltr\">While we celebrate the Fourth of July, I am thinking of the countless service members who have pledged their lives to defend our nation and democracy around the world. <\/p>\n<p>We are forever in debt to those who sacrifice so much to keep us safe.<\/p>\n<p>\u2014 Joe Biden (@JoeBiden) <a href=\"https:\/\/twitter.com\/JoeBiden\/status\/1543965370368901122?ref_src=twsrc%5Etfw\">July 4, 2022<\/a><\/p><\/blockquote>\n<p><strong>El 4 de julio de de 1776 Estados Unidos se declar\u00f3 una naci\u00f3n independiente del poder brit\u00e1nico<\/strong>. <strong>Es un d\u00eda feriado en todo el pa\u00eds y los estadounidenses acuden en masas a los desfiles, como este de Highland Park,<\/strong> que comenz\u00f3 alrededor de las 10 y se detuvo repentinamente 10 minutos despu\u00e9s, cuando se escucharon disparos.<\/p>\n<p>Con los estampidos, cientos de personas, algunos visiblemente ensangrentados, huyeron de la ruta del desfile, dejando atr\u00e1s sillas, cochecitos de beb\u00e9 y mantas, seg\u00fan se observa en los videos publicados en las redes sociales.<\/p>\n<p><strong>\u201cEl 4 de julio es un d\u00eda sagrado en nuestro pa\u00eds: es un momento para celebrar la bondad de nuestra naci\u00f3n, la \u00fanica naci\u00f3n en la tierra fundada en base a una idea: que todas las personas son creadas iguales\u201d, tuite\u00f3 el presidente Joe Biden.<\/strong><\/p>\n<p>\u201cNo se equivoquen, nuestros mejores d\u00edas a\u00fan est\u00e1n por venir\u201d, se\u00f1al\u00f3.<\/p>\n<p>\u201cJill y yo estamos conmocionados por la violencia armada sin sentido que una vez m\u00e1s ha causado dolor a una comunidad estadounidense en este D\u00eda de la Independencia\u201d, dijo Biden en un comunicado.<\/p>\n<p>\u00abHabl\u00e9 con el gobernador (Jay Robert) Pritzker y la alcaldesa (Nancy) Rotering, y ofrec\u00ed todo el apoyo del gobierno federal a sus comunidades. Tambi\u00e9n ped\u00ed a las fuerzas del orden p\u00fablico federales que ayudaran en la b\u00fasqueda urgente del tirador\u00bb, agreg\u00f3, cuando el atacante a\u00fan estaba pr\u00f3fugo.<\/p>\n<p><strong>\u00abEl dolor no traer\u00e1 de vuelta a las v\u00edctimas, y las oraciones por s\u00ed solas no detendr\u00e1n el terror de la violencia armada desenfrenada en nuestro pa\u00eds\u00bb, dijo el gobernador dem\u00f3crata de Illinois<\/strong>, Pritzker.<\/p>\n<p>\u00abMe mantendr\u00e9 firme con los habitantes de Illinois y los estadounidenses: debemos, y lo haremos, terminar con esta plaga de violencia armada\u00bb.<\/p>\n<figure class=\"mb-3\"><img loading=\"lazy\" src=\"http:\/\/nuevacordoba.net\/wp-content\/uploads\/2022\/07\/seis-muertos-en-otro-tiroteo-que-empana-los-festejos-del-4-de-julio-en-los-eeuu-1.jpg\" width=\"100%\" height=\"100%\" alt=\"Foto AFP \"><figcaption> Foto: AFP. <\/figcaption><\/figure>\n<p>M\u00e1s temprano, el jefe de polic\u00eda del municipio de Highland Park, Chris O\u2019Neill, hab\u00eda dicho en conferencia de prensa que el tirador es un hombre blanco de entre 18 y 20 a\u00f1os \u2013tiene 22- y de pelo negro y largo, que vest\u00eda remera blanca o celeste.<\/p>\n<p>\u00abEstamos buscando agresivamente al individuo responsable\u00bb, dijo a los periodistas el portavoz del departamento del alguacil, Christopher Covelli. \u00abPodr\u00eda estar en la ciudad; podr\u00eda estar en otro lugar\u00bb.<\/p>\n<p><strong>El video de la escena mostr\u00f3 el caos que se desarroll\u00f3 en el pac\u00edfico suburbio de North Shore. Los padres estaban sentados en la acera de la ruta del desfile disfrutando de la banda de m\u00fasica cuando los m\u00fasicos de repente comenzaron a correr para salvar sus vidas<\/strong>. Las familias se alejaron corriendo de la ruta del desfile, dejando atr\u00e1s cientos de sillas de jard\u00edn vac\u00edas, cochecitos, bebidas y globos.<\/p>\n<p><strong>Highland Park fue el escenario de una gran reuni\u00f3n en apoyo del control de armas el 11 de junio<\/strong>. La manifestaci\u00f3n March for Our Lives fue una de las cientos que se llevaron a cabo en todo el pa\u00eds con el objetivo de presionar a los legisladores para que tomen medidas bipartidistas al respecto.<\/p>\n<p><strong>Biden firm\u00f3 el mes pasado el proyecto de ley sobre violencia con armas de fuego de mayor alcance aprobado por el Congreso en d\u00e9cadas<\/strong>, un compromiso que mostr\u00f3 tanto el progreso en un tema intratable durante mucho tiempo como la divisi\u00f3n partidista profundamente arraigada que persiste.<\/p>\n<p>El tiroteo se produce poco despu\u00e9s de una masacre el 24 de mayo de 19 escolares y dos maestros en una escuela primaria en Uvalde, Texas. Antes, el 14 de mayo, un supremacista blanco mat\u00f3 a tiros a 10 personas negras en una tienda de comestibles en Buffalo, Nueva York.<\/p>\n<p>Y sucede menos de diez d\u00edas despu\u00e9s de que la Corte Suprema fall\u00f3 a favor de una expansi\u00f3n de los derechos de tenencia de armas de fuego en Estados Unidos pese a la ola de tiroteos masivos.<\/p>\n<p>Y encuentra una sociedad polarizada con una Corte que lanz\u00f3 recientes fallos hist\u00f3ricos que pusieron fin al derecho constitucional al aborto, ampliaron los derechos de portaci\u00f3n de armas y redujeron la autoridad del gobierno para regular las emisiones de las centrales el\u00e9ctricas.<\/p>\n<p>Adem\u00e1s, en estos d\u00edas, las audiencias del Congreso ofrecen testimonio sobre lo cerca que estuvo el expresidente Donald Trump y una mafia violenta que lo apoy\u00f3 el 6 de enero de 2021 de anular las elecciones de noviembre de 2020 que llevaron a Biden a la Casa Blanca.<\/p>\n","protected":false},"excerpt":{"rendered":"<p>El tiroteo ocurri\u00f3 durante un desfile. Foto: AFP. Seis personas murieron este lunes y otras 24 resultaron heridas cuando un hombre, detenido despu\u00e9s en una autopista, abri\u00f3 fuego con un rifle desde un techo durante un desfile por la Independencia de Estados Unidos en las afueras de Chicago, lo que convirti\u00f3 al d\u00eda que suele [&hellip;]<\/p>\n","protected":false},"author":1,"featured_media":21633,"comment_status":"closed","ping_status":"closed","sticky":false,"template":"","format":"standard","meta":[],"categories":[13],"tags":[],"_links":{"self":[{"href":"http:\/\/nuevacordoba.net\/index.php\/wp-json\/wp\/v2\/posts\/21632"}],"collection":[{"href":"http:\/\/nuevacordoba.net\/index.php\/wp-json\/wp\/v2\/posts"}],"about":[{"href":"http:\/\/nuevacordoba.net\/index.php\/wp-json\/wp\/v2\/types\/post"}],"author":[{"embeddable":true,"href":"http:\/\/nuevacordoba.net\/index.php\/wp-json\/wp\/v2\/users\/1"}],"replies":[{"embeddable":true,"href":"http:\/\/nuevacordoba.net\/index.php\/wp-json\/wp\/v2\/comments?post=21632"}],"version-history":[{"count":0,"href":"http:\/\/nuevacordoba.net\/index.php\/wp-json\/wp\/v2\/posts\/21632\/revisions"}],"wp:featuredmedia":[{"embeddable":true,"href":"http:\/\/nuevacordoba.net\/index.php\/wp-json\/wp\/v2\/media\/21633"}],"wp:attachment":[{"href":"http:\/\/nuevacordoba.net\/index.php\/wp-json\/wp\/v2\/media?parent=21632"}],"wp:term":[{"taxonomy":"category","embeddable":true,"href":"http:\/\/nuevacordoba.net\/index.php\/wp-json\/wp\/v2\/categories?post=21632"},{"taxonomy":"post_tag","embeddable":true,"href":"http:\/\/nuevacordoba.net\/index.php\/wp-json\/wp\/v2\/tags?post=21632"}],"curies":[{"name":"wp","href":"https:\/\/api.w.org\/{rel}","templated":true}]}}