{"id":21634,"date":"2022-07-04T20:45:21","date_gmt":"2022-07-04T20:45:21","guid":{"rendered":"https:\/\/www.ole.com.ar\/autos\/guanyu-zhou-accidente-formula1-f1_0_ZeKxG56Uve.html"},"modified":"2022-07-04T20:45:21","modified_gmt":"2022-07-04T20:45:21","slug":"zhou-el-halo-me-salvo-la-vida","status":"publish","type":"post","link":"http:\/\/nuevacordoba.net\/index.php\/2022\/07\/04\/zhou-el-halo-me-salvo-la-vida\/","title":{"rendered":"Zhou: \u00abEl halo me salv\u00f3 la vida\u00bb"},"content":{"rendered":"<p>La largada del <strong>Gran Premio de Silverstone<\/strong> de la <a alt=\"formula-1\" class=\"slug\" href=\"https:\/\/www.ole.com.ar\/tema\/formula-1.html\" target=\"_blank\" title=\"formula-1\" rel=\"noopener\">F\u00f3rmula 1<\/a>&nbsp;del pasado domingo&nbsp;podr\u00eda haber terminado en tragedia para el piloto<strong> Guanyu Zhou<\/strong>,<a target=\"_blank\" href=\"https:\/\/www.ole.com.ar\/autos\/formula-1-zhou-halo-senna-hamilton-autos_0_nXCp3Qhrc0.html\" rel=\"noopener\"><strong> a quien el halo le salv\u00f3 la vida<\/strong><\/a>. Las impactantes im\u00e1genes de su accidente en la primera curva causaron preocupaci\u00f3n y dieron la vuelta al mundo, pero finalmente, <strong>el chino result\u00f3 ileso y coment\u00f3 c\u00f3mo vivi\u00f3 el brutal accidente<\/strong>.<\/p>\n<div class=\"sp__Normal\">\n<div class=\"image-embeb image-trigger\" readability=\"6.5\">\n<picture><source media=\"(min-width: 720px)\" srcset=\"http:\/\/nuevacordoba.net\/wp-content\/uploads\/2022\/07\/zhou-el-halo-me-salvo-la-vida.jpg\"><img itemprop=\"image\" src=\"http:\/\/nuevacordoba.net\/wp-content\/uploads\/2022\/07\/zhou-el-halo-me-salvo-la-vida.jpg\" loading=\"lazy\" alt=\"As\u00ed retiraron a Guanyu Zhou, quien result\u00f3 ileso.\">\n<\/picture><figcaption readability=\"3\">\n<p>As\u00ed retiraron a Guanyu Zhou, quien result\u00f3 ileso.\n<\/p>\n<\/figcaption><\/div>\n<\/div>\n<p> Cuando reci\u00e9n se estaba llevando a cabo la primera vuelta de la d\u00e9cima fecha del torneo, despu\u00e9s una cadena de choques, <strong>el Alfa Romeo de Zhou recorri\u00f3 m\u00e1s de 200 metros cabeza abajo hasta estrellarse detr\u00e1s de las barreras de contenci\u00f3n<\/strong>. El accidente alarm\u00f3, no solo por su magnitud, sino&nbsp;porque<strong> una de las principales medidas de prevenci\u00f3n de los monoplazas fall\u00f3<\/strong>.<\/p>\n<div class=\"sp__SM\">\n<div class=\"content-new \">\n<span class=\"tit-mobile\">Mir\u00e1 tambi\u00e9n<\/span><\/p>\n<div class=\"mg\">\n<div class=\"wrap-figure\">\n<picture>\n<a href=\"https:\/\/www.ole.com.ar\/autos\/llaver-hablo-victoria_0_SzqKCKoBAE.html\" target=\"_self\" rel=\"noopener\"><br \/>\n<img class=\"img-responsive\" alt=\"&quot;Ten\u00eda el mejor auto&quot;\" src=\"http:\/\/nuevacordoba.net\/wp-content\/uploads\/2022\/07\/zhou-el-halo-me-salvo-la-vida-1.jpg\" loading=\"lazy\"><br \/>\n<\/a>\n<\/picture>\n<\/div>\n<\/div><\/div>\n<\/div>\n<p>La estructura antivuelcos del coche se rompi\u00f3 en el impact\u00f3 y<strong> fue el halo lo que termin\u00f3 evitando que la cabeza del chino impactara contra el suelo<\/strong>. \u201cEl halo me salv\u00f3 la vida, sin dudarlo. <strong>Eso demuestra que cada paso que damos para mejorar nuestros coches tiene resultados reales y valiosos<\/strong>\u201d, sostuvo el asi\u00e1tico de 23 a\u00f1os, a trav\u00e9s de un comunicado a la prensa que emiti\u00f3 la escuder\u00eda italiana.&nbsp;<\/p>\n<div class=\"sp__Normal\">\n<div class=\"image-embeb image-trigger\" readability=\"6\">\n<picture><source media=\"(min-width: 720px)\" srcset=\"http:\/\/nuevacordoba.net\/wp-content\/uploads\/2022\/07\/zhou-el-halo-me-salvo-la-vida-2.jpg\"><img itemprop=\"image\" src=\"http:\/\/nuevacordoba.net\/wp-content\/uploads\/2022\/07\/zhou-el-halo-me-salvo-la-vida-2.jpg\" loading=\"lazy\" alt=\"En esta posici\u00f3n qued\u00f3 el Alfa Romeo de Zhou luego de atravesar las gomas de contenci\u00f3n.\">\n<\/picture><figcaption readability=\"2\">\n<p>En esta posici\u00f3n qued\u00f3 el Alfa Romeo de Zhou luego de atravesar las gomas de contenci\u00f3n.\n<\/p>\n<\/figcaption><\/div>\n<\/div>\n<p> \u201cLos comisarios y el equipo m\u00e9dico de pista estuvieron fant\u00e1sticos con su r\u00e1pida respuesta. <strong>Tambi\u00e9n debo agradecer a la FIA y a la F\u00f3rmula 1 por todo el trabajo que hicieron<\/strong>\u201d, agreg\u00f3 Zhou, quien pese a haber aterrizado sobre el alambrado de contenci\u00f3n, <strong>no sufri\u00f3 consecuencias<\/strong>. Incluso, asegur\u00f3 estar listo para el pr\u00f3ximo gran premio: \u201c<strong>Tengo m\u00e1s ganas que nunca de volver a la pista y hacer lo que me gusta. Estoy en forma y estoy deseando llegar a Austria la semana que viene<\/strong>\u201d.<\/p>\n<div class=\"sp__SM\">\n<div class=\"content-new \">\n<span class=\"tit-mobile\">Mir\u00e1 tambi\u00e9n<\/span><\/p>\n<div class=\"mg\">\n<div class=\"wrap-figure\">\n<picture>\n<a href=\"https:\/\/www.ole.com.ar\/autos\/formula-1-zhou-halo-senna-hamilton-autos_0_nXCp3Qhrc0.html\" target=\"_self\" rel=\"noopener\"><br \/>\n<img class=\"img-responsive\" alt=\"El halo, campe\u00f3n mundial de F\u00f3rmula 1\" src=\"http:\/\/nuevacordoba.net\/wp-content\/uploads\/2022\/07\/zhou-el-halo-me-salvo-la-vida-3.jpg\" loading=\"lazy\"><br \/>\n<\/a>\n<\/picture>\n<\/div>\n<\/div><\/div>\n<\/div>\n<p><a alt=\"george-rusell\" class=\"slug\" href=\"https:\/\/www.ole.com.ar\/tema\/george-rusell.html\" target=\"_blank\" title=\"george-rusell\" rel=\"noopener\">George Russell,<\/a> quien tambi\u00e9n fue uno de los protagonistas del hecho, <strong>puso en juicio las medidas de seguridad de los circuitos<\/strong>, luego de que su colega saliera volando sobre las vallas de contenci\u00f3n. \u00ab<strong>Creo que tenemos que empezar a estudiar c\u00f3mo evitar que alguien quede atrapado entre la valla y las pilas de neum\u00e1ticos<\/strong>. Estaba atascado y no pod\u00eda moverse\u201d, fueron las palabras del piloto de <a alt=\"mercedes-benz\" class=\"slug\" href=\"https:\/\/www.ole.com.ar\/tema\/mercedes-benz.html\" target=\"_blank\" title=\"mercedes-benz\" rel=\"noopener\">Mercedes<\/a>.<\/p>\n<div class=\"sp__Normal\">\n<div class=\"image-embeb image-trigger\" readability=\"6\">\n<picture><source media=\"(min-width: 720px)\" srcset=\"http:\/\/nuevacordoba.net\/wp-content\/uploads\/2022\/07\/zhou-el-halo-me-salvo-la-vida-4.jpg\"><img itemprop=\"image\" src=\"http:\/\/nuevacordoba.net\/wp-content\/uploads\/2022\/07\/zhou-el-halo-me-salvo-la-vida-4.jpg\" loading=\"lazy\" alt=\"Russell fue el primer piloto en llegar y estuvo presente en toda la extracci\u00f3n de Zhou de su auto.\">\n<\/picture><figcaption readability=\"2\">\n<p>Russell fue el primer piloto en llegar y estuvo presente en toda la extracci\u00f3n de Zhou de su auto.\n<\/p>\n<\/figcaption><\/div>\n<\/div>\n<p>El brutal accidente no s\u00f3lo asust\u00f3 a los espectadores, sino tambi\u00e9n a&nbsp;<strong>los mismos pilotos, quienes&nbsp;se vieron afectados<\/strong>. <a alt=\"checo-perez\" class=\"slug\" href=\"https:\/\/www.ole.com.ar\/tema\/checo-perez.html\" target=\"_blank\" title=\"checo-perez\" rel=\"noopener\">Sergio P\u00e9rez<\/a>, que&nbsp;obtuvo el segundo lugar el domingo, revel\u00f3 sus sensaciones &nbsp;del suceso. \u00abHac\u00eda tiempo que no ve\u00edamos un accidente as\u00ed. <strong>Es dif\u00edcil ver eso cuando est\u00e1s corriendo. Uno trata&nbsp;de borrarlo de la mente y de concentrarse&nbsp;en lo que necesita&nbsp;hacer, pero no es sencillo<\/strong>\u00ab, dijo el mexicano para Sky Sports.<\/p>\n<div class=\"sp__SM\">\n<div class=\"content-new \">\n<span class=\"tit-mobile\">Mir\u00e1 tambi\u00e9n<\/span><\/p>\n<div class=\"mg\">\n<div class=\"wrap-figure\">\n<picture>\n<a href=\"https:\/\/www.ole.com.ar\/hockey\/leonas-agustina-gorzelany-mundial-goles_0_xy1rdOPhTL.html\" target=\"_self\" rel=\"noopener\"><br \/>\n<img class=\"img-responsive\" alt=\"Gorzelany, la goleadora de Las Leonas que tiene un padre h\u00e9roe de Malvinas\" src=\"http:\/\/nuevacordoba.net\/wp-content\/uploads\/2022\/07\/zhou-el-halo-me-salvo-la-vida-5.jpg\" loading=\"lazy\"><br \/>\n<\/a>\n<\/picture>\n<\/div>\n<\/div><\/div>\n<\/div>\n<h2><strong>El pr\u00f3ximo Gran Premio&nbsp;<\/strong><\/h2>\n<p>El pr\u00f3ximo fin de semana se pondr\u00e1 en marcha la <strong>11\u00aa fecha de la F\u00f3rmula 1<\/strong>, en el aut\u00f3dromo <strong>Red Bull Racing de Austria<\/strong>. Constar\u00e1 de un&nbsp;<strong>Sprint el s\u00e1bado a las 11.30<\/strong> y la carrera <strong>del domingo 10 de julio a las 10.<\/strong><\/p>\n<div class=\"sp__Normal\">\n<div class=\"image-embeb image-trigger\" readability=\"6\">\n<picture><source media=\"(min-width: 720px)\" srcset=\"http:\/\/nuevacordoba.net\/wp-content\/uploads\/2022\/07\/zhou-el-halo-me-salvo-la-vida-6.jpg\"><img itemprop=\"image\" src=\"http:\/\/nuevacordoba.net\/wp-content\/uploads\/2022\/07\/zhou-el-halo-me-salvo-la-vida-6.jpg\" loading=\"lazy\" alt=\"Carlos Sainz consigui\u00f3 su primera victoria en la F1.\">\n<\/picture><figcaption readability=\"2\">\n<p>Carlos Sainz consigui\u00f3 su primera victoria en la F1.\n<\/p>\n<\/figcaption><\/div>\n<\/div>\n<p>Con su victoria el pasado fin de semana,<a alt=\"carlos-sainz\" class=\"slug\" href=\"https:\/\/www.ole.com.ar\/tema\/carlos-sainz.html\" target=\"_blank\" title=\"carlos-sainz\" rel=\"noopener\"> Carlos Sainz<\/a> (Ferrari) subi\u00f3 a la cuarta posici\u00f3n de la tabla y, de ese modo, super\u00f3 al brit\u00e1nico <a alt=\"george-rusell\" class=\"slug\" href=\"https:\/\/www.ole.com.ar\/tema\/george-rusell.html\" target=\"_blank\" title=\"george-rusell\" rel=\"noopener\">George Russel<\/a> (Mercedes). El podio se mantiene igual, con la pareja de Red Bull, <a alt=\"max-verstappen\" class=\"slug\" href=\"https:\/\/www.ole.com.ar\/tema\/max-verstappen.html\" target=\"_blank\" title=\"max-verstappen\" rel=\"noopener\">Max Verstappen <\/a>y <a alt=\"sergio-perez\" class=\"slug\" href=\"https:\/\/www.ole.com.ar\/tema\/sergio-perez.html\" target=\"_blank\" title=\"sergio-perez\" rel=\"noopener\">Sergio P\u00e9rez<\/a> en primero y segundo lugar, respectivamente,&nbsp;y <a alt=\"charles-leclerc\" class=\"slug\" href=\"https:\/\/www.ole.com.ar\/tema\/charles-leclerc.html\" target=\"_blank\" title=\"charles-leclerc\" rel=\"noopener\">Charles Leclerc <\/a>(Ferrari) en el tercer puesto.<\/p>\n<div class=\"entry-tags\">\n<h2>TEMAS QUE APARECEN EN ESTA NOTA<\/h2>\n<\/p><\/div>\n","protected":false},"excerpt":{"rendered":"<p>La largada del Gran Premio de Silverstone de la F\u00f3rmula 1&nbsp;del pasado domingo&nbsp;podr\u00eda haber terminado en tragedia para el piloto Guanyu Zhou, a quien el halo le salv\u00f3 la vida. Las impactantes im\u00e1genes de su accidente en la primera curva causaron preocupaci\u00f3n y dieron la vuelta al mundo, pero finalmente, el chino result\u00f3 ileso y [&hellip;]<\/p>\n","protected":false},"author":1,"featured_media":21635,"comment_status":"closed","ping_status":"closed","sticky":false,"template":"","format":"standard","meta":[],"categories":[10],"tags":[],"_links":{"self":[{"href":"http:\/\/nuevacordoba.net\/index.php\/wp-json\/wp\/v2\/posts\/21634"}],"collection":[{"href":"http:\/\/nuevacordoba.net\/index.php\/wp-json\/wp\/v2\/posts"}],"about":[{"href":"http:\/\/nuevacordoba.net\/index.php\/wp-json\/wp\/v2\/types\/post"}],"author":[{"embeddable":true,"href":"http:\/\/nuevacordoba.net\/index.php\/wp-json\/wp\/v2\/users\/1"}],"replies":[{"embeddable":true,"href":"http:\/\/nuevacordoba.net\/index.php\/wp-json\/wp\/v2\/comments?post=21634"}],"version-history":[{"count":0,"href":"http:\/\/nuevacordoba.net\/index.php\/wp-json\/wp\/v2\/posts\/21634\/revisions"}],"wp:featuredmedia":[{"embeddable":true,"href":"http:\/\/nuevacordoba.net\/index.php\/wp-json\/wp\/v2\/media\/21635"}],"wp:attachment":[{"href":"http:\/\/nuevacordoba.net\/index.php\/wp-json\/wp\/v2\/media?parent=21634"}],"wp:term":[{"taxonomy":"category","embeddable":true,"href":"http:\/\/nuevacordoba.net\/index.php\/wp-json\/wp\/v2\/categories?post=21634"},{"taxonomy":"post_tag","embeddable":true,"href":"http:\/\/nuevacordoba.net\/index.php\/wp-json\/wp\/v2\/tags?post=21634"}],"curies":[{"name":"wp","href":"https:\/\/api.w.org\/{rel}","templated":true}]}}