{"id":21636,"date":"2022-07-04T23:05:36","date_gmt":"2022-07-04T23:05:36","guid":{"rendered":"https:\/\/www.ole.com.ar\/futbol-ascenso\/independiente-racing-_0_KL6ho8V6jn.html"},"modified":"2022-07-04T23:05:36","modified_gmt":"2022-07-04T23:05:36","slug":"lo-quiso-racing-jugo-en-independiente-y-es-goleador-en-el-nacional","status":"publish","type":"post","link":"http:\/\/nuevacordoba.net\/index.php\/2022\/07\/04\/lo-quiso-racing-jugo-en-independiente-y-es-goleador-en-el-nacional\/","title":{"rendered":"Lo quiso Racing, jug\u00f3 en Independiente y es goleador en el Nacional"},"content":{"rendered":"<p>De sus inicios en la<strong> Primera Divisi\u00f3n<\/strong> del f\u00fatbol argentino&nbsp;a ser el goleador del torneo de Primera Nacional en la actualidad. <strong>Gabriel Graciani,<\/strong>&nbsp;volante de 28 a\u00f1os, habl\u00f3 con <strong>Ol\u00e9 <\/strong>sobre su presente, el de <strong>Instituto de C\u00f3rdoba <\/strong>y c\u00f3mo fue jugar en un grande como <strong><a alt=\"club-atletico-independiente\" class=\"slug\" href=\"https:\/\/www.ole.com.ar\/tema\/club-atletico-independiente.html\" target=\"_blank\" title=\"club-atletico-independiente\" rel=\"noopener\">Independiente<\/a>.<\/strong> Adem\u00e1s, tuvo su paso por<strong> <a alt=\"colon\" class=\"slug\" href=\"https:\/\/www.ole.com.ar\/tema\/colon.html\" target=\"_blank\" title=\"colon\" rel=\"noopener\">Col\u00f3n<\/a>, <\/strong>all\u00ed <strong>Racing<\/strong> pidi\u00f3&nbsp;pretensiones por \u00e9l, <a alt=\"estudiantes-de-la-plata\" class=\"slug\" href=\"https:\/\/www.ole.com.ar\/tema\/estudiantes-de-la-plata.html\" target=\"_blank\" title=\"estudiantes-de-la-plata\" rel=\"noopener\">Estudiantes de La Plata<\/a>,<a alt=\"patronato\" class=\"slug\" href=\"https:\/\/www.ole.com.ar\/tema\/patronato.html\" target=\"_blank\" title=\"patronato\" rel=\"noopener\"><strong> Patronato<\/strong> <\/a>y <strong><a alt=\"sarmiento-de-junin\" class=\"slug\" href=\"https:\/\/www.ole.com.ar\/tema\/sarmiento-de-junin.html\" target=\"_blank\" title=\"sarmiento-de-junin\" rel=\"noopener\">Sarmiento de Jun\u00edn<\/a><\/strong>, entre otros.<\/p>\n<div class=\"sp__Normal\">\n<div class=\"image-embeb image-trigger\" readability=\"6\">\n<picture><source media=\"(min-width: 720px)\" srcset=\"http:\/\/nuevacordoba.net\/wp-content\/uploads\/2022\/07\/lo-quiso-racing-jugo-en-independiente-y-es-goleador-en-el-nacional.jpg\"><img itemprop=\"image\" src=\"http:\/\/nuevacordoba.net\/wp-content\/uploads\/2022\/07\/lo-quiso-racing-jugo-en-independiente-y-es-goleador-en-el-nacional.jpg\" loading=\"lazy\" alt=\"Graciani con la camiseta de Estudiantes de La Plata.\">\n<\/picture><figcaption readability=\"2\">\n<p>Graciani con la camiseta de Estudiantes de La Plata.\n<\/p>\n<\/figcaption><\/div>\n<\/div>\n<p> <strong>-Jugaste en Independiente, Col\u00f3n, te quiso Racing, Estudiantes, \u00bfc\u00f3mo eval\u00faas tu paso por los clubes grandes del f\u00fatbol argentino?<\/strong><\/p>\n<p>-A nivel personal tuve la suerte de estar en clubes grandes. He tenido tambi\u00e9n la fuerza para resurgir. Es muy dif\u00edcil cuando no te va bien y uno tiene bajones. Son etapas que las pude superar. Ahora lo estoy aprovechando y disfrutando mucho, me est\u00e1 yendo bien. Estoy en un gran club,&nbsp;muy grande para la categor\u00eda, con mucha gente. Quiero seguir progresando, que es lo que me gusta.<\/p>\n<div class=\"sp__Normal\">\n<div class=\"image-embeb image-trigger\" readability=\"6\">\n<picture><source media=\"(min-width: 720px)\" srcset=\"http:\/\/nuevacordoba.net\/wp-content\/uploads\/2022\/07\/lo-quiso-racing-jugo-en-independiente-y-es-goleador-en-el-nacional-1.jpg\"><img itemprop=\"image\" src=\"http:\/\/nuevacordoba.net\/wp-content\/uploads\/2022\/07\/lo-quiso-racing-jugo-en-independiente-y-es-goleador-en-el-nacional-1.jpg\" loading=\"lazy\" alt=\"El Tano festeja un gol con la camiseta del Sabalero.\">\n<\/picture><figcaption readability=\"2\">\n<p>El Tano festeja un gol con la camiseta del Sabalero.\n<\/p>\n<\/figcaption><\/div>\n<\/div>\n<div class=\"sp__SM\">\n<div class=\"content-new \">\n<span class=\"tit-mobile\">Mir\u00e1 tambi\u00e9n<\/span><\/p>\n<div class=\"mg\">\n<div class=\"wrap-figure\">\n<picture>\n<a href=\"https:\/\/www.ole.com.ar\/futbol-ascenso\/ascenso-primera-c-lamadrid-argentino_0_lUEYrIOm12.html\" target=\"_self\" rel=\"noopener\"><br \/>\n<img class=\"img-responsive\" alt=\"Argentino de Merlo gan\u00f3 y se ilusiona con el Clausura\" src=\"http:\/\/nuevacordoba.net\/wp-content\/uploads\/2022\/07\/lo-quiso-racing-jugo-en-independiente-y-es-goleador-en-el-nacional-2.jpg\" loading=\"lazy\"><br \/>\n<\/a>\n<\/picture>\n<\/div>\n<\/div><\/div>\n<\/div>\n<p>En la actualidad, el futbolista oriundo de <strong>Entre R\u00edos<\/strong>&nbsp;est\u00e1 transitando un presente de alto calibre. Lleg\u00f3 a La Gloria esta temporada y hoy es uno de los goleadores del torneo. Al respecto, expres\u00f3: \u00ab<mark>Me encuentro muy bien. En&nbsp;Instituto me han recibido de gran manera. En este poco tiempo he pasado momentos de familia,&nbsp;estoy muy c\u00f3modo. Se dio la oportunidad de ser goleador, no lo esperaba. Mi objetivo era cumplir en mi posici\u00f3n y por suerte vinieron los goles con la confianza que me dio el grupo. Estoy muy contento y feliz\u00bb.<\/mark><mark><\/mark><\/p>\n<div class=\"sp__Normal\">\n<div class=\"image-embeb image-trigger\" readability=\"6.5\">\n<picture><source media=\"(min-width: 720px)\" srcset=\"http:\/\/nuevacordoba.net\/wp-content\/uploads\/2022\/07\/lo-quiso-racing-jugo-en-independiente-y-es-goleador-en-el-nacional-3.jpg\"><img itemprop=\"image\" src=\"http:\/\/nuevacordoba.net\/wp-content\/uploads\/2022\/07\/lo-quiso-racing-jugo-en-independiente-y-es-goleador-en-el-nacional-3.jpg\" loading=\"lazy\" alt=\"Graciani festeja junto a Magnin, ambos en su pasado por Sarmiento.\">\n<\/picture><figcaption readability=\"3\">\n<p>Graciani festeja junto a Magnin, ambos en su pasado por Sarmiento.\n<\/p>\n<\/figcaption><\/div>\n<\/div>\n<div class=\"sp__SM\">\n<div class=\"content-new \">\n<span class=\"tit-mobile\">Mir\u00e1 tambi\u00e9n<\/span><\/p>\n<div class=\"mg\">\n<div class=\"wrap-figure\">\n<picture>\n<a href=\"https:\/\/www.ole.com.ar\/futbol-ascenso\/mercedes-centro-espanol_0_NxTygdgtgz.html\" target=\"_self\" rel=\"noopener\"><br \/>\n<img class=\"img-responsive\" alt=\"Primera victoria de Mercedes y Centro a un paso de ser campe\u00f3n\" src=\"http:\/\/nuevacordoba.net\/wp-content\/uploads\/2022\/07\/lo-quiso-racing-jugo-en-independiente-y-es-goleador-en-el-nacional-4.jpg\" loading=\"lazy\"><br \/>\n<\/a>\n<\/picture>\n<\/div>\n<\/div><\/div>\n<\/div>\n<h2><strong>SOBRE LO QUE PIDE EL T\u00c9CNICO<\/strong><\/h2>\n<p>En lo que va del campeonato, el Tano acumula nueve goles y es una de las figuras de su equipo. Sin duda un pilar importante para el DT, que al respecto, dijo: \u201d<mark>La idea de<strong> Lucas (Bovaglio)<\/strong> es ser protagonistas. Siempre ir al frente para buscar el resultado. Mientras m\u00e1s protagonistas somos, vamos a tener m\u00e1s chances. Nos identificamos mucho. Somos un grupo que quiere estar peleando arriba\u201d.<\/mark><\/p>\n<div class=\"sp__SM\">\n<div class=\"content-new \">\n<span class=\"tit-mobile\">Mir\u00e1 tambi\u00e9n<\/span><\/p>\n<div class=\"mg\">\n<div class=\"wrap-figure\">\n<picture>\n<a href=\"https:\/\/www.ole.com.ar\/futbol-ascenso\/atlanta-instituto_0_l3MoL56T5s.html\" target=\"_self\" rel=\"noopener\"><br \/>\n<img class=\"img-responsive\" alt=\"Un empate sin Gloria\" src=\"http:\/\/nuevacordoba.net\/wp-content\/uploads\/2022\/07\/lo-quiso-racing-jugo-en-independiente-y-es-goleador-en-el-nacional-5.jpg\" loading=\"lazy\"><br \/>\n<\/a>\n<\/picture>\n<\/div>\n<\/div><\/div>\n<\/div>\n<div class=\"sp__SM\">\n<div class=\"content-new \">\n<span class=\"tit-mobile\">Mir\u00e1 tambi\u00e9n<\/span><\/p>\n<div class=\"mg\">\n<div class=\"wrap-figure\">\n<picture>\n<a href=\"https:\/\/www.ole.com.ar\/futbol-ascenso\/atlas-lujan_0_iqhhXrGQIo.html\" target=\"_self\" rel=\"noopener\"><br \/>\n<img class=\"img-responsive\" alt=\"Atlas y Luj\u00e1n se subieron a la cima de la C\" src=\"http:\/\/nuevacordoba.net\/wp-content\/uploads\/2022\/07\/lo-quiso-racing-jugo-en-independiente-y-es-goleador-en-el-nacional-6.jpg\" loading=\"lazy\"><br \/>\n<\/a>\n<\/picture>\n<\/div>\n<\/div><\/div>\n<\/div>\n<p><strong>&#8211; Hac\u00e9s hincapi\u00e9 en la idea que tiene el t\u00e9cnico, \u00bfcu\u00e1l es la idea de Bovaglio?<\/strong> <\/p>\n<p>-Desde la pretemporada tenemos un eje, la idea es clara: tratar de asociarse con los delanteros e implementar la subida de los laterales al ataque. El momento que estamos pasando es bueno. Estamos bien, somos muy unidos. Siempre tiramos para el mismo lado. Hay un gran clima que nos permite pelear por el objetivo.<\/p>\n<p> La Gloria se encuentra actualmente en la cuarta posici\u00f3n a nueve puntos del puntero<strong> Belgrano<\/strong>. Sobre si tiene chances del ascenso directo, Gabriel coment\u00f3: <mark>\u00abHay candidatos que est\u00e1n mejor posicionados. Nosotros vamos fin de semana tras fin de semana. Cada partido es una final. Vamos de menor a mayor con un objetivo grupal al cual apuntamos\u201d.<\/mark><\/p>\n<div class=\"sp__Normal\">\n<div class=\"image-embeb image-trigger\" readability=\"6\">\n<picture><source media=\"(min-width: 720px)\" srcset=\"http:\/\/nuevacordoba.net\/wp-content\/uploads\/2022\/07\/lo-quiso-racing-jugo-en-independiente-y-es-goleador-en-el-nacional-7.jpg\"><img itemprop=\"image\" src=\"http:\/\/nuevacordoba.net\/wp-content\/uploads\/2022\/07\/lo-quiso-racing-jugo-en-independiente-y-es-goleador-en-el-nacional-7.jpg\" loading=\"lazy\" alt=\"Gabriel Graciani festeja el gol frente a Defensores.\">\n<\/picture><figcaption readability=\"2\">\n<p>Gabriel Graciani festeja el gol frente a Defensores.\n<\/p>\n<\/figcaption><\/div>\n<\/div>\n<div class=\"sp__SM\">\n<div class=\"content-new \">\n<span class=\"tit-mobile\">Mir\u00e1 tambi\u00e9n<\/span><\/p>\n<div class=\"mg\">\n<div class=\"wrap-figure\">\n<picture>\n<a href=\"https:\/\/www.ole.com.ar\/futbol-ascenso\/all-boys-quilmes_0_A811DLbYVv.html\" target=\"_self\" rel=\"noopener\"><br \/>\n<img class=\"img-responsive\" alt=\"All Boys se destap\u00f3 a tiempo\" src=\"http:\/\/nuevacordoba.net\/wp-content\/uploads\/2022\/07\/lo-quiso-racing-jugo-en-independiente-y-es-goleador-en-el-nacional-8.jpg\" loading=\"lazy\"><br \/>\n<\/a>\n<\/picture>\n<\/div>\n<\/div><\/div>\n<\/div>\n<div class=\"sp__SM\">\n<div class=\"content-new \">\n<span class=\"tit-mobile\">Mir\u00e1 tambi\u00e9n<\/span><\/p>\n<div class=\"mg\">\n<div class=\"wrap-figure\">\n<picture>\n<a href=\"https:\/\/www.ole.com.ar\/futbol-ascenso\/chacarita-miguel-russo_0_zmxrEQRY6j.html\" target=\"_self\" rel=\"noopener\"><br \/>\n<img class=\"img-responsive\" alt=\"Russo le trajo suerte a Chacarita\" src=\"http:\/\/nuevacordoba.net\/wp-content\/uploads\/2022\/07\/lo-quiso-racing-jugo-en-independiente-y-es-goleador-en-el-nacional-9.jpg\" loading=\"lazy\"><br \/>\n<\/a>\n<\/picture>\n<\/div>\n<\/div><\/div>\n<\/div>\n<p>Adem\u00e1s, habl\u00f3 al respecto del f\u00fatbol argentino. Graciani argument\u00f3: \u201c<mark>Miro f\u00fatbol. Siempre trato de mirar.<strong><a alt=\"river-plate\" class=\"slug\" href=\"https:\/\/www.ole.com.ar\/tema\/river-plate.html\" target=\"_blank\" title=\"river-plate\" rel=\"noopener\"> River <\/a><\/strong>es un gran equipo. Juega bien, tiene mucha intensidad. Tiene ideas espectaculares que sobrepasan mucho al resto. Me gusta mucho.<\/mark><\/p>\n<div class=\"entry-tags\">\n<h2>TEMAS QUE APARECEN EN ESTA NOTA<\/h2>\n<\/p><\/div>\n","protected":false},"excerpt":{"rendered":"<p>De sus inicios en la Primera Divisi\u00f3n del f\u00fatbol argentino&nbsp;a ser el goleador del torneo de Primera Nacional en la actualidad. Gabriel Graciani,&nbsp;volante de 28 a\u00f1os, habl\u00f3 con Ol\u00e9 sobre su presente, el de Instituto de C\u00f3rdoba y c\u00f3mo fue jugar en un grande como Independiente. Adem\u00e1s, tuvo su paso por Col\u00f3n, all\u00ed Racing pidi\u00f3&nbsp;pretensiones [&hellip;]<\/p>\n","protected":false},"author":1,"featured_media":21637,"comment_status":"closed","ping_status":"closed","sticky":false,"template":"","format":"standard","meta":[],"categories":[10],"tags":[],"_links":{"self":[{"href":"http:\/\/nuevacordoba.net\/index.php\/wp-json\/wp\/v2\/posts\/21636"}],"collection":[{"href":"http:\/\/nuevacordoba.net\/index.php\/wp-json\/wp\/v2\/posts"}],"about":[{"href":"http:\/\/nuevacordoba.net\/index.php\/wp-json\/wp\/v2\/types\/post"}],"author":[{"embeddable":true,"href":"http:\/\/nuevacordoba.net\/index.php\/wp-json\/wp\/v2\/users\/1"}],"replies":[{"embeddable":true,"href":"http:\/\/nuevacordoba.net\/index.php\/wp-json\/wp\/v2\/comments?post=21636"}],"version-history":[{"count":0,"href":"http:\/\/nuevacordoba.net\/index.php\/wp-json\/wp\/v2\/posts\/21636\/revisions"}],"wp:featuredmedia":[{"embeddable":true,"href":"http:\/\/nuevacordoba.net\/index.php\/wp-json\/wp\/v2\/media\/21637"}],"wp:attachment":[{"href":"http:\/\/nuevacordoba.net\/index.php\/wp-json\/wp\/v2\/media?parent=21636"}],"wp:term":[{"taxonomy":"category","embeddable":true,"href":"http:\/\/nuevacordoba.net\/index.php\/wp-json\/wp\/v2\/categories?post=21636"},{"taxonomy":"post_tag","embeddable":true,"href":"http:\/\/nuevacordoba.net\/index.php\/wp-json\/wp\/v2\/tags?post=21636"}],"curies":[{"name":"wp","href":"https:\/\/api.w.org\/{rel}","templated":true}]}}