{"id":21644,"date":"2022-07-05T16:35:43","date_gmt":"2022-07-05T16:35:43","guid":{"rendered":"http:\/\/nuevacordoba.net\/index.php\/2022\/07\/05\/a-los-90-anos-murio-el-gran-locutor-cacho-fontana\/"},"modified":"2022-07-05T16:35:43","modified_gmt":"2022-07-05T16:35:43","slug":"a-los-90-anos-murio-el-gran-locutor-cacho-fontana","status":"publish","type":"post","link":"http:\/\/nuevacordoba.net\/index.php\/2022\/07\/05\/a-los-90-anos-murio-el-gran-locutor-cacho-fontana\/","title":{"rendered":"A los 90 a\u00f1os, muri\u00f3 el gran locutor Cacho Fontana"},"content":{"rendered":"<figure class=\"mb-3\"><img loading=\"lazy\" src=\"http:\/\/nuevacordoba.net\/wp-content\/uploads\/2022\/07\/a-los-90-anos-murio-el-gran-locutor-cacho-fontana.jpg\" width=\"100%\" height=\"100%\" alt=\"Su salud estaba bastante deteriorada Se haba contagiado por primera vez de Covid19 en 2020 y adems haba atravesado cuadros de neumona \"><figcaption> Su salud estaba bastante deteriorada. Se hab\u00eda contagiado por primera vez de Covid-19 en 2020 y adem\u00e1s hab\u00eda atravesado cuadros de neumon\u00eda. <\/figcaption><\/figure>\n<p>Un d\u00eda despu\u00e9s que Liliana Caldini, la madre de sus hijas Antonella y Ludmila, a los 90 a\u00f1os muri\u00f3 el gran locutor Cacho Fontana.<\/p>\n<p>Su salud estaba bastante deteriorada. Se hab\u00eda contagiado por primera vez de Covid-19 en 2020 y adem\u00e1s hab\u00eda atravesado cuadros de neumon\u00eda.&nbsp;<\/p>\n<p>En 2019 tuvo que ser internado tras sufrir una ca\u00edda en el ba\u00f1o de un restaurante, luego de participar de una entrevista televisiva en la que, entre otras cosas,<strong> reconoci\u00f3&nbsp; sin ambages que el alcohol y las drogas lo llevaron al ostracismo<\/strong> en uno de los mejores momentos de su brillante carrera como animador y conductor.<\/p>\n<p>Encontr\u00f3 el consuelo en una sucesi\u00f3n de reconocimientos recientes y el reencuentro con su h\u00e1bitat natural, la radio, a trav\u00e9s de participaciones especiales con su sello en Nacional y el regreso, aunque en cuentagotas, a lo que m\u00e1s le gustaba hacer en la vida: leer al aire avisos comerciales.<\/p>\n<p>Su voz se mantuvo inconfundible hasta el final.<\/p>\n<h2 class>Su trayectoria<\/h2>\n<p>Fontana naci\u00f3 en el barrio porte\u00f1o de Barracas el 23 de abril de 1932 y durante muchos a\u00f1os fue un locutor de voz l\u00edmpida e inconfundible, icono de los micr\u00f3fonos desde su debut en radio en 1950 hasta la d\u00e9cada de 1990, cuando comenz\u00f3 como animador en el cabaret Chantecler, en la calle Paran\u00e1 al 400, cuartel general de la orquesta de Juan D&#8217;Arienzo, y tambi\u00e9n en el caf\u00e9 Tango Bar.<\/p>\n<p>Luego dio su salto a la radio como locutor suplente de Julio C\u00e9sar Barton (1950) y reemplaz\u00f3 al entonces notorio Jaime Font Saravia como animador de \u00abEl rel\u00e1mpago\u00bb, programa que se desarrollaba en la redacci\u00f3n de un diario.<\/p>\n<p>Entre 1955 y 1966 fue la voz emblem\u00e1tica de Radio El Mundo, luego ingres\u00f3 a Rivadavia e integr\u00f3 el equipo de Jos\u00e9 Mar\u00eda Mu\u00f1oz y Enzo Ardig\u00f3 que relat\u00f3 el Mundial de F\u00fatbol de Inglaterra, en el que particip\u00f3 la Argentina y fue el \u00faltimo que se transmiti\u00f3 solo por radio y no por televisi\u00f3n.<\/p>\n<p>Tuvo un \u00e9xito singular con \u00abFontana Show\u00bb, emitido por Rivadavia, que se transmiti\u00f3 durante m\u00e1s de 15 temporadas y un brillante pasaje por la televisi\u00f3n en \u00abOdol pregunta\u00bb, entre 1963 y 1973, entre otros hitos de una extensa trayectoria.<\/p>\n<h2 class>Las repercusiones de su muerte<\/h2>\n<p>La Asociaci\u00f3n Argentina de Actores expres\u00f3 sus condolencias a trav\u00e9s de Twitter.<\/p>\n<blockquote class=\"twitter-tweet\" readability=\"9.8763440860215\">\n<p lang=\"es\" dir=\"ltr\">Nuestras condolencias a familiares y amistades del locutor, conductor y animador Jorge \u00abCacho\u00bb Fontana, abraz\u00e1ndolos en este duro momento. Fue un importante referente de los medios de comunicaci\u00f3n del pa\u00eds, conductor de recordados programas como \u00abOdol pregunta\u00bb y \u00abVideoshow\u00bb. <a href=\"https:\/\/t.co\/VT8Cuz0uyz\">pic.twitter.com\/VT8Cuz0uyz<\/a><\/p>\n<p>\u2014 Asociaci\u00f3n Argentina de Actores (@actoresprensa) <a href=\"https:\/\/twitter.com\/actoresprensa\/status\/1544347185549955073?ref_src=twsrc%5Etfw\">July 5, 2022<\/a><\/p><\/blockquote>\n<p>Tambi\u00e9n expres\u00f3 su dolor el periodista Beto Casella.<\/p>\n<blockquote class=\"twitter-tweet\" readability=\"6.0130718954248\">\n<p lang=\"es\" dir=\"ltr\">Se fue Cacho, el inventor de la radio actual. QEPD, querido Cacho Fontana \u2764\ufe0f <a href=\"https:\/\/t.co\/wG2n8mjQ4c\">pic.twitter.com\/wG2n8mjQ4c<\/a><\/p>\n<p>\u2014 Beto Casella (@elbetocasella) <a href=\"https:\/\/twitter.com\/elbetocasella\/status\/1544347598047297536?ref_src=twsrc%5Etfw\">July 5, 2022<\/a><\/p><\/blockquote>\n<p>Lo mismo hizo Jorge Rial.<\/p>\n<blockquote class=\"twitter-tweet\" readability=\"5.0172413793103\">\n<p lang=\"es\" dir=\"ltr\">Se fue el m\u00e1s grande. El que invent\u00f3 la radio. El que nos daba clases y consejos. El que ten\u00eda el elogio siempre a mano para hacernos sentir bien. Chau Cacho \ud83d\udc94 <a href=\"https:\/\/t.co\/pyz9K8LYXi\">pic.twitter.com\/pyz9K8LYXi<\/a><\/p>\n<p>\u2014 JORGE RIAL (@rialjorge) <a href=\"https:\/\/twitter.com\/rialjorge\/status\/1544344509860810753?ref_src=twsrc%5Etfw\">July 5, 2022<\/a><\/p><\/blockquote>\n<p>El tuit de C5N reproduce lo que Silvio Sold\u00e1n pensaba de \u00e9l.<\/p>\n<blockquote class=\"twitter-tweet\" readability=\"9.7371601208459\">\n<p lang=\"es\" dir=\"ltr\">\ud83d\udde8 Silvio Sold\u00e1n, sobre la muerte de Cacho Fontana<\/p>\n<p>\u00abMe acaban de avisar hace 5 minutos\u00bb<br \/>\u00abEstoy consternado y angustiado\u00bb<br \/>\u00abEra una muerte anunciada porque estaba muy mal\u00bb<br \/>\u00abRecuerdo el d\u00eda que Liliana me dijo que estaba de novia con Cacho, qu\u00e9 alegr\u00eda&#8230; Y ahora se van juntos\u00bb <a href=\"https:\/\/t.co\/XDSB8Ibyuf\">pic.twitter.com\/XDSB8Ibyuf<\/a><\/p>\n<p>\u2014 C5N (@C5N) <a href=\"https:\/\/twitter.com\/C5N\/status\/1544348782648856577?ref_src=twsrc%5Etfw\">July 5, 2022<\/a><\/p><\/blockquote>\n<p>Noticia en desarrollo.<\/p>\n","protected":false},"excerpt":{"rendered":"<p>Su salud estaba bastante deteriorada. Se hab\u00eda contagiado por primera vez de Covid-19 en 2020 y adem\u00e1s hab\u00eda atravesado cuadros de neumon\u00eda. Un d\u00eda despu\u00e9s que Liliana Caldini, la madre de sus hijas Antonella y Ludmila, a los 90 a\u00f1os muri\u00f3 el gran locutor Cacho Fontana. Su salud estaba bastante deteriorada. Se hab\u00eda contagiado por [&hellip;]<\/p>\n","protected":false},"author":1,"featured_media":21645,"comment_status":"closed","ping_status":"closed","sticky":false,"template":"","format":"standard","meta":[],"categories":[9],"tags":[],"_links":{"self":[{"href":"http:\/\/nuevacordoba.net\/index.php\/wp-json\/wp\/v2\/posts\/21644"}],"collection":[{"href":"http:\/\/nuevacordoba.net\/index.php\/wp-json\/wp\/v2\/posts"}],"about":[{"href":"http:\/\/nuevacordoba.net\/index.php\/wp-json\/wp\/v2\/types\/post"}],"author":[{"embeddable":true,"href":"http:\/\/nuevacordoba.net\/index.php\/wp-json\/wp\/v2\/users\/1"}],"replies":[{"embeddable":true,"href":"http:\/\/nuevacordoba.net\/index.php\/wp-json\/wp\/v2\/comments?post=21644"}],"version-history":[{"count":0,"href":"http:\/\/nuevacordoba.net\/index.php\/wp-json\/wp\/v2\/posts\/21644\/revisions"}],"wp:featuredmedia":[{"embeddable":true,"href":"http:\/\/nuevacordoba.net\/index.php\/wp-json\/wp\/v2\/media\/21645"}],"wp:attachment":[{"href":"http:\/\/nuevacordoba.net\/index.php\/wp-json\/wp\/v2\/media?parent=21644"}],"wp:term":[{"taxonomy":"category","embeddable":true,"href":"http:\/\/nuevacordoba.net\/index.php\/wp-json\/wp\/v2\/categories?post=21644"},{"taxonomy":"post_tag","embeddable":true,"href":"http:\/\/nuevacordoba.net\/index.php\/wp-json\/wp\/v2\/tags?post=21644"}],"curies":[{"name":"wp","href":"https:\/\/api.w.org\/{rel}","templated":true}]}}