{"id":21656,"date":"2022-07-05T20:18:39","date_gmt":"2022-07-05T20:18:39","guid":{"rendered":"https:\/\/puntoapunto.com.ar\/?p=335292"},"modified":"2022-07-05T20:18:39","modified_gmt":"2022-07-05T20:18:39","slug":"la-mesa-de-la-produccion-cordoba-pide-un-gesto-de-la-politica-para-recuperar-confianza","status":"publish","type":"post","link":"http:\/\/nuevacordoba.net\/index.php\/2022\/07\/05\/la-mesa-de-la-produccion-cordoba-pide-un-gesto-de-la-politica-para-recuperar-confianza\/","title":{"rendered":"La Mesa de la Producci\u00f3n C\u00f3rdoba pide un gesto de la pol\u00edtica para recuperar confianza"},"content":{"rendered":"<p><strong>La Mesa de la Producci\u00f3n de C\u00f3rdoba <\/strong>ha realizado un comunicado al Gobierno en el que se solicita atender de manera inmediata ciertas cuestiones de la <strong>econom\u00eda<\/strong> del pa\u00eds para <strong>evitar continuar con los impactos negativos que sufren los productores.<\/strong><\/p>\n<div class=\"g g-34\">\n<div class=\"g-single a-29\"><a class=\"gofollow\" data-track=\"MjksMzQsMSw2MA==\" href=\"https:\/\/www.harmoniechateau.com.ar\/\" target=\"_blank\" rel=\"noopener\"><img src=\"http:\/\/nuevacordoba.net\/wp-content\/uploads\/2022\/07\/la-mesa-de-la-produccion-cordoba-pide-un-gesto-de-la-politica-para-recuperar-confianza.gif\"><\/a><\/div>\n<\/div>\n<p>El comunicado comienza diciendo:<\/p>\n<p>\u00abLos sectores productivos vivimos hoy una enorme zozobra, producto de la crisis pol\u00edtica del Gobierno nacional. Venimos resistiendo los efectos, cada vez m\u00e1s preocupantes, de un modelo econ\u00f3mico que no comprende el valor del sector privado para la reactivaci\u00f3n econ\u00f3mica.<\/p>\n<p>La coyuntura se ha tornado extremadamente dif\u00edcil y delicada, a ra\u00edz de los errores en los principales aspectos de la pol\u00edtica econ\u00f3mica y porque la disputa de poder en la coalici\u00f3n gobernante debilita la credibilidad de cualquier decisi\u00f3n que se tome.<\/p>\n<p>Son enormes los riesgos que se avecinan si no se toma hoy mismo una direcci\u00f3n clara y contundente, con un rumbo econ\u00f3mico distinto al que se ven\u00eda llevando hasta hoy. Por tratarse de una crisis mayormente pol\u00edtica y no s\u00f3lo econ\u00f3mica, pedimos un gesto firme a la dirigencia nacional para revisar su rumbo y establecer prioridades de manera inmediata.<\/p>\n<p>Ninguno de los problemas es f\u00e1cil de revertir en el marco de una crisis tan profunda, pero al menos necesitamos una base de confianza para que los actores comiencen a reaccionar y puedan minimizarse los da\u00f1os provocados\u00bb.<\/p>\n<p>Lo que solicitan es: \u00ab1) Una firme decisi\u00f3n pol\u00edtica de <strong>restablecer el equilibrio fiscal<\/strong>, mediante el control del gasto p\u00fablico ineficiente y no a trav\u00e9s de mayor presi\u00f3n tributaria. 2) Una <strong>pol\u00edtica monetaria que permita reducir dr\u00e1sticamente la inflaci\u00f3n<\/strong>, el control de la emisi\u00f3n, morigerar la tensi\u00f3n entre los tipos de cambio y la reconstrucci\u00f3n de las reservas del BCRA. 3) El <strong>cese de todas las restricciones e intervenciones sobre las distintas cadenas productiva<\/strong>s que permitan restablecer la actividad (muchas hoy paralizadas) como por ejemplo sobre la exportaci\u00f3n, la importaci\u00f3n de insumos, la provisi\u00f3n de energ\u00eda y combustibles, etc.\u00bb<\/p>\n<p>Adem\u00e1s, mencionan a las elecciones del pr\u00f3ximo a\u00f1o como uno de los peligros a los que se enfrentar\u00e1n.<\/p>\n<p>\u00abEsta nueva crisis nos encuentra trabajando y siempre haciendo los m\u00e1ximos esfuerzos para sostener el empleo, las cadenas productivas, la entrega de bienes y servicios a nuestro mercado interno y al mundo. Lo que esperamos de nuestra dirigencia, en un sentido amplio, es que tenga un gesto pol\u00edtico de grandeza y que conduzca con racionalidad y responsabilidad una salida de esta coyuntura\u00bb.<\/p>\n<p><strong>Adhieren por la Mesa de la Producci\u00f3n de C\u00f3rdoba<\/strong><\/p>\n<ul>\n<li>Bolsa de Cereales de C\u00f3rdoba (BCCba) \u2022 Bolsa de Comercio de C\u00f3rdoba (BCC) \u2022 C\u00e1mara de Comercio de C\u00f3rdoba (CCC) \u2022 C\u00e1mara de Comercio Exterior de C\u00f3rdoba (CaCEC) \u2022 C\u00e1mara de la Construcci\u00f3n \u2013 Delegaci\u00f3n C\u00f3rdoba (Camarco) \u2022 Confederaci\u00f3n de Asociaciones Rurales de la Tercera Zona (Cartez) \u2022 Confederaci\u00f3n Intercooperativa Agropecuaria C\u00f3rdoba (Coninagro) \u2022 Confederaciones Rurales Argentinas (CRA) \u2022 Federaci\u00f3n Agraria Argentina \u2013 Distrito C\u00f3rdoba (FAA) \u2022 Federaci\u00f3n Comercial de C\u00f3rdoba (Fedecom) \u2022 Sociedad Rural Argentina \u2013 Distrito N\u00ba 4 (SRA) \u2022 Uni\u00f3n Industrial de C\u00f3rdoba (UIC)<\/li>\n<\/ul>\n","protected":false},"excerpt":{"rendered":"<p>La Mesa de la Producci\u00f3n de C\u00f3rdoba ha realizado un comunicado al Gobierno en el que se solicita atender de manera inmediata ciertas cuestiones de la econom\u00eda del pa\u00eds para evitar continuar con los impactos negativos que sufren los productores. El comunicado comienza diciendo: \u00abLos sectores productivos vivimos hoy una enorme zozobra, producto de la [&hellip;]<\/p>\n","protected":false},"author":1,"featured_media":21657,"comment_status":"open","ping_status":"closed","sticky":false,"template":"","format":"standard","meta":[],"categories":[14],"tags":[],"_links":{"self":[{"href":"http:\/\/nuevacordoba.net\/index.php\/wp-json\/wp\/v2\/posts\/21656"}],"collection":[{"href":"http:\/\/nuevacordoba.net\/index.php\/wp-json\/wp\/v2\/posts"}],"about":[{"href":"http:\/\/nuevacordoba.net\/index.php\/wp-json\/wp\/v2\/types\/post"}],"author":[{"embeddable":true,"href":"http:\/\/nuevacordoba.net\/index.php\/wp-json\/wp\/v2\/users\/1"}],"replies":[{"embeddable":true,"href":"http:\/\/nuevacordoba.net\/index.php\/wp-json\/wp\/v2\/comments?post=21656"}],"version-history":[{"count":0,"href":"http:\/\/nuevacordoba.net\/index.php\/wp-json\/wp\/v2\/posts\/21656\/revisions"}],"wp:featuredmedia":[{"embeddable":true,"href":"http:\/\/nuevacordoba.net\/index.php\/wp-json\/wp\/v2\/media\/21657"}],"wp:attachment":[{"href":"http:\/\/nuevacordoba.net\/index.php\/wp-json\/wp\/v2\/media?parent=21656"}],"wp:term":[{"taxonomy":"category","embeddable":true,"href":"http:\/\/nuevacordoba.net\/index.php\/wp-json\/wp\/v2\/categories?post=21656"},{"taxonomy":"post_tag","embeddable":true,"href":"http:\/\/nuevacordoba.net\/index.php\/wp-json\/wp\/v2\/tags?post=21656"}],"curies":[{"name":"wp","href":"https:\/\/api.w.org\/{rel}","templated":true}]}}