{"id":21664,"date":"2022-07-05T22:45:00","date_gmt":"2022-07-05T22:45:00","guid":{"rendered":"https:\/\/prensa.cba.gov.ar\/?p=506128"},"modified":"2022-07-05T22:45:00","modified_gmt":"2022-07-05T22:45:00","slug":"la-provincia-celebrara-el-9-de-julio-con-velada-patria-y-desfile-en-la-capital","status":"publish","type":"post","link":"http:\/\/nuevacordoba.net\/index.php\/2022\/07\/05\/la-provincia-celebrara-el-9-de-julio-con-velada-patria-y-desfile-en-la-capital\/","title":{"rendered":"La Provincia celebrar\u00e1 el 9 de Julio con velada patria y desfile en la Capital"},"content":{"rendered":"<div><img src=\"http:\/\/nuevacordoba.net\/wp-content\/uploads\/2022\/07\/la-provincia-celebrara-el-9-de-julio-con-velada-patria-y-desfile-en-la-capital.jpg\" class=\"ff-og-image-inserted\"><\/div>\n<ul>\n<li><strong>En conmemoraci\u00f3n del 206\u00b0 Aniversario de la Declaraci\u00f3n de la Independencia Nacional.<\/strong><\/li>\n<li><strong>El tradicional desfile c\u00edvico-militar se realizar\u00e1 frente al Centro C\u00edvico del Bicentenario y se invitar\u00e1 con chocolate caliente.<\/strong><\/li>\n<li><strong>El viernes 8 de julio, tendr\u00e1 lugar la Velada Patria en el Teatro del Libertador General San Mart\u00edn.<\/strong><\/li>\n<\/ul>\n<p>El Gobierno de la Provincia, con la colaboraci\u00f3n de la Municipalidad de C\u00f3rdoba, invita a celebrar el 206\u00b0 Aniversario de la Declaraci\u00f3n de la Independencia Nacional con un desfile c\u00edvico-militar que se realizar\u00e1 en la ciudad Capital el s\u00e1bado 9 de julio, a partir de las 10.30 horas, frente al Centro C\u00edvico del Bicentenario (Blvd. Pte. Gral. Juan Domingo Per\u00f3n).<\/p>\n<p>El desfile incluir\u00e1 el paso de veh\u00edculos de las distintas Fuerzas Armadas y de Seguridad, a la vez que se servir\u00e1 chocolate caliente a los vecinos y familias que participen de la celebraci\u00f3n patria. <strong>El evento ser\u00e1 transmitido en vivo por el canal de&nbsp;<a href=\"https:\/\/www.youtube.com\/user\/gobiernodecordoba\/live\" target=\"_blank\" rel=\"noreferrer noopener\">Youtube<\/a>,&nbsp;<a href=\"https:\/\/www.facebook.com\/gobdecordoba\" target=\"_blank\" rel=\"noreferrer noopener\">Facebook&nbsp;<\/a>y&nbsp;<a href=\"https:\/\/twitter.com\/gobdecordoba\" target=\"_blank\" rel=\"noreferrer noopener\">Twitter<\/a>&nbsp;del Gobierno de la Provincia de C\u00f3rdoba.<\/strong> <\/p>\n<p>Tambi\u00e9n estar\u00e1n presentes alumnos y alumnas de establecimientos educativos de los tres niveles de ense\u00f1anza y miembros de instituciones tradicionalistas.<\/p>\n<p>Dar\u00e1n su paso adem\u00e1s, integrantes de la Fuerza A\u00e9rea, el Liceo Militar, el Ej\u00e9rcito, Gendarmer\u00eda Nacional, Polic\u00eda Federal y de la Provincia, Fuerza Policial Antinarcotr\u00e1fico y del Servicio Penitenciario.<\/p>\n<p>Cabe destacar que a 40 a\u00f1os de la gesta de Malvinas, los excombatientes tendr\u00e1n una participaci\u00f3n especial durante el acto y el desfile.<\/p>\n<p>Los festejos del nuevo Aniversario de la Declaraci\u00f3n de la Independencia, a los que se invita a concurrir a toda la poblaci\u00f3n, contar\u00e1n con una instancia previa en la que se proceder\u00e1 al izamiento del pabell\u00f3n nacional y de la bandera de C\u00f3rdoba. <\/p>\n<h3><strong>Velada Patria<\/strong><\/h3>\n<p>Los festejos por el D\u00eda de la Independencia se iniciar\u00e1n el viernes 8 con la Velada Patria que en esta oportunidad se llevar\u00e1 a cabo en el Teatro del Libertador General San Mart\u00edn.<\/p>\n<p>Al evento asistir\u00e1n autoridades provinciales, municipales e invitados especiales. La gala dar\u00e1 inicio a la 21 horas y <strong>se podr\u00e1 seguir en vivo por el canal de&nbsp;<a href=\"https:\/\/www.youtube.com\/user\/gobiernodecordoba\/live\" target=\"_blank\" rel=\"noreferrer noopener\">Youtube<\/a>,&nbsp;<a href=\"https:\/\/www.facebook.com\/gobdecordoba\" target=\"_blank\" rel=\"noreferrer noopener\">Facebook&nbsp;<\/a>y&nbsp;<a href=\"https:\/\/twitter.com\/gobdecordoba\" target=\"_blank\" rel=\"noreferrer noopener\">Twitter<\/a>&nbsp;del Gobierno de la Provincia de C\u00f3rdoba.<\/strong><\/p>\n<p>La programaci\u00f3n estar\u00e1 a cargo de la Banda Sinf\u00f3nica de la Provincia, con direcci\u00f3n de Andr\u00e9s Acosta y la participaci\u00f3n del grupo musical Destino San Javier junto a la cantante Cecilia Mezzadra, quien entonar\u00e1 las estrofas del Himno Nacional Argentino.<\/p>\n","protected":false},"excerpt":{"rendered":"<p>En conmemoraci\u00f3n del 206\u00b0 Aniversario de la Declaraci\u00f3n de la Independencia Nacional. El tradicional desfile c\u00edvico-militar se realizar\u00e1 frente al Centro C\u00edvico del Bicentenario y se invitar\u00e1 con chocolate caliente. El viernes 8 de julio, tendr\u00e1 lugar la Velada Patria en el Teatro del Libertador General San Mart\u00edn. El Gobierno de la Provincia, con la [&hellip;]<\/p>\n","protected":false},"author":1,"featured_media":21665,"comment_status":"closed","ping_status":"closed","sticky":false,"template":"","format":"standard","meta":[],"categories":[14],"tags":[],"_links":{"self":[{"href":"http:\/\/nuevacordoba.net\/index.php\/wp-json\/wp\/v2\/posts\/21664"}],"collection":[{"href":"http:\/\/nuevacordoba.net\/index.php\/wp-json\/wp\/v2\/posts"}],"about":[{"href":"http:\/\/nuevacordoba.net\/index.php\/wp-json\/wp\/v2\/types\/post"}],"author":[{"embeddable":true,"href":"http:\/\/nuevacordoba.net\/index.php\/wp-json\/wp\/v2\/users\/1"}],"replies":[{"embeddable":true,"href":"http:\/\/nuevacordoba.net\/index.php\/wp-json\/wp\/v2\/comments?post=21664"}],"version-history":[{"count":0,"href":"http:\/\/nuevacordoba.net\/index.php\/wp-json\/wp\/v2\/posts\/21664\/revisions"}],"wp:featuredmedia":[{"embeddable":true,"href":"http:\/\/nuevacordoba.net\/index.php\/wp-json\/wp\/v2\/media\/21665"}],"wp:attachment":[{"href":"http:\/\/nuevacordoba.net\/index.php\/wp-json\/wp\/v2\/media?parent=21664"}],"wp:term":[{"taxonomy":"category","embeddable":true,"href":"http:\/\/nuevacordoba.net\/index.php\/wp-json\/wp\/v2\/categories?post=21664"},{"taxonomy":"post_tag","embeddable":true,"href":"http:\/\/nuevacordoba.net\/index.php\/wp-json\/wp\/v2\/tags?post=21664"}],"curies":[{"name":"wp","href":"https:\/\/api.w.org\/{rel}","templated":true}]}}