{"id":21666,"date":"2022-07-05T20:52:35","date_gmt":"2022-07-05T20:52:35","guid":{"rendered":"https:\/\/cordoba.gob.ar\/?p=28234"},"modified":"2022-07-05T20:52:35","modified_gmt":"2022-07-05T20:52:35","slug":"la-municipalidad-presento-un-plan-de-apoyo-al-teatro-independiente-de-cordoba","status":"publish","type":"post","link":"http:\/\/nuevacordoba.net\/index.php\/2022\/07\/05\/la-municipalidad-presento-un-plan-de-apoyo-al-teatro-independiente-de-cordoba\/","title":{"rendered":"La Municipalidad present\u00f3 un plan de apoyo al teatro Independiente de C\u00f3rdoba"},"content":{"rendered":"<div><img src=\"http:\/\/nuevacordoba.net\/wp-content\/uploads\/2022\/07\/la-municipalidad-presento-un-plan-de-apoyo-al-teatro-independiente-de-cordoba.jpg\" class=\"ff-og-image-inserted\"><\/div>\n<ul>\n<li><strong>La iniciativa tuvo lugar en Teatro Comedia, donde la Secretar\u00eda de Cultura anunci\u00f3 un programa de fortalecimiento que incluye descuento del 30% en el valor de las entradas para ver obras durante las vacaciones de invierno y el acompa\u00f1amiento en la comunicaci\u00f3n de su cartelera.<\/strong><\/li>\n<\/ul>\n<hr>\n<p>La Secretar\u00eda de Cultura anunci\u00f3 hoy un programa de fortalecimiento del Teatro Independiente de la Ciudad, que contempla diversas medidas de apoyo al sector y a la comunidad en general.<\/p>\n<p>El objetivo es facilitar la accesibilidad de la poblaci\u00f3n al teatro y en paralelo impulsar la actividad de las artes esc\u00e9nicas.<\/p>\n<p>Desde el Teatro Comedia y con la presencia de artistas, productores y gestores culturales, el secretario de Cultura, Mariano Almada, se lanz\u00f3 un plan integral que comienza este mes de julio y es cogestionado junto a la Red de Salas.<\/p>\n<p>Seg\u00fan anticip\u00f3, el apoyo arranca en unos d\u00edas con un descuento del 30% en el valor de las entradas de las funciones programadas durante las Vacaciones de Julio.<\/p>\n<p>El beneficio, otorgado por el Municipio, llegar\u00e1 al p\u00fablico en forma directa al momento de comprar la entrada por la plataforma antesala.com.ar, la web del sector independiente. Y a su vez, tambi\u00e9n a las salas que incrementar\u00e1n la cantidad de espectadores por esta promoci\u00f3n y por el refuerzo en la difusi\u00f3n de la cartelera.<\/p>\n<p><em>\u201cEs un reconocimiento, se\u00f1al\u00f3 Mariano Almada, a la formaci\u00f3n y al trabajo que durante much\u00edsimos a\u00f1os viene haciendo el teatro independiente; a su esfuerzo por mantener las salas abiertas, sostener y generar puestos de trabajo, fomentar el desarrollo teatral y ser una usina creativa en la ciudad\u201d.<\/em><\/p>\n<p>En este sentido, el funcionario agreg\u00f3 que el objetivo es que la econom\u00eda del sector crezca, ya que ha sido uno de los m\u00e1s golpeados por la pandemia. Por ese motivo, inform\u00f3, que la Secretar\u00eda de Cultura viene a poner a disposici\u00f3n recursos para la creaci\u00f3n de nuevos p\u00fablicos y la consolidaci\u00f3n de espectadores.<\/p>\n<p>En el evento, que comenz\u00f3 con una recorrida por las obras del Comedia, tambi\u00e9n hicieron uso de la palabra el representante en C\u00f3rdoba del Instituto Nacional de Teatro -INT-, Franco Moran y Sonia Daniel, por la Red de Salas.<\/p>\n<p>Estuvieron presentes adem\u00e1s, Alejandro Mareco y Alicia Manzur de la Agencia C\u00f3rdoba Cultura; el director de Arquitectura de la Municipalidad de C\u00f3rdoba, Arq. Federico Arij\u00f3n y Mar\u00eda Marta Lacabanne, subdirectora de la misma dependencia. Por parte de la Secretar\u00eda de Cultura, participaron la directora General de Administraci\u00f3n y Desarrollo Cultural Creativo, Jimena Garz\u00f3n; el director de Industrias Culturales, Creativas e Innovaci\u00f3n, Jos\u00e9 Lezcano y el Subdirector de Desarrollo, Cooperaci\u00f3n Cultural e Innovaci\u00f3n, Guillermo As\u00eds Luciano.<\/p>\n<p>En la oportunidad actores de la talla de Paco Gim\u00e9nez, Pedro Parolini, Horario Fierro y Laura Ortiz hicieron intervenciones art\u00edsticas. Y se disfrut\u00f3 de un fragmento de la obra \u201cEl Viento de Los Sauces\u201d, actualmente en cartel.<\/p>\n<p>Vacaciones de Invierno con m\u00e1s de 100 obras y 200 funciones<\/p>\n<p>En el marco del innovador plan se dio a conocer la programaci\u00f3n con una grilla de 100 obras, m\u00e1s de 200 funciones y 500 trabajadores de las artes esc\u00e9nicas de nuestra ciudad involucrados. La misma se confeccion\u00f3 a partir de la convocatoria p\u00fablica, gratuita y abierta a todas las compa\u00f1\u00edas teatrales de la Provincia.<\/p>\n<p>De lunes a lunes habr\u00e1 obras para las infancias, pero tambi\u00e9n para los j\u00f3venes y adultos, con una gran diversidad de g\u00e9neros, puestas en escena y tem\u00e1ticas. Si bien el descuento es aplicable del 9 al 24 de julio, las obras estar\u00e1n todo el mes en cartelera y ya se pueden adquirir en forma anticipada con la promoci\u00f3n.<\/p>\n<p>La cartelera se presenta en las siguientes salas: La Nave Esc\u00e9nica, La Llave, Espacio Blick, El Cuenco, Funes Cultura, Teatro La Br\u00fajula, Casa Grote, La Chacarita, Mar\u00eda Casta\u00f1a, La Balsa, La Parisina, Espacio Centralia, Quinto Deva, Espacio M\u00e1scara, Teatro La Cochera, Teatro La Br\u00fajula, Graciela Carena, Merlina Trinchera Sala De Circo, Santa Calma, Espacio Daxel, Plaza De La M\u00fasica<\/p>\n<p>La programaci\u00f3n completa puede verse en Antesala, la web autogestiva del sector teatral, que nace en el coraz\u00f3n de la Red de Salas y en donde es posible encontrar una a una todas las obras, su rese\u00f1a, sala, d\u00eda y hora de la funci\u00f3n, reservar y comprar las entradas con tarjeta, en un solo clic.<\/p>\n","protected":false},"excerpt":{"rendered":"<p>La iniciativa tuvo lugar en Teatro Comedia, donde la Secretar\u00eda de Cultura anunci\u00f3 un programa de fortalecimiento que incluye descuento del 30% en el valor de las entradas para ver obras durante las vacaciones de invierno y el acompa\u00f1amiento en la comunicaci\u00f3n de su cartelera. La Secretar\u00eda de Cultura anunci\u00f3 hoy un programa de fortalecimiento [&hellip;]<\/p>\n","protected":false},"author":1,"featured_media":21667,"comment_status":"closed","ping_status":"closed","sticky":false,"template":"","format":"standard","meta":[],"categories":[14],"tags":[],"_links":{"self":[{"href":"http:\/\/nuevacordoba.net\/index.php\/wp-json\/wp\/v2\/posts\/21666"}],"collection":[{"href":"http:\/\/nuevacordoba.net\/index.php\/wp-json\/wp\/v2\/posts"}],"about":[{"href":"http:\/\/nuevacordoba.net\/index.php\/wp-json\/wp\/v2\/types\/post"}],"author":[{"embeddable":true,"href":"http:\/\/nuevacordoba.net\/index.php\/wp-json\/wp\/v2\/users\/1"}],"replies":[{"embeddable":true,"href":"http:\/\/nuevacordoba.net\/index.php\/wp-json\/wp\/v2\/comments?post=21666"}],"version-history":[{"count":0,"href":"http:\/\/nuevacordoba.net\/index.php\/wp-json\/wp\/v2\/posts\/21666\/revisions"}],"wp:featuredmedia":[{"embeddable":true,"href":"http:\/\/nuevacordoba.net\/index.php\/wp-json\/wp\/v2\/media\/21667"}],"wp:attachment":[{"href":"http:\/\/nuevacordoba.net\/index.php\/wp-json\/wp\/v2\/media?parent=21666"}],"wp:term":[{"taxonomy":"category","embeddable":true,"href":"http:\/\/nuevacordoba.net\/index.php\/wp-json\/wp\/v2\/categories?post=21666"},{"taxonomy":"post_tag","embeddable":true,"href":"http:\/\/nuevacordoba.net\/index.php\/wp-json\/wp\/v2\/tags?post=21666"}],"curies":[{"name":"wp","href":"https:\/\/api.w.org\/{rel}","templated":true}]}}