{"id":21671,"date":"2022-07-06T09:25:50","date_gmt":"2022-07-06T09:25:50","guid":{"rendered":"http:\/\/nuevacordoba.net\/index.php\/2022\/07\/06\/boca-fallo-en-los-penales-y-quedo-eliminado-ante-corinthians-que-avanzo-a-cuartos\/"},"modified":"2022-07-06T09:25:50","modified_gmt":"2022-07-06T09:25:50","slug":"boca-fallo-en-los-penales-y-quedo-eliminado-ante-corinthians-que-avanzo-a-cuartos","status":"publish","type":"post","link":"http:\/\/nuevacordoba.net\/index.php\/2022\/07\/06\/boca-fallo-en-los-penales-y-quedo-eliminado-ante-corinthians-que-avanzo-a-cuartos\/","title":{"rendered":"Boca fall\u00f3 en los penales y qued\u00f3 eliminado ante Corinthians, que avanz\u00f3 a cuartos"},"content":{"rendered":"<figure class=\"mb-3\"><img loading=\"lazy\" src=\"http:\/\/nuevacordoba.net\/wp-content\/uploads\/2022\/07\/boca-fallo-en-los-penales-y-quedo-eliminado-ante-corinthians-que-avanzo-a-cuartos.jpg\" width=\"100%\" height=\"100%\" alt=\"Foto Alfredo Luna \"><figcaption> Foto: Alfredo Luna <\/figcaption><\/figure>\n<p>Boca Juniors se qued\u00f3 este martes afuera de la Copa Libertadores en octavos de final al caer por 6 a 5 ante Corinthians en definici\u00f3n por tiros penales luego de empatar 0 a 0 en la Bombonera tal como hab\u00eda ocurrido en los 90 minutos regulares de la semana pasada en Brasil.<\/p>\n<p>De esta manera los \u00abxeneizes\u00bb terminaron cayendo en una instancia \u00abnormalmente\u00bb ganadora para ellos en los \u00faltimos tiempos, pese a que su arquero especialista, Agust\u00edn Rossi contuviera dos de ellos, la misma cantidad que malogr\u00f3 su goleador, Dar\u00edo Benedetto, uno en el primer tiempo y el otro en esta definici\u00f3n desde los 12 pasos.<\/p>\n<figure class=\"mb-3\"><img loading=\"lazy\" src=\"http:\/\/nuevacordoba.net\/wp-content\/uploads\/2022\/07\/boca-fallo-en-los-penales-y-quedo-eliminado-ante-corinthians-que-avanzo-a-cuartos-1.jpg\" width=\"100%\" height=\"100%\" alt=\"Frank fabra uno de los jugadores con ms juego en el primer tiempo del encuentro ante el Timao Foto Alfredo Luna \"><figcaption> Frank fabra, uno de los jugadores con m\u00e1s juego en el primer tiempo del encuentro ante el \u00abTimao\u00bb \/ Foto: Alfredo Luna <\/figcaption><\/figure>\n<p>Corinthians enfrentar\u00e1 en cuartos de final al ganador de la serie entre su compatriota Flamengo y Deportes Tolima, que se enfrentar\u00e1n ma\u00f1ana en Rio de Janeiro luego de la victoria por 1 a 0 obtenida por los \u00abcariocas\u00bb en Colombia.<\/p>\n<p>Las presencias titulares concretadas por Sebasti\u00e1n Battaglia y los emparches realizados por su colega portugu\u00e9s Vitor Pereira a partir de las numerosas bajas por lesiones en el equipo brasile\u00f1o, la m\u00e1s emblem\u00e1tica la del experimentado Willian (estuvo en el banco), generaron un partido previsible desde sus ra\u00edces.<\/p>\n<p>Boca estuvo entonces obligado a tomar la iniciativa, aunque no sea ese el principal atributo que est\u00e1 empezando a identificar la l\u00ednea de juego que pretende Battaglia, mientras que los brasile\u00f1os, con un estilo at\u00edpico para los equipos de su pa\u00eds, trataron de plantarse con la mayor solidez posible cerca de su arquero Cassio para tratar de salir de contra si las circunstancias as\u00ed lo permit\u00edan.<\/p>\n<figure class=\"mb-3\"><img loading=\"lazy\" src=\"http:\/\/nuevacordoba.net\/wp-content\/uploads\/2022\/07\/boca-fallo-en-los-penales-y-quedo-eliminado-ante-corinthians-que-avanzo-a-cuartos-2.jpg\" width=\"100%\" height=\"100%\" alt=\"Foto Alfredo Luna \"><figcaption> Foto: Alfredo Luna <\/figcaption><\/figure>\n<p>A partir de esto fue que por toda l\u00f3gica futbolera y de contextura de equipo, Boca estuvo forzado a encontrar resquicios por los costados, m\u00e1s por el lado derecho del habilidoso Exequiel Zeballos que por el izquierdo del veloz Sebasti\u00e1n Villa.<\/p>\n<p>Es que el colombiano es m\u00e1s efectivo a campo abierto, y eso fue justamente lo que Corinthians no permiti\u00f3 con su repliegue, por que lo que ten\u00eda que buscar Boca era generar espacios donde no los hab\u00eda, y para eso era m\u00e1s \u00fatil Zeballos en los mano a mano que Villa con sus corridas.<\/p>\n<p>Sin embargo fue el ex Deportes Tolima quien disfrut\u00f3 de la primera ocasi\u00f3n de gol para su equipo con un remate de zurda al primer palo de Cassio que fue bien desviado por el corpulento guardavallas visitante.<\/p>\n<blockquote class=\"twitter-tweet\" readability=\"5\">\n<p lang=\"es\" dir=\"ltr\">\u00a1NO PUEDE SER, PIPA! Benedetto tuvo una chance inmejorable de penal para el 1-0 de <a href=\"https:\/\/twitter.com\/hashtag\/Boca?src=hash&amp;ref_src=twsrc%5Etfw\">#Boca<\/a> ante <a href=\"https:\/\/twitter.com\/hashtag\/Corinthians?src=hash&amp;ref_src=twsrc%5Etfw\">#Corinthians<\/a> y el poste le dijo que no en la CONMEBOL <a href=\"https:\/\/twitter.com\/hashtag\/Libertadores?src=hash&amp;ref_src=twsrc%5Etfw\">#Libertadores<\/a>. <a href=\"https:\/\/t.co\/sTcxAuSRHf\">pic.twitter.com\/sTcxAuSRHf<\/a><\/p>\n<p>\u2014 ESPN Argentina (@ESPNArgentina) <a href=\"https:\/\/twitter.com\/ESPNArgentina\/status\/1544494750253912064?ref_src=twsrc%5Etfw\">July 6, 2022<\/a><\/p><\/blockquote>\n<p>El siguiente aviso de que Boca estaba imponiendo condiciones en su casa lleg\u00f3 justamente del otro costado de la cancha, cuando Zeballos desequilibr\u00f3 a Fabio Santos y lanz\u00f3 un preciso centro para la entrada franca de Dar\u00edo Benedetto, que en su cent\u00e9sima presentaci\u00f3n con la camiseta auriazul conect\u00f3 defectuosamente de derecha enviando el bal\u00f3n muy por encima del travesa\u00f1o desde adentro de la propia \u00e1rea chica.<\/p>\n<figure class=\"mb-3\"><img loading=\"lazy\" src=\"http:\/\/nuevacordoba.net\/wp-content\/uploads\/2022\/07\/boca-fallo-en-los-penales-y-quedo-eliminado-ante-corinthians-que-avanzo-a-cuartos-3.jpg\" width=\"100%\" height=\"100%\" alt=\"Foto Alfredo Luna \"><figcaption> Foto: Alfredo Luna <\/figcaption><\/figure>\n<p>Este fue el preanuncio de un primer tiempo fatal para el atacante \u00abxeneize\u00bb, ya que sobre la media hora iba a tener la mejor oportunidad posible para poner a su equipo en ventaja y la malogr\u00f3.<\/p>\n<p>La ocasi\u00f3n se gener\u00f3 tras un codazo en su \u00e1rea de Ra\u00fal Gustavo sobre el rostro de Guillermo \u00abPol\u00bb Fern\u00e1ndez que deriv\u00f3 en un penal sancionado a trav\u00e9s del VAR por el \u00e1rbitro uruguayo Andr\u00e9s Matonte y Benedetto termin\u00f3 estrellando contra el palo izquierdo del arco de los paulistas. Despu\u00e9s mandar\u00eda a la tribuna el quinto en la definici\u00f3n por penales.<\/p>\n<p>A partir de all\u00ed se apag\u00f3 un tanto ese fuego de media hora que hab\u00eda tenido color azul y amarillo, en parte porque el local sinti\u00f3 el impacto an\u00edmico de una noche que estaba viniendo torcida y otro tanto porque los visitantes se entonaron con su trabajo defensivo al ver que la suerte no le estaba resultando esquiva.<\/p>\n<p>Esto se hizo extensivo al segundo tiempo, pero m\u00e1s que nada porque los boquense ya no pudieron generar las mencionadas llegadas claras de la etapa inicial ante un rival apreciablemente interior.<\/p>\n<p>Lo mejor del complemento entonces se dio por el costado izquierdo del ataque local con el t\u00e1ndem colombiano Frank Fabra-Villa, ya que por el otro lado Zeballos no tuvo la misma participaci\u00f3n del primer tiempo y de hecho termin\u00f3 siendo el \u00fanico cambio que ensay\u00f3 Battaglia, al ser relevado como en la ida por Juan Ram\u00edrez promediando el complemento.<\/p>\n<figure class=\"mb-3\"><img loading=\"lazy\" src=\"http:\/\/nuevacordoba.net\/wp-content\/uploads\/2022\/07\/boca-fallo-en-los-penales-y-quedo-eliminado-ante-corinthians-que-avanzo-a-cuartos-4.jpg\" width=\"100%\" height=\"100%\" alt=\"Foto Alfredo Luna \"><figcaption> Foto: Alfredo Luna . <\/figcaption><\/figure>\n<p>Pero como Boca avanzaba pero no atacaba, los brasile\u00f1os empezaron a sentirse m\u00e1s c\u00f3modos y a apostar cada vez con m\u00e1s fichas a un empate como el 0-0 de la ida que los condujera a la definici\u00f3n por penales.<\/p>\n<p>Y esto lo advirti\u00f3 la hinchada \u00abxeneize\u00bb, que le empez\u00f3 a reclamar mayor \u00abprodigalidad\u00bb a sus jugadores ante el temor de que alguna vez la historia habitualmente favorable desde los 12 pasos termine fallando.<\/p>\n<p>Pero la arenga no logr\u00f3 encender esa chispa que se les reclamaba a sus futbolistas y entonces el camino seco condujo inevitablemente as los disparos desde el punto del penal, donde los m\u00e9ritos o dem\u00e9ritos de los 90 minutos quedan archivados en el caj\u00f3n de las excusas y los lamentos para siempre.<\/p>\n<p>A Battaglia se le hab\u00edan reprochado las formas en las que hab\u00eda llegado a definiciones por tiros penales finalmente ganadoras ante Racing Club por la Copa de la Liga Profesional y Talleres, de C\u00f3rdoba, por Copa Argentina.<\/p>\n<p>En esas oportunidades Boca sali\u00f3 victorioso desde los 12 pasos jugando mal durante los 90 minutos regulares. Esta vez ocurri\u00f3 todo lo contrario.<\/p>\n","protected":false},"excerpt":{"rendered":"<p>Foto: Alfredo Luna Boca Juniors se qued\u00f3 este martes afuera de la Copa Libertadores en octavos de final al caer por 6 a 5 ante Corinthians en definici\u00f3n por tiros penales luego de empatar 0 a 0 en la Bombonera tal como hab\u00eda ocurrido en los 90 minutos regulares de la semana pasada en Brasil. [&hellip;]<\/p>\n","protected":false},"author":1,"featured_media":21672,"comment_status":"closed","ping_status":"closed","sticky":false,"template":"","format":"standard","meta":[],"categories":[10],"tags":[],"_links":{"self":[{"href":"http:\/\/nuevacordoba.net\/index.php\/wp-json\/wp\/v2\/posts\/21671"}],"collection":[{"href":"http:\/\/nuevacordoba.net\/index.php\/wp-json\/wp\/v2\/posts"}],"about":[{"href":"http:\/\/nuevacordoba.net\/index.php\/wp-json\/wp\/v2\/types\/post"}],"author":[{"embeddable":true,"href":"http:\/\/nuevacordoba.net\/index.php\/wp-json\/wp\/v2\/users\/1"}],"replies":[{"embeddable":true,"href":"http:\/\/nuevacordoba.net\/index.php\/wp-json\/wp\/v2\/comments?post=21671"}],"version-history":[{"count":0,"href":"http:\/\/nuevacordoba.net\/index.php\/wp-json\/wp\/v2\/posts\/21671\/revisions"}],"wp:featuredmedia":[{"embeddable":true,"href":"http:\/\/nuevacordoba.net\/index.php\/wp-json\/wp\/v2\/media\/21672"}],"wp:attachment":[{"href":"http:\/\/nuevacordoba.net\/index.php\/wp-json\/wp\/v2\/media?parent=21671"}],"wp:term":[{"taxonomy":"category","embeddable":true,"href":"http:\/\/nuevacordoba.net\/index.php\/wp-json\/wp\/v2\/categories?post=21671"},{"taxonomy":"post_tag","embeddable":true,"href":"http:\/\/nuevacordoba.net\/index.php\/wp-json\/wp\/v2\/tags?post=21671"}],"curies":[{"name":"wp","href":"https:\/\/api.w.org\/{rel}","templated":true}]}}