{"id":21679,"date":"2022-07-06T03:04:06","date_gmt":"2022-07-06T03:04:06","guid":{"rendered":"https:\/\/puntoapunto.com.ar\/?p=335267"},"modified":"2022-07-06T03:04:06","modified_gmt":"2022-07-06T03:04:06","slug":"lee-la-edicion-semanal-de-punto-a-punto-batakaso-a-las-expectativas","status":"publish","type":"post","link":"http:\/\/nuevacordoba.net\/index.php\/2022\/07\/06\/lee-la-edicion-semanal-de-punto-a-punto-batakaso-a-las-expectativas\/","title":{"rendered":"Le\u00e9 la edici\u00f3n semanal de Punto a Punto: BataKaso a las expectativas"},"content":{"rendered":"<div class=\"g g-34\">\n<div class=\"g-single a-29\"><a class=\"gofollow\" data-track=\"MjksMzQsMSw2MA==\" href=\"https:\/\/www.harmoniechateau.com.ar\/\" target=\"_blank\" rel=\"noopener\"><img src=\"http:\/\/nuevacordoba.net\/wp-content\/uploads\/2022\/07\/lee-la-edicion-semanal-de-punto-a-punto-batakaso-a-las-expectativas.gif\"><\/a><\/div>\n<\/div>\n<p>La intempestiva<strong> renuncia de Mart\u00edn Guzm\u00e1n<\/strong> y el desembarco de <strong>Silvina Batakis<\/strong> en el ministerio de Econom\u00eda est\u00e1 siendo un duro golpe para el sector privado y los mercados que esperaban otra resoluci\u00f3n a la crisis pol\u00edtica y de confianza que vive el pa\u00eds. Analizan<strong> John Walker, Gisela Veritier y Gast\u00f3n Utrera. El impacto en el agro, el real estate y el comercio exterior y la industria.<\/strong><\/p>\n<p><strong>Le\u00e9 la revista en tu dispositivo preferido<\/strong><\/p>\n<p><a href=\"https:\/\/indd.adobe.com\/view\/987928ba-e5ca-49ed-b528-0dddd6f1b2f3\" target=\"_blank\" rel=\"noopener\"><img loading=\"lazy\" class=\"alignnone wp-image-333727 size-medium\" src=\"http:\/\/nuevacordoba.net\/wp-content\/uploads\/2022\/07\/lee-la-edicion-semanal-de-punto-a-punto-batakaso-a-las-expectativas.jpg\" alt width=\"300\" height=\"50\" srcset=\"http:\/\/nuevacordoba.net\/wp-content\/uploads\/2022\/07\/lee-la-edicion-semanal-de-punto-a-punto-batakaso-a-las-expectativas.jpg 300w, http:\/\/nuevacordoba.net\/wp-content\/uploads\/2022\/07\/lee-la-edicion-semanal-de-punto-a-punto-batakaso-a-las-expectativas-1.jpg 768w, http:\/\/nuevacordoba.net\/wp-content\/uploads\/2022\/07\/lee-la-edicion-semanal-de-punto-a-punto-batakaso-a-las-expectativas-2.jpg 750w, http:\/\/nuevacordoba.net\/wp-content\/uploads\/2022\/07\/lee-la-edicion-semanal-de-punto-a-punto-batakaso-a-las-expectativas-3.jpg 900w\" sizes=\"(max-width: 300px) 100vw, 300px\"><\/a><\/p>\n","protected":false},"excerpt":{"rendered":"<p>La intempestiva renuncia de Mart\u00edn Guzm\u00e1n y el desembarco de Silvina Batakis en el ministerio de Econom\u00eda est\u00e1 siendo un duro golpe para el sector privado y los mercados que esperaban otra resoluci\u00f3n a la crisis pol\u00edtica y de confianza que vive el pa\u00eds. Analizan John Walker, Gisela Veritier y Gast\u00f3n Utrera. El impacto en [&hellip;]<\/p>\n","protected":false},"author":1,"featured_media":21680,"comment_status":"open","ping_status":"closed","sticky":false,"template":"","format":"standard","meta":[],"categories":[14],"tags":[],"_links":{"self":[{"href":"http:\/\/nuevacordoba.net\/index.php\/wp-json\/wp\/v2\/posts\/21679"}],"collection":[{"href":"http:\/\/nuevacordoba.net\/index.php\/wp-json\/wp\/v2\/posts"}],"about":[{"href":"http:\/\/nuevacordoba.net\/index.php\/wp-json\/wp\/v2\/types\/post"}],"author":[{"embeddable":true,"href":"http:\/\/nuevacordoba.net\/index.php\/wp-json\/wp\/v2\/users\/1"}],"replies":[{"embeddable":true,"href":"http:\/\/nuevacordoba.net\/index.php\/wp-json\/wp\/v2\/comments?post=21679"}],"version-history":[{"count":0,"href":"http:\/\/nuevacordoba.net\/index.php\/wp-json\/wp\/v2\/posts\/21679\/revisions"}],"wp:featuredmedia":[{"embeddable":true,"href":"http:\/\/nuevacordoba.net\/index.php\/wp-json\/wp\/v2\/media\/21680"}],"wp:attachment":[{"href":"http:\/\/nuevacordoba.net\/index.php\/wp-json\/wp\/v2\/media?parent=21679"}],"wp:term":[{"taxonomy":"category","embeddable":true,"href":"http:\/\/nuevacordoba.net\/index.php\/wp-json\/wp\/v2\/categories?post=21679"},{"taxonomy":"post_tag","embeddable":true,"href":"http:\/\/nuevacordoba.net\/index.php\/wp-json\/wp\/v2\/tags?post=21679"}],"curies":[{"name":"wp","href":"https:\/\/api.w.org\/{rel}","templated":true}]}}