{"id":21681,"date":"2022-07-05T20:36:40","date_gmt":"2022-07-05T20:36:40","guid":{"rendered":"https:\/\/www.ole.com.ar\/autos\/canapino-heptacampeon-regresa-top-race-_0_zgioKCIzPr.html"},"modified":"2022-07-05T20:36:40","modified_gmt":"2022-07-05T20:36:40","slug":"el-heptacampeon-canapino-vuelve-al-top-race","status":"publish","type":"post","link":"http:\/\/nuevacordoba.net\/index.php\/2022\/07\/05\/el-heptacampeon-canapino-vuelve-al-top-race\/","title":{"rendered":"El heptacampe\u00f3n Canapino vuelve al Top Race"},"content":{"rendered":"<p>La noticia del d\u00eda del automovilismo nacional la dio el<strong>&nbsp;<\/strong><a alt=\"top-race\" class=\"slug\" href=\"https:\/\/www.ole.com.ar\/tema\/top-race.html\" target=\"_blank\" title=\"top-race\" rel=\"noopener\">Top Race<\/a>.&nbsp;En la previa de la sexta fecha del torneo,&nbsp;<a alt=\"agustin-canapino\" class=\"slug\" href=\"https:\/\/www.ole.com.ar\/tema\/agustin-canapino.html\" target=\"_blank\" title=\"agustin-canapino\" rel=\"noopener\">Agust\u00edn Canapino<\/a>&nbsp;volver\u00e1 la categor\u00eda despu\u00e9s de casi tres a\u00f1os: ser\u00e1 el compa\u00f1ero de<strong> Lucas Guerra<\/strong>&nbsp;<strong>en la carrera&nbsp;de binomios, que se realizar\u00e1 este domingo en San Juan Villicum y que contar\u00e1 con pilotos invitados<\/strong>. El Tit\u00e1n de Arrecifes es el m\u00e1ximo ganador de la categor\u00eda, donde no compite desde 2019.<\/p>\n<div class=\"sp__Normal\">\n<div class=\"image-embeb image-trigger\" readability=\"6\">\n<picture><source media=\"(min-width: 720px)\" srcset=\"http:\/\/nuevacordoba.net\/wp-content\/uploads\/2022\/07\/el-heptacampeon-canapino-vuelve-al-top-race.jpg\"><img itemprop=\"image\" src=\"http:\/\/nuevacordoba.net\/wp-content\/uploads\/2022\/07\/el-heptacampeon-canapino-vuelve-al-top-race.jpg\" loading=\"lazy\" alt=\"Canapino y Guerra estar\u00e1n en la sexta fecha del Top Race. Foto: Top Race\">\n<\/picture><figcaption readability=\"2\">\n<p>Canapino y Guerra estar\u00e1n en la sexta fecha del Top Race. Foto: Top Race\n<\/p>\n<\/figcaption><\/div>\n<\/div>\n<p> El piloto arrecife\u00f1o<strong> le confirm\u00f3 a Carburando que estar\u00e1 como invitado de Guerra y ambos compartir\u00e1n el Chevrolet Cruze<\/strong> por pedido de Canapino. \u201c<strong>No le pod\u00eda decir que no a Lucas<\/strong>, que es un amigo, y adem\u00e1s<strong> ten\u00eda muchas ganas de volver a correr en el Top Race<\/strong>. Pero la condici\u00f3n era que cambiar\u00e1n el modelo del auto\u201d, coment\u00f3.<\/p>\n<div class=\"sp__SM\">\n<div class=\"content-new \">\n<span class=\"tit-mobile\">Mir\u00e1 tambi\u00e9n<\/span><\/p>\n<div class=\"mg\">\n<div class=\"wrap-figure\">\n<picture>\n<a href=\"https:\/\/www.ole.com.ar\/autos\/mejor-deportista-actualidad_0_HrGYYJnTXt.html\" target=\"_self\" rel=\"noopener\"><br \/>\n<img class=\"img-responsive\" alt=\"&quot;Checo P\u00e9rez es el mejor deportista mexicano de la actualidad&quot;\" src=\"http:\/\/nuevacordoba.net\/wp-content\/uploads\/2022\/07\/el-heptacampeon-canapino-vuelve-al-top-race-1.jpg\" loading=\"lazy\"><br \/>\n<\/a>\n<\/picture>\n<\/div>\n<\/div><\/div>\n<\/div>\n<p><a alt=\"agustin-canapino\" class=\"slug\" href=\"https:\/\/www.ole.com.ar\/tema\/agustin-canapino.html\" target=\"_blank\" title=\"agustin-canapino\" rel=\"noopener\">Canapino<\/a>, tambi\u00e9n, se mostr\u00f3 muy agradecido con la categor\u00eda, a la que&nbsp;recuerda con mucho cari\u00f1o: \u201c<strong>Lo que me dio la categor\u00eda es much\u00edsimo.&nbsp;<\/strong>M\u00e1s all\u00e1 de los campeonatos,<strong><\/strong> fue el lugar en donde me pude mostrar y disfrutar de poder correr en autos\u201d. Sin dudas, uno de los regresos m\u00e1s esperados, aunque solo se trate de una fecha.<\/p>\n<div class=\"sp__Normal\">\n<div class=\"image-embeb image-trigger\" readability=\"6\">\n<picture><source media=\"(min-width: 720px)\" srcset=\"http:\/\/nuevacordoba.net\/wp-content\/uploads\/2022\/07\/el-heptacampeon-canapino-vuelve-al-top-race-2.jpg\"><img itemprop=\"image\" src=\"http:\/\/nuevacordoba.net\/wp-content\/uploads\/2022\/07\/el-heptacampeon-canapino-vuelve-al-top-race-2.jpg\" loading=\"lazy\" alt=\"Canapino lider\u00f3 la 2\u00b0 fecha en Concordia.\">\n<\/picture><figcaption readability=\"2\">\n<p>Canapino lider\u00f3 la 2\u00b0 fecha en Concordia.\n<\/p>\n<\/figcaption><\/div>\n<\/div>\n<p> <strong>Agust\u00edn es el m\u00e1ximo campe\u00f3n de la categor\u00eda<\/strong>, en la que consigui\u00f3 siete t\u00edtulos. <strong>El primero lo logr\u00f3 en 2010, con apenas 20 a\u00f1os<\/strong> y como piloto de un Mercedes-Benz C-203. Desde all\u00ed, todos sus t\u00edtulos siguientes fueron con el mismo auto (<strong>2011, 2012, 2013, 2014, 2016, 2017<\/strong>).<\/p>\n<div class=\"sp__SM\">\n<div class=\"content-new \">\n<span class=\"tit-mobile\">Mir\u00e1 tambi\u00e9n<\/span><\/p>\n<div class=\"mg\">\n<div class=\"wrap-figure\">\n<picture>\n<a href=\"https:\/\/www.ole.com.ar\/autos\/llaver-hablo-victoria_0_SzqKCKoBAE.html\" target=\"_self\" rel=\"noopener\"><br \/>\n<img class=\"img-responsive\" alt=\"&quot;Ten\u00eda el mejor auto&quot;\" src=\"http:\/\/nuevacordoba.net\/wp-content\/uploads\/2022\/07\/el-heptacampeon-canapino-vuelve-al-top-race-3.jpg\" loading=\"lazy\"><br \/>\n<\/a>\n<\/picture>\n<\/div>\n<\/div><\/div>\n<\/div>\n<p>La \u00faltima vez que el arrecife\u00f1o corri\u00f3 en la categor\u00eda fue en la \u00faltima fecha de 2019, el 8 de diciembre en el Aut\u00f3dromo de Nueve de Julio,&nbsp;Buenos Aires. <strong>Despu\u00e9s de sus a\u00f1os de gloria, el Tit\u00e1n volver\u00e1 junto al equipo Halc\u00f3n Motorsport<\/strong>.<\/p>\n<div class=\"sp__Normal\">\n<div class=\"image-embeb image-trigger\" readability=\"6\">\n<picture><source media=\"(min-width: 720px)\" srcset=\"http:\/\/nuevacordoba.net\/wp-content\/uploads\/2022\/07\/el-heptacampeon-canapino-vuelve-al-top-race-4.jpg\"><img itemprop=\"image\" src=\"http:\/\/nuevacordoba.net\/wp-content\/uploads\/2022\/07\/el-heptacampeon-canapino-vuelve-al-top-race-4.jpg\" loading=\"lazy\" alt=\"Canapino lider\u00e1 en campeonato del TC2000.\">\n<\/picture><figcaption readability=\"2\">\n<p>Canapino lider\u00e1 en campeonato del TC2000.\n<\/p>\n<\/figcaption><\/div>\n<\/div>\n<p>Actualmente, el Cabez\u00f3n se encuentra disputando el campeonato del <a alt=\"turismo-carretera\" class=\"slug\" href=\"https:\/\/www.ole.com.ar\/tema\/turismo-carretera.html\" target=\"_blank\" title=\"turismo-carretera\" rel=\"noopener\">Turismo Carretera<\/a>, <strong>en el que fue campe\u00f3n en cuatro ocasiones<\/strong> (2010, 2017, 2018 y 2019), <strong>y al cabo de siete fechas es el l\u00edder, <\/strong>con tres carreras ganadas en su haber. <strong>Tambi\u00e9n, lidera en el<\/strong> <a alt=\"tc2000\" class=\"slug\" href=\"https:\/\/www.ole.com.ar\/tema\/tc2000.html\" target=\"_blank\" title=\"tc2000\" rel=\"noopener\">TC2000<\/a> luego de cinco fechas, aunque en este caso la punta la comparte con Bernardo Llaver.<\/p>\n<div class=\"sp__Normal\">\n<div class=\"image-embeb image-trigger\" readability=\"6\">\n<picture><source media=\"(min-width: 720px)\" srcset=\"http:\/\/nuevacordoba.net\/wp-content\/uploads\/2022\/07\/el-heptacampeon-canapino-vuelve-al-top-race-5.jpg\"><img itemprop=\"image\" src=\"http:\/\/nuevacordoba.net\/wp-content\/uploads\/2022\/07\/el-heptacampeon-canapino-vuelve-al-top-race-5.jpg\" loading=\"lazy\" alt=\"Canapino pele\u00f3 la punta hasta el final en el campeonato 2018.\">\n<\/picture><figcaption readability=\"2\">\n<p>Canapino pele\u00f3 la punta hasta el final en el campeonato 2018.\n<\/p>\n<\/figcaption><\/div>\n<\/div>\n<p>Canapino ya fue invitado de Guerra en la tercera fecha de&nbsp;2014, en San Luis, y <strong>ambos ganaron aquella final del Top Race Series<\/strong>. En esa temporada, Guerra logr\u00f3 el campeonato de la divisional y ambos compet\u00edan para el equipo Sportteam. Hoy en d\u00eda,&nbsp;<strong>Lucas Guerra, quien compite&nbsp;con Ford, est\u00e1 5\u00b0 en el campeonato, con 95 puntos.<\/strong><\/p>\n<div class=\"sp__SM\">\n<div class=\"content-new \">\n<span class=\"tit-mobile\">Mir\u00e1 tambi\u00e9n<\/span><\/p>\n<div class=\"mg\">\n<div class=\"wrap-figure\">\n<picture>\n<a href=\"https:\/\/www.ole.com.ar\/autos\/guanyu-zhou-accidente-formula1-f1_0_ZeKxG56Uve.html\" target=\"_self\" rel=\"noopener\"><br \/>\n<img class=\"img-responsive\" alt=\"Zhou: &quot;El halo me salv\u00f3 la vida&quot;\" src=\"http:\/\/nuevacordoba.net\/wp-content\/uploads\/2022\/07\/el-heptacampeon-canapino-vuelve-al-top-race-6.jpg\" loading=\"lazy\"><br \/>\n<\/a>\n<\/picture>\n<\/div>\n<\/div><\/div>\n<\/div>\n<h2><strong>\u200bLa mirada del Titan sobre el Top Race<\/strong><br \/><\/h2>\n<p>\u201c<strong>Si bien no son los autos de 2012<\/strong>&nbsp;cuando hab\u00eda libertad de altura, motores m\u00e1s \u2018picantes\u2019 y gomas turcas, <strong>s\u00ed me gusta de la categor\u00eda que al ser todos los autos y motores muy parecidos les da la oportunidad a que los pilotos se destaquen<\/strong>\u201d, asegur\u00f3 en una nota para el medio Campeones.<\/p>\n<p>Canapino tambien comparti\u00f3 su <strong>ilusi\u00f3n sobre los posibles invitados<\/strong> para la sexta fecha del Top Race:&nbsp;\u201cOjal\u00e1 vengan (Matias) <strong>Rossi<\/strong>,&nbsp;<strong>Barrichello<\/strong> (quien ya fue confirmado como compa\u00f1ero del actual campe\u00f3n Diego Azar) y (Emiliano) <strong>Spataro<\/strong>, para que sea un gran evento como se lo merece\u201d.<\/p>\n<div class=\"entry-tags\">\n<h2>TEMAS QUE APARECEN EN ESTA NOTA<\/h2>\n<\/p><\/div>\n","protected":false},"excerpt":{"rendered":"<p>La noticia del d\u00eda del automovilismo nacional la dio el&nbsp;Top Race.&nbsp;En la previa de la sexta fecha del torneo,&nbsp;Agust\u00edn Canapino&nbsp;volver\u00e1 la categor\u00eda despu\u00e9s de casi tres a\u00f1os: ser\u00e1 el compa\u00f1ero de Lucas Guerra&nbsp;en la carrera&nbsp;de binomios, que se realizar\u00e1 este domingo en San Juan Villicum y que contar\u00e1 con pilotos invitados. El Tit\u00e1n de Arrecifes [&hellip;]<\/p>\n","protected":false},"author":1,"featured_media":21682,"comment_status":"closed","ping_status":"closed","sticky":false,"template":"","format":"standard","meta":[],"categories":[10],"tags":[],"_links":{"self":[{"href":"http:\/\/nuevacordoba.net\/index.php\/wp-json\/wp\/v2\/posts\/21681"}],"collection":[{"href":"http:\/\/nuevacordoba.net\/index.php\/wp-json\/wp\/v2\/posts"}],"about":[{"href":"http:\/\/nuevacordoba.net\/index.php\/wp-json\/wp\/v2\/types\/post"}],"author":[{"embeddable":true,"href":"http:\/\/nuevacordoba.net\/index.php\/wp-json\/wp\/v2\/users\/1"}],"replies":[{"embeddable":true,"href":"http:\/\/nuevacordoba.net\/index.php\/wp-json\/wp\/v2\/comments?post=21681"}],"version-history":[{"count":0,"href":"http:\/\/nuevacordoba.net\/index.php\/wp-json\/wp\/v2\/posts\/21681\/revisions"}],"wp:featuredmedia":[{"embeddable":true,"href":"http:\/\/nuevacordoba.net\/index.php\/wp-json\/wp\/v2\/media\/21682"}],"wp:attachment":[{"href":"http:\/\/nuevacordoba.net\/index.php\/wp-json\/wp\/v2\/media?parent=21681"}],"wp:term":[{"taxonomy":"category","embeddable":true,"href":"http:\/\/nuevacordoba.net\/index.php\/wp-json\/wp\/v2\/categories?post=21681"},{"taxonomy":"post_tag","embeddable":true,"href":"http:\/\/nuevacordoba.net\/index.php\/wp-json\/wp\/v2\/tags?post=21681"}],"curies":[{"name":"wp","href":"https:\/\/api.w.org\/{rel}","templated":true}]}}