{"id":21683,"date":"2022-07-06T00:15:15","date_gmt":"2022-07-06T00:15:15","guid":{"rendered":"https:\/\/www.ole.com.ar\/futbol-ascenso\/p-nacional-moron_0_FB9U5UudW8.html"},"modified":"2022-07-06T00:15:15","modified_gmt":"2022-07-06T00:15:15","slug":"vuelve-un-gallito-despues-de-dos-fechas","status":"publish","type":"post","link":"http:\/\/nuevacordoba.net\/index.php\/2022\/07\/06\/vuelve-un-gallito-despues-de-dos-fechas\/","title":{"rendered":"Vuelve un Gallito despu\u00e9s de dos fechas"},"content":{"rendered":"<p>Deportivo Mor\u00f3n no pasa por un buen momento futbol\u00edstico e incluso en los \u00faltimo tres partidos obtuvo puro empates. La dupla t\u00e9cnica comandada por Alejandro Migliardi y Joaqu\u00edn Iturrer\u00eda necesitan volver a la victoria y volver a sumar de a tres. <\/p>\n<div class=\"sp__SM\">\n<div class=\"content-new \">\n<span class=\"tit-mobile\">Mir\u00e1 tambi\u00e9n<\/span><\/p>\n<div class=\"mg\">\n<div class=\"wrap-figure\">\n<picture>\n<a href=\"https:\/\/www.ole.com.ar\/futbol-ascenso\/p-nacional-all-boys-bianchi_0_aCfFMSPpa5.html\" target=\"_self\" rel=\"noopener\"><br \/>\n<img class=\"img-responsive\" alt=\"En cualquier \u00e9poca, Bianchi es el apellido del gol\" src=\"http:\/\/nuevacordoba.net\/wp-content\/uploads\/2022\/07\/vuelve-un-gallito-despues-de-dos-fechas.jpg\" loading=\"lazy\"><br \/>\n<\/a>\n<\/picture>\n<\/div>\n<\/div><\/div>\n<\/div>\n<div class=\"sp__SM\">\n<div class=\"content-new \">\n<span class=\"tit-mobile\">Mir\u00e1 tambi\u00e9n<\/span><\/p>\n<div class=\"mg\">\n<div class=\"wrap-figure\">\n<picture>\n<a href=\"https:\/\/www.ole.com.ar\/futbol-ascenso\/p-nacional-belgrano-refuerzo_0_MoUBXLN8mm.html\" target=\"_self\" rel=\"noopener\"><br \/>\n<img class=\"img-responsive\" alt=\"El Pirata sumar\u00e1 un nuevo refuerzo\" src=\"http:\/\/nuevacordoba.net\/wp-content\/uploads\/2022\/07\/vuelve-un-gallito-despues-de-dos-fechas-1.jpg\" loading=\"lazy\"><br \/>\n<\/a>\n<\/picture>\n<\/div>\n<\/div><\/div>\n<\/div>\n<p>Para eso, los entrenadores podr\u00e1n contar nuevamente con la nueva incorporaci\u00f3n del Gallito: Javier Bayk. El mediocampista vio la roja ante Almirante Brown por un planchazo que lo dej\u00f3 afuera por dos fechas. Rodrigo Rivero, \u00e1rbitro de aquel encuentro, no dudo y le sac\u00f3 la roja directa.<\/p>\n<p>El futbolista de 28 a\u00f1os tendr\u00e1 la posibilidad de volver al 11 inicial en el partido que los enfrenta a Temperley por la fecha n\u00famero 23. En principio la dupla optar\u00eda Gast\u00f3n Gonz\u00e1lez jugador que lo reemplazo ante Gimnasia de Jujuy.<\/p>\n<div class=\"sp__SM\">\n<div class=\"content-new \">\n<span class=\"tit-mobile\">Mir\u00e1 tambi\u00e9n<\/span><\/p>\n<div class=\"mg\">\n<div class=\"wrap-figure\">\n<picture>\n<a href=\"https:\/\/www.ole.com.ar\/futbol-ascenso\/primera-d-dep-paraguayo-entrenador_0_Y6bJZ1vLbB.html\" target=\"_self\" rel=\"noopener\"><br \/>\n<img class=\"img-responsive\" alt=\"Deportivo Paraguayo se qued\u00f3 sin entrenador\" src=\"http:\/\/nuevacordoba.net\/wp-content\/uploads\/2022\/07\/vuelve-un-gallito-despues-de-dos-fechas-2.jpg\" loading=\"lazy\"><br \/>\n<\/a>\n<\/picture>\n<\/div>\n<\/div><\/div>\n<\/div>\n<div class=\"sp__SM\">\n<div class=\"content-new \">\n<span class=\"tit-mobile\">Mir\u00e1 tambi\u00e9n<\/span><\/p>\n<div class=\"mg\">\n<div class=\"wrap-figure\">\n<picture>\n<a href=\"https:\/\/www.ole.com.ar\/futbol-ascenso\/ascenso-chicago-primera-nacional_0_2dG3FPcL5k.html\" target=\"_self\" rel=\"noopener\"><br \/>\n<img class=\"img-responsive\" alt=\"Dos bajas para Chicago\" src=\"http:\/\/nuevacordoba.net\/wp-content\/uploads\/2022\/07\/vuelve-un-gallito-despues-de-dos-fechas-3.jpg\" loading=\"lazy\"><br \/>\n<\/a>\n<\/picture>\n<\/div>\n<\/div><\/div>\n<\/div>\n<div class=\"entry-tags\">\n<h2>TEMAS QUE APARECEN EN ESTA NOTA<\/h2>\n<\/p><\/div>\n","protected":false},"excerpt":{"rendered":"<p>Deportivo Mor\u00f3n no pasa por un buen momento futbol\u00edstico e incluso en los \u00faltimo tres partidos obtuvo puro empates. La dupla t\u00e9cnica comandada por Alejandro Migliardi y Joaqu\u00edn Iturrer\u00eda necesitan volver a la victoria y volver a sumar de a tres. Mir\u00e1 tambi\u00e9n Mir\u00e1 tambi\u00e9n Para eso, los entrenadores podr\u00e1n contar nuevamente con la nueva [&hellip;]<\/p>\n","protected":false},"author":1,"featured_media":21684,"comment_status":"closed","ping_status":"closed","sticky":false,"template":"","format":"standard","meta":[],"categories":[10],"tags":[],"_links":{"self":[{"href":"http:\/\/nuevacordoba.net\/index.php\/wp-json\/wp\/v2\/posts\/21683"}],"collection":[{"href":"http:\/\/nuevacordoba.net\/index.php\/wp-json\/wp\/v2\/posts"}],"about":[{"href":"http:\/\/nuevacordoba.net\/index.php\/wp-json\/wp\/v2\/types\/post"}],"author":[{"embeddable":true,"href":"http:\/\/nuevacordoba.net\/index.php\/wp-json\/wp\/v2\/users\/1"}],"replies":[{"embeddable":true,"href":"http:\/\/nuevacordoba.net\/index.php\/wp-json\/wp\/v2\/comments?post=21683"}],"version-history":[{"count":0,"href":"http:\/\/nuevacordoba.net\/index.php\/wp-json\/wp\/v2\/posts\/21683\/revisions"}],"wp:featuredmedia":[{"embeddable":true,"href":"http:\/\/nuevacordoba.net\/index.php\/wp-json\/wp\/v2\/media\/21684"}],"wp:attachment":[{"href":"http:\/\/nuevacordoba.net\/index.php\/wp-json\/wp\/v2\/media?parent=21683"}],"wp:term":[{"taxonomy":"category","embeddable":true,"href":"http:\/\/nuevacordoba.net\/index.php\/wp-json\/wp\/v2\/categories?post=21683"},{"taxonomy":"post_tag","embeddable":true,"href":"http:\/\/nuevacordoba.net\/index.php\/wp-json\/wp\/v2\/tags?post=21683"}],"curies":[{"name":"wp","href":"https:\/\/api.w.org\/{rel}","templated":true}]}}