{"id":21693,"date":"2022-07-06T12:56:01","date_gmt":"2022-07-06T12:56:01","guid":{"rendered":"http:\/\/cordobanewsnet.wordpress.com\/?p=7056"},"modified":"2022-07-06T12:56:01","modified_gmt":"2022-07-06T12:56:01","slug":"aniversario-de-cordoba-como-funcionan-los-servicios","status":"publish","type":"post","link":"http:\/\/nuevacordoba.net\/index.php\/2022\/07\/06\/aniversario-de-cordoba-como-funcionan-los-servicios\/","title":{"rendered":"Aniversario de C\u00f3rdoba: Como funcionan los servicios"},"content":{"rendered":"<p><!-- \/featured-media --> <\/p>\n<div class=\"post-content clear\" readability=\"43.489164086687\">\n<p>La ciudad de C\u00f3rdoba Capital celebra este mi\u00e9rcoles 6 de julio el 449\u00b0 aniversario de la fundaci\u00f3n de la ciudad, en un d\u00eda no laborable en el \u00e1mbito de la Administraci\u00f3n P\u00fablica Municipal.<\/p>\n<p>Seg\u00fan se inform\u00f3, quedan exceptuados los servicios indispensables y esenciales, que se deber\u00e1n prestar de conformidad a lo que cada \u00e1rea y Secretar\u00eda determine.<\/p>\n<figure class=\"wp-block-image\"><img src=\"http:\/\/nuevacordoba.net\/wp-content\/uploads\/2022\/07\/aniversario-de-cordoba-como-funcionan-los-servicios.jpg\" alt=\"PLAZOLETA DEL FUNDADOR (Archivo\/La Voz).\"><\/figure>\n<p>En tanto, el Palacio 6 de Julio, los Centro de Participaci\u00f3n Comunal y dem\u00e1s oficinas descentralizadas permanecen cerradas.<\/p>\n<h2>EN DETALLE: LOS SERVICIOS PARA ESTE 6 DE JULIO EN C\u00d3RDOBA CAPITAL<\/h2>\n<ul>\n<li>El Transporte Urbano de Pasajeros circula con frecuencias de d\u00eda s\u00e1bado.<\/li>\n<li>La recolecci\u00f3n domiciliaria de residuos es normal.<\/li>\n<li>Testeos Covid-19: Se realizan en la Centro de Testeos 24 horas que funciona en el ex Registro Civil (Col\u00f3n 1775), en Valle Escondido sobre Av. Rep\u00fablica de China al 1.400 y en Paseo del Jockey en Bv. El\u00edas Yofre y Nores Mart\u00ednez de 8 horas a 14 horas.<\/li>\n<li>El Estacionamiento Medido y Controlado es gratuito en los lugares permitidos, excepto en el parque Sarmiento.<\/li>\n<li>El cementerio San Jer\u00f3nimo permanece abierto de 8 a 17 horas y el San Vicente lo har\u00e1 de 8 a 14 horas.<\/li>\n<li>Las plantas de Inspecci\u00f3n T\u00e9cnica Vehicular trabajan con normalidad.<\/li>\n<\/ul>\n<div id=\"jp-post-flair\" class=\"sharedaddy sd-like-enabled sd-sharing-enabled\">\n<div class=\"sharedaddy sd-sharing-enabled\">\n<div class=\"robots-nocontent sd-block sd-social sd-social-icon-text sd-sharing\">\n<h3 class=\"sd-title\">Share this:<\/h3>\n<\/div>\n<\/div>\n<div class=\"sharedaddy sd-block sd-like jetpack-likes-widget-wrapper jetpack-likes-widget-unloaded\" id=\"like-post-wrapper-143108178-7056-62c62a75cc83e\" data-src=\"\/\/widgets.wp.com\/likes\/index.html?ver=20220105#blog_id=143108178&amp;post_id=7056&amp;origin=cordobanewsnet.wordpress.com&amp;obj_id=143108178-7056-62c62a75cc83e\" data-name=\"like-post-frame-143108178-7056-62c62a75cc83e\" data-title=\"Me gusta o Compartir\">\n<h3 class=\"sd-title\">Me gusta esto:<\/h3>\n<p><span class=\"button\"><span>Me gusta<\/span><\/span> <span class=\"loading\">Cargando&#8230;<\/span><\/p>\n<p><span class=\"sd-text-color\"><\/span><\/div>\n<p><h3 class=\"jp-relatedposts-headline\"><em>Relacionado<\/em><\/h3>\n<\/p>\n<\/div><\/div>\n<p><!--\/.post-content--> <\/p>\n<footer class=\"post-meta-container clear\" readability=\"0.34210526315789\">\n<div class=\"entry-author author-avatar-show\" readability=\"13.114754098361\">\n<div class=\"author-avatar\"> <img loading=\"lazy\" alt src=\"http:\/\/nuevacordoba.net\/wp-content\/uploads\/2022\/07\/aniversario-de-cordoba-como-funcionan-los-servicios.png\" class=\"avatar avatar-90\" height=\"90\" width=\"90\"> <\/div>\n<p><!-- .author-avatar --> <\/p>\n<p><h2 class=\"author-title\">Publicado por <span class=\"author-name\">Redacci\u00f3n<\/span><\/h2>\n<\/p>\n<p><!-- .author-heading --> <\/p>\n<p class=\"author-bio\"> <a class=\"author-link\" href=\"https:\/\/cordobanewsnet.wordpress.com\/author\/prettomatias\/\" rel=\"author\"> Ver todas las entradas de Redacci\u00f3n <\/a> <\/p>\n<p><!-- .author-bio --> <\/div>\n<p><!-- .entry-auhtor --> <\/footer>\n<p> <!-- \/post-meta-container --> <!-- #respond --> <\/p>\n","protected":false},"excerpt":{"rendered":"<p>La ciudad de C\u00f3rdoba Capital celebra este mi\u00e9rcoles 6 de julio el 449\u00b0 aniversario de la fundaci\u00f3n de la ciudad, en un d\u00eda no laborable en el \u00e1mbito de la Administraci\u00f3n P\u00fablica Municipal. Seg\u00fan se inform\u00f3, quedan exceptuados los servicios indispensables y esenciales, que se deber\u00e1n prestar de conformidad a lo que cada \u00e1rea y [&hellip;]<\/p>\n","protected":false},"author":1,"featured_media":21694,"comment_status":"closed","ping_status":"closed","sticky":false,"template":"","format":"standard","meta":[],"categories":[14],"tags":[],"_links":{"self":[{"href":"http:\/\/nuevacordoba.net\/index.php\/wp-json\/wp\/v2\/posts\/21693"}],"collection":[{"href":"http:\/\/nuevacordoba.net\/index.php\/wp-json\/wp\/v2\/posts"}],"about":[{"href":"http:\/\/nuevacordoba.net\/index.php\/wp-json\/wp\/v2\/types\/post"}],"author":[{"embeddable":true,"href":"http:\/\/nuevacordoba.net\/index.php\/wp-json\/wp\/v2\/users\/1"}],"replies":[{"embeddable":true,"href":"http:\/\/nuevacordoba.net\/index.php\/wp-json\/wp\/v2\/comments?post=21693"}],"version-history":[{"count":0,"href":"http:\/\/nuevacordoba.net\/index.php\/wp-json\/wp\/v2\/posts\/21693\/revisions"}],"wp:featuredmedia":[{"embeddable":true,"href":"http:\/\/nuevacordoba.net\/index.php\/wp-json\/wp\/v2\/media\/21694"}],"wp:attachment":[{"href":"http:\/\/nuevacordoba.net\/index.php\/wp-json\/wp\/v2\/media?parent=21693"}],"wp:term":[{"taxonomy":"category","embeddable":true,"href":"http:\/\/nuevacordoba.net\/index.php\/wp-json\/wp\/v2\/categories?post=21693"},{"taxonomy":"post_tag","embeddable":true,"href":"http:\/\/nuevacordoba.net\/index.php\/wp-json\/wp\/v2\/tags?post=21693"}],"curies":[{"name":"wp","href":"https:\/\/api.w.org\/{rel}","templated":true}]}}