{"id":21695,"date":"2022-07-06T15:05:29","date_gmt":"2022-07-06T15:05:29","guid":{"rendered":"https:\/\/cordoba.gob.ar\/?p=28239"},"modified":"2022-07-06T15:05:29","modified_gmt":"2022-07-06T15:05:29","slug":"inicia-la-segunda-jornada-del-congreso-nacional-de-participacion-ciudadana-y-descentralizacion","status":"publish","type":"post","link":"http:\/\/nuevacordoba.net\/index.php\/2022\/07\/06\/inicia-la-segunda-jornada-del-congreso-nacional-de-participacion-ciudadana-y-descentralizacion\/","title":{"rendered":"Inicia la segunda jornada del Congreso Nacional de Participaci\u00f3n Ciudadana y Descentralizaci\u00f3n"},"content":{"rendered":"<div><img src=\"http:\/\/nuevacordoba.net\/wp-content\/uploads\/2022\/07\/inicia-la-segunda-jornada-del-congreso-nacional-de-participacion-ciudadana-y-descentralizacion.jpg\" class=\"ff-og-image-inserted\"><\/div>\n<ul>\n<li><strong>Hoy es el \u00faltimo d\u00eda del encuentro, cuya programaci\u00f3n se desarrollar\u00e1 desde las 9 hasta las 13.30 horas.<\/strong><\/li>\n<li><strong>Cuenta con talleres de di\u00e1logo en simult\u00e1neo y el cuarto panel, donde disertar\u00e1n intendentes y funcionarios de todo el pa\u00eds.<\/strong><\/li>\n<li><strong>El intendente Mart\u00edn Llaryora realizar\u00e1 el cierre del Congreso.<\/strong><\/li>\n<\/ul>\n<hr>\n<p>Hoy mi\u00e9rcoles 6 de julio, se llevar\u00e1 a cabo el segundo y \u00faltimo encuentro del \u201cCongreso Nacional de Participaci\u00f3n Ciudadana y Descentralizaci\u00f3n\u201d, organizado por la Secretar\u00eda de Participaci\u00f3n Ciudadana de la Municipalidad de C\u00f3rdoba.<\/p>\n<p>Tras una primera jornada con m\u00e1s de 800 asistentes, contin\u00faa el evento que tiene como objetivo debatir acerca de c\u00f3mo consolidar gobiernos locales, participativos y descentralizados para avanzar hacia pol\u00edticas p\u00fablicas m\u00e1s eficaces.<\/p>\n<p>Por este motivo, el encuentro federal cuenta con la participaci\u00f3n de intendentes de todo el pa\u00eds, junto a acad\u00e9micos, universitarios, funcionarios, representantes de centros vecinales y asociaciones civiles.<\/p>\n<p>El Congreso se desarrolla en el Qu\u00f3rum C\u00f3rdoba Hotel de forma presencial, y cuenta con la transmisi\u00f3n en vivo a trav\u00e9s de Facebook Live y YouTube de la Municipalidad a trav\u00e9s de este <a href=\"https:\/\/youtu.be\/x-ixLJ65_gI\">link.<\/a><\/p>\n<p>Cabe destacar que, el evento se planific\u00f3 en el marco del aniversario 449 de la fundaci\u00f3n de C\u00f3rdoba, y a un a\u00f1o de la inauguraci\u00f3n del primer Centro Operativo de la ciudad.<\/p>\n<p>Durante esta segunda jornada, habr\u00e1 dos talleres en simult\u00e1neo acerca de los nuevos desaf\u00edos en la participaci\u00f3n ciudadana a nivel local. A posterior, se elaborar\u00e1 un documento con las notas y conclusiones de las instancias de debate vecinal.<\/p>\n<p>Adem\u00e1s, de 12 a 13.30 horas, tendr\u00e1 lugar el \u00faltimo panel titulado \u201cRetos y desaf\u00edos de la Participaci\u00f3n Ciudadana para hacer una Argentina m\u00e1s justa y equitativa\u201d.<\/p>\n<p>En esta ocasi\u00f3n, participar\u00e1n la intendenta de la ciudad de General Pico (La Pampa), Fernanda Estefan\u00eda Alonso; la intendenta de la ciudad de Salta (Salta), Bettina Romero; el intendente de P\u00e9rez (Santa Fe), Pablo Corsalini; el intendente de la ciudad de San Miguel, (Buenos Aires), Jaime M\u00e9ndez; y el intendente de la ciudad de Godoy Cruz (Mendoza), Tadeo Garc\u00eda Salazar. Con representaci\u00f3n de distintas provincias del pa\u00eds, el viceintendente Daniel Passerini ser\u00e1 el moderador del panel.<\/p>\n","protected":false},"excerpt":{"rendered":"<p>Hoy es el \u00faltimo d\u00eda del encuentro, cuya programaci\u00f3n se desarrollar\u00e1 desde las 9 hasta las 13.30 horas. Cuenta con talleres de di\u00e1logo en simult\u00e1neo y el cuarto panel, donde disertar\u00e1n intendentes y funcionarios de todo el pa\u00eds. El intendente Mart\u00edn Llaryora realizar\u00e1 el cierre del Congreso. Hoy mi\u00e9rcoles 6 de julio, se llevar\u00e1 a [&hellip;]<\/p>\n","protected":false},"author":1,"featured_media":21696,"comment_status":"closed","ping_status":"closed","sticky":false,"template":"","format":"standard","meta":[],"categories":[14],"tags":[],"_links":{"self":[{"href":"http:\/\/nuevacordoba.net\/index.php\/wp-json\/wp\/v2\/posts\/21695"}],"collection":[{"href":"http:\/\/nuevacordoba.net\/index.php\/wp-json\/wp\/v2\/posts"}],"about":[{"href":"http:\/\/nuevacordoba.net\/index.php\/wp-json\/wp\/v2\/types\/post"}],"author":[{"embeddable":true,"href":"http:\/\/nuevacordoba.net\/index.php\/wp-json\/wp\/v2\/users\/1"}],"replies":[{"embeddable":true,"href":"http:\/\/nuevacordoba.net\/index.php\/wp-json\/wp\/v2\/comments?post=21695"}],"version-history":[{"count":0,"href":"http:\/\/nuevacordoba.net\/index.php\/wp-json\/wp\/v2\/posts\/21695\/revisions"}],"wp:featuredmedia":[{"embeddable":true,"href":"http:\/\/nuevacordoba.net\/index.php\/wp-json\/wp\/v2\/media\/21696"}],"wp:attachment":[{"href":"http:\/\/nuevacordoba.net\/index.php\/wp-json\/wp\/v2\/media?parent=21695"}],"wp:term":[{"taxonomy":"category","embeddable":true,"href":"http:\/\/nuevacordoba.net\/index.php\/wp-json\/wp\/v2\/categories?post=21695"},{"taxonomy":"post_tag","embeddable":true,"href":"http:\/\/nuevacordoba.net\/index.php\/wp-json\/wp\/v2\/tags?post=21695"}],"curies":[{"name":"wp","href":"https:\/\/api.w.org\/{rel}","templated":true}]}}