{"id":21769,"date":"2022-07-08T20:55:08","date_gmt":"2022-07-08T20:55:08","guid":{"rendered":"https:\/\/www.bbc.com\/mundo\/noticias-internacional-62091826"},"modified":"2022-07-08T20:55:08","modified_gmt":"2022-07-08T20:55:08","slug":"shinzo-abe-como-ocurrio-el-ataque-en-el-que-el-ex-primer-ministro-de-japon-fue-asesinado","status":"publish","type":"post","link":"http:\/\/nuevacordoba.net\/index.php\/2022\/07\/08\/shinzo-abe-como-ocurrio-el-ataque-en-el-que-el-ex-primer-ministro-de-japon-fue-asesinado\/","title":{"rendered":"Shinzo Abe: c\u00f3mo ocurri\u00f3 el ataque en el que el ex primer ministro de Jap\u00f3n fue asesinado"},"content":{"rendered":"<div dir=\"ltr\" class=\"e1j2237y6 bbc-q4ibpr essoxwk0\">\n<div class=\"bbc-1atl7vu e11nzto4\">\n<ul role=\"list\" class=\"bbc-k0l9bd e11nzto2\">\n<li role=\"listitem\" class=\"bbc-1a3w4ok e11nzto1\">Redacci\u00f3n <\/li>\n<li role=\"listitem\" class=\"bbc-1p92jtu e11nzto0\">BBC News Mundo<\/li>\n<\/ul>\n<\/div>\n<\/div>\n<div dir=\"ltr\" class=\"e1j2237y7 bbc-q4ibpr essoxwk0\"><time datetime=\"2022-07-08\" class=\"bbc-14xtggo exyigsi0\">8 julio 2022, 13:30 GMT<\/time><\/p>\n<p><time datetime=\"2022-07-08\" class=\"bbc-14xtggo exyigsi0\">Actualizado 5 horas<\/time><\/p>\n<\/div>\n<div dir=\"ltr\" class=\"bbc-1ka88fa essoxwk0\">\n<figure class=\"bbc-1qdcvv9 e170cyvj0\">\n<div dir=\"ltr\" class=\"bbc-172p16q essoxwk0\">\n<div dir=\"ltr\" class=\"bbc-189y18v essoxwk0\">\n<div data-e2e=\"image-placeholder\" class=\"bbc-997y1y ezb2r2b0\"><picture class=\"bbc-yfiktt e11uq3261\"><source srcset=\"https:\/\/ichef.bbci.co.uk\/news\/240\/cpsprodpb\/4829\/production\/_125837481_abe1.png.webp 240w, https:\/\/ichef.bbci.co.uk\/news\/320\/cpsprodpb\/4829\/production\/_125837481_abe1.png.webp 320w, https:\/\/ichef.bbci.co.uk\/news\/480\/cpsprodpb\/4829\/production\/_125837481_abe1.png.webp 480w, https:\/\/ichef.bbci.co.uk\/news\/624\/cpsprodpb\/4829\/production\/_125837481_abe1.png.webp 624w, https:\/\/ichef.bbci.co.uk\/news\/800\/cpsprodpb\/4829\/production\/_125837481_abe1.png.webp 800w\" type=\"image\/webp\" sizes=\"(min-width: 1008px) 645px, 100vw\"><source srcset=\"https:\/\/ichef.bbci.co.uk\/news\/240\/cpsprodpb\/4829\/production\/_125837481_abe1.png 240w, https:\/\/ichef.bbci.co.uk\/news\/320\/cpsprodpb\/4829\/production\/_125837481_abe1.png 320w, https:\/\/ichef.bbci.co.uk\/news\/480\/cpsprodpb\/4829\/production\/_125837481_abe1.png 480w, https:\/\/ichef.bbci.co.uk\/news\/624\/cpsprodpb\/4829\/production\/_125837481_abe1.png 624w, https:\/\/ichef.bbci.co.uk\/news\/800\/cpsprodpb\/4829\/production\/_125837481_abe1.png 800w\" type=\"image\/png\" sizes=\"(min-width: 1008px) 645px, 100vw\"><img loading=\"lazy\" src=\"http:\/\/nuevacordoba.net\/wp-content\/uploads\/2022\/07\/shinzo-abe-como-ocurrio-el-ataque-en-el-que-el-ex-primer-ministro-de-japon-fue-asesinado.jpg\" alt=\"Sospechoso\" width=\"1280\" height=\"900\" class=\"eehpdyc0 bbc-rb7xa0 e11uq3260\"><\/picture><\/div>\n<\/div>\n<\/div>\n<\/figure>\n<\/div>\n<div dir=\"ltr\" class=\"bbc-19j92fr essoxwk0\" readability=\"12\">\n<p dir=\"ltr\" class=\"bbc-bm53ic e1cc2ql70\"><b>Shinzo Abe, el ex primer ministro de Jap\u00f3n que m\u00e1s tiempo ocup\u00f3 el cargo, fue asesinado a tiros el viernes en la sure\u00f1a ciudad de Nara, a unos 480 km de la capital, Tokio.<\/b><\/p>\n<\/div>\n<div dir=\"ltr\" class=\"bbc-19j92fr essoxwk0\" readability=\"11\">\n<p dir=\"ltr\" class=\"bbc-bm53ic e1cc2ql70\">Abe, de 67 a\u00f1os, se encontraba haciendo campa\u00f1a pol\u00edtica en apoyo a la reelecci\u00f3n de Kei Sato, un miembro de la C\u00e1mara alta del Parlamento japon\u00e9s.<\/p>\n<\/div>\n<div dir=\"ltr\" class=\"bbc-19j92fr essoxwk0\" readability=\"10\">\n<p dir=\"ltr\" class=\"bbc-bm53ic e1cc2ql70\">El atacante fue captado por las c\u00e1maras parado a corta distancia detr\u00e1s de Abe, cuando el pol\u00edtico tom\u00f3 el podio para dirigirse a los votantes frente a la estaci\u00f3n ferroviaria Yamato-Saidaiji en Nara.<\/p>\n<\/div>\n<div dir=\"ltr\" class=\"bbc-19j92fr essoxwk0\" readability=\"8\">\n<p dir=\"ltr\" class=\"bbc-bm53ic e1cc2ql70\">Los testigos dicen que el hombre portaba lo que describieron con un arma grande con la que <b>le dispar\u00f3 dos veces desde atr\u00e1s<\/b>. Eran las 11:30 am (hora local).<\/p>\n<\/div>\n<div dir=\"ltr\" class=\"bbc-19j92fr essoxwk0\" readability=\"8\">\n<p dir=\"ltr\" class=\"bbc-bm53ic e1cc2ql70\">Abe se desplom\u00f3 en el acto con heridas en el cuello y la espalda, seg\u00fan los reportes. <\/p>\n<\/div>\n<div dir=\"ltr\" class=\"bbc-19j92fr essoxwk0\" readability=\"9\">\n<p dir=\"ltr\" class=\"bbc-bm53ic e1cc2ql70\">Los agentes de seguridad forzaron al sospechoso al suelo y lo arrestaron, mientras que Abe fue llevado de urgencia al hospital m\u00e1s cercano. <\/p>\n<\/div>\n<div dir=\"ltr\" class=\"bbc-19j92fr essoxwk0\" readability=\"8\">\n<p dir=\"ltr\" class=\"bbc-bm53ic e1cc2ql70\">El ex primer ministro se estaba desangrando internamente y en el hospital iniciaron los procedimientos para salvarle la vida con transfusiones de sangre.<\/p>\n<\/div>\n<div dir=\"ltr\" class=\"bbc-19j92fr essoxwk0\" readability=\"9\">\n<p dir=\"ltr\" class=\"bbc-bm53ic e1cc2ql70\">No obstante, unas cuatro horas despu\u00e9s,<b> a las 17:03 (hora local) el hospital <\/b><b>anunci\u00f3 su<\/b><b> muert<\/b><b>e<\/b>.<\/p>\n<\/div>\n<div dir=\"ltr\" class=\"e46rrwz0 bbc-1bh6w8m essoxwk0\">\n<figure class=\"bbc-1qdcvv9 e170cyvj0\" readability=\"1\">\n<div data-e2e=\"media-player\" class=\"bbc-rl27ak e15ilq0t1\"><noscript readability=\"2\"><\/p>\n<div class=\"bbc-1b4920d e2pb29i2\" readability=\"9\"><img alt src=\"http:\/\/nuevacordoba.net\/wp-content\/uploads\/2022\/07\/shinzo-abe-como-ocurrio-el-ataque-en-el-que-el-ex-primer-ministro-de-japon-fue-asesinado-1.jpg\" srcset=\"http:\/\/nuevacordoba.net\/wp-content\/uploads\/2022\/07\/shinzo-abe-como-ocurrio-el-ataque-en-el-que-el-ex-primer-ministro-de-japon-fue-asesinado-6.jpg 240w, http:\/\/nuevacordoba.net\/wp-content\/uploads\/2022\/07\/shinzo-abe-como-ocurrio-el-ataque-en-el-que-el-ex-primer-ministro-de-japon-fue-asesinado-7.jpg 320w, http:\/\/nuevacordoba.net\/wp-content\/uploads\/2022\/07\/shinzo-abe-como-ocurrio-el-ataque-en-el-que-el-ex-primer-ministro-de-japon-fue-asesinado-8.jpg 480w, http:\/\/nuevacordoba.net\/wp-content\/uploads\/2022\/07\/shinzo-abe-como-ocurrio-el-ataque-en-el-que-el-ex-primer-ministro-de-japon-fue-asesinado-9.jpg 624w, http:\/\/nuevacordoba.net\/wp-content\/uploads\/2022\/07\/shinzo-abe-como-ocurrio-el-ataque-en-el-que-el-ex-primer-ministro-de-japon-fue-asesinado-10.jpg 800w\" aria-hidden=\"true\"><\/p>\n<p><strong class=\"bbc-1k5stce e2pb29i0\">Para ver este contenido, favor activar JavaScript, o intentar con otro navegador<\/strong><\/p>\n<\/div>\n<p><\/noscript><\/div><figcaption dir=\"ltr\" class=\"bbc-rhuvwm epgcavl0\" readability=\"2\"><span class=\"bbc-1gnhmg2 evnljr50\">T\u00edtulo del video, <\/span><\/p>\n<p>El momento previo al ataque contra Shinzo Abe y las reacciones a su muerte<\/p>\n<\/figcaption><\/figure>\n<\/div>\n<div dir=\"ltr\" class=\"bbc-19j92fr essoxwk0\" readability=\"9\">\n<p dir=\"ltr\" class=\"bbc-bm53ic e1cc2ql70\">Los doctores dicen que recibi\u00f3 dos heridas que da\u00f1aron una arteria y que sufri\u00f3 un da\u00f1o severo en el coraz\u00f3n. Ambas heridas eran profundas y la causa de la muerte fue la p\u00e9rdida de sangre. No se encontraron balas durante la cirug\u00eda.<\/p>\n<\/div>\n<div dir=\"ltr\" class=\"ek1plzs1 bbc-9m7iam essoxwk0\">\n<figure class=\"bbc-1qdcvv9 e170cyvj0\">\n<div dir=\"ltr\" class=\"bbc-vx18wi essoxwk0\">\n<div dir=\"ltr\" class=\"bbc-rprdln essoxwk0\">\n<div data-e2e=\"image-placeholder\" class=\"bbc-997y1y ezb2r2b0\"><noscript><picture class=\"bbc-yfiktt e11uq3261\"><source srcset=\"https:\/\/ichef.bbci.co.uk\/news\/240\/cpsprodpb\/B327\/production\/_125836854_japan_nara_shinzo_abe_map_ws_2x640-nc.png.webp 240w, https:\/\/ichef.bbci.co.uk\/news\/320\/cpsprodpb\/B327\/production\/_125836854_japan_nara_shinzo_abe_map_ws_2x640-nc.png.webp 320w, https:\/\/ichef.bbci.co.uk\/news\/480\/cpsprodpb\/B327\/production\/_125836854_japan_nara_shinzo_abe_map_ws_2x640-nc.png.webp 480w, https:\/\/ichef.bbci.co.uk\/news\/624\/cpsprodpb\/B327\/production\/_125836854_japan_nara_shinzo_abe_map_ws_2x640-nc.png.webp 624w, https:\/\/ichef.bbci.co.uk\/news\/800\/cpsprodpb\/B327\/production\/_125836854_japan_nara_shinzo_abe_map_ws_2x640-nc.png.webp 800w\" type=\"image\/webp\" sizes=\"(min-width: 1008px) 645px, 100vw\"><source srcset=\"https:\/\/ichef.bbci.co.uk\/news\/240\/cpsprodpb\/B327\/production\/_125836854_japan_nara_shinzo_abe_map_ws_2x640-nc.png 240w, https:\/\/ichef.bbci.co.uk\/news\/320\/cpsprodpb\/B327\/production\/_125836854_japan_nara_shinzo_abe_map_ws_2x640-nc.png 320w, https:\/\/ichef.bbci.co.uk\/news\/480\/cpsprodpb\/B327\/production\/_125836854_japan_nara_shinzo_abe_map_ws_2x640-nc.png 480w, https:\/\/ichef.bbci.co.uk\/news\/624\/cpsprodpb\/B327\/production\/_125836854_japan_nara_shinzo_abe_map_ws_2x640-nc.png 624w, https:\/\/ichef.bbci.co.uk\/news\/800\/cpsprodpb\/B327\/production\/_125836854_japan_nara_shinzo_abe_map_ws_2x640-nc.png 800w\" type=\"image\/png\" sizes=\"(min-width: 1008px) 645px, 100vw\"><img loading=\"lazy\" src=\"http:\/\/nuevacordoba.net\/wp-content\/uploads\/2022\/07\/shinzo-abe-como-ocurrio-el-ataque-en-el-que-el-ex-primer-ministro-de-japon-fue-asesinado.png\" alt=\"Grafico del lugar donde fue asesinado Shinzo Abe\" width=\"1280\" height=\"1466\" class=\"eehpdyc0 bbc-rb7xa0 e11uq3260\"><\/picture><\/noscript><\/div>\n<\/div>\n<\/div>\n<\/figure>\n<\/div>\n<p><h2 id=\"Lo-que-se-sabe-del-ataque\" tabindex=\"-1\" class=\"bbc-l3e97o e1hixjf30\">Lo que se sabe del ataque<\/h2>\n<\/p>\n<div dir=\"ltr\" class=\"e1gggypo0 bbc-oa9drk essoxwk0\">\n<ul dir=\"ltr\" role=\"list\" class=\"bbc-1n23t93 eqo2yzp1\">\n<li role=\"listitem\" class=\"bbc-acwcvw eqo2yzp0\">Abe se encontraba haciendo campa\u00f1a en la ciudad de Nara, a unos 480 de la capital, Tokio<\/li>\n<li role=\"listitem\" class=\"bbc-acwcvw eqo2yzp0\">Su discurso era en apoyo de la reelecci\u00f3n de Kei Sato, un miembro de la C\u00e1mara alta del Parlamento<\/li>\n<li role=\"listitem\" class=\"bbc-acwcvw eqo2yzp0\">Se escucharon dos tiros y uno de estos impact\u00f3 en Abe<\/li>\n<li role=\"listitem\" class=\"bbc-acwcvw eqo2yzp0\">Inmediatamente cay\u00f3 al suelo y fue llevado de urgencia a un hospital cercano<\/li>\n<li role=\"listitem\" class=\"bbc-acwcvw eqo2yzp0\">Agentes de seguridad forzaron al atacante al piso y lo arrestaron<\/li>\n<li role=\"listitem\" class=\"bbc-acwcvw eqo2yzp0\">Se cree que el atacante us\u00f3 un arma de fabricaci\u00f3n casera<\/li>\n<\/ul>\n<\/div>\n<div dir=\"ltr\" class=\"bbc-1ka88fa essoxwk0\">\n<figure class=\"bbc-1qdcvv9 e170cyvj0\">\n<div dir=\"ltr\" class=\"bbc-172p16q essoxwk0\">\n<div dir=\"ltr\" class=\"bbc-189y18v essoxwk0\">\n<div data-e2e=\"image-placeholder\" class=\"bbc-997y1y ezb2r2b0\"><noscript><picture class=\"bbc-yfiktt e11uq3261\"><source srcset=\"http:\/\/nuevacordoba.net\/wp-content\/uploads\/2022\/07\/shinzo-abe-como-ocurrio-el-ataque-en-el-que-el-ex-primer-ministro-de-japon-fue-asesinado.webp 240w, http:\/\/nuevacordoba.net\/wp-content\/uploads\/2022\/07\/shinzo-abe-como-ocurrio-el-ataque-en-el-que-el-ex-primer-ministro-de-japon-fue-asesinado-1.webp 320w, http:\/\/nuevacordoba.net\/wp-content\/uploads\/2022\/07\/shinzo-abe-como-ocurrio-el-ataque-en-el-que-el-ex-primer-ministro-de-japon-fue-asesinado-2.webp 464w\" type=\"image\/webp\" sizes=\"(min-width: 1008px) 645px, 100vw\"><source srcset=\"https:\/\/ichef.bbci.co.uk\/news\/240\/cpsprodpb\/13170\/production\/_125829187_line976.jpg 240w, https:\/\/ichef.bbci.co.uk\/news\/320\/cpsprodpb\/13170\/production\/_125829187_line976.jpg 320w, https:\/\/ichef.bbci.co.uk\/news\/464\/cpsprodpb\/13170\/production\/_125829187_line976.jpg 464w\" type=\"image\/jpeg\" sizes=\"(min-width: 1008px) 645px, 100vw\"><img loading=\"lazy\" src=\"http:\/\/nuevacordoba.net\/wp-content\/uploads\/2022\/07\/shinzo-abe-como-ocurrio-el-ataque-en-el-que-el-ex-primer-ministro-de-japon-fue-asesinado-2.jpg\" alt=\"L\u00ednea\" width=\"464\" height=\"2\" class=\"eehpdyc0 bbc-rb7xa0 e11uq3260\"><\/picture><\/noscript><\/div>\n<\/div>\n<\/div>\n<\/figure>\n<\/div>\n<p><h2 id=\"Arma-casera\" tabindex=\"-1\" class=\"bbc-l3e97o e1hixjf30\">Arma casera<\/h2>\n<\/p>\n<div dir=\"ltr\" class=\"ek1plzs1 bbc-9m7iam essoxwk0\">\n<figure class=\"bbc-1qdcvv9 e170cyvj0\">\n<div dir=\"ltr\" class=\"bbc-vx18wi essoxwk0\">\n<div dir=\"ltr\" class=\"bbc-rprdln essoxwk0\">\n<div data-e2e=\"image-placeholder\" class=\"bbc-997y1y ezb2r2b0\"><noscript><picture class=\"bbc-yfiktt e11uq3261\"><source srcset=\"http:\/\/nuevacordoba.net\/wp-content\/uploads\/2022\/07\/shinzo-abe-como-ocurrio-el-ataque-en-el-que-el-ex-primer-ministro-de-japon-fue-asesinado-3.webp 240w, http:\/\/nuevacordoba.net\/wp-content\/uploads\/2022\/07\/shinzo-abe-como-ocurrio-el-ataque-en-el-que-el-ex-primer-ministro-de-japon-fue-asesinado-4.webp 320w, http:\/\/nuevacordoba.net\/wp-content\/uploads\/2022\/07\/shinzo-abe-como-ocurrio-el-ataque-en-el-que-el-ex-primer-ministro-de-japon-fue-asesinado-5.webp 480w, http:\/\/nuevacordoba.net\/wp-content\/uploads\/2022\/07\/shinzo-abe-como-ocurrio-el-ataque-en-el-que-el-ex-primer-ministro-de-japon-fue-asesinado-6.webp 624w, http:\/\/nuevacordoba.net\/wp-content\/uploads\/2022\/07\/shinzo-abe-como-ocurrio-el-ataque-en-el-que-el-ex-primer-ministro-de-japon-fue-asesinado-7.webp 800w\" type=\"image\/webp\" sizes=\"(min-width: 1008px) 645px, 100vw\"><source srcset=\"https:\/\/ichef.bbci.co.uk\/news\/240\/cpsprodpb\/6F39\/production\/_125837482_abe2.png 240w, https:\/\/ichef.bbci.co.uk\/news\/320\/cpsprodpb\/6F39\/production\/_125837482_abe2.png 320w, https:\/\/ichef.bbci.co.uk\/news\/480\/cpsprodpb\/6F39\/production\/_125837482_abe2.png 480w, https:\/\/ichef.bbci.co.uk\/news\/624\/cpsprodpb\/6F39\/production\/_125837482_abe2.png 624w, https:\/\/ichef.bbci.co.uk\/news\/800\/cpsprodpb\/6F39\/production\/_125837482_abe2.png 800w\" type=\"image\/png\" sizes=\"(min-width: 1008px) 645px, 100vw\"><img loading=\"lazy\" src=\"http:\/\/nuevacordoba.net\/wp-content\/uploads\/2022\/07\/shinzo-abe-como-ocurrio-el-ataque-en-el-que-el-ex-primer-ministro-de-japon-fue-asesinado-3.jpg\" alt=\"Sospechoso\" width=\"1280\" height=\"1520\" class=\"eehpdyc0 bbc-rb7xa0 e11uq3260\"><\/picture><\/noscript><\/div>\n<\/div>\n<\/div>\n<\/figure>\n<\/div>\n<div dir=\"ltr\" class=\"bbc-19j92fr essoxwk0\" readability=\"11\">\n<p dir=\"ltr\" class=\"bbc-bm53ic e1cc2ql70\">El atacante, quien se encuentra detenido, fue identificado como Tetsuya Yamagami, de 41 a\u00f1os y residente de Nara.<\/p>\n<\/div>\n<div dir=\"ltr\" class=\"bbc-19j92fr essoxwk0\" readability=\"8\">\n<p dir=\"ltr\" class=\"bbc-bm53ic e1cc2ql70\">Im\u00e1genes tomadas antes del ataque lo muestran vestido en pantalones de camuflaje y un cintur\u00f3n atravesado por el hombro con el que se supone que cargaba un arma.<\/p>\n<\/div>\n<div dir=\"ltr\" class=\"bbc-19j92fr essoxwk0\" readability=\"7\">\n<p dir=\"ltr\" class=\"bbc-bm53ic e1cc2ql70\">Una foto tomada despu\u00e9s muestra en el piso lo que parece ser un arma de fabricaci\u00f3n casera.<\/p>\n<\/div>\n<div dir=\"ltr\" class=\"bbc-19j92fr essoxwk0\" readability=\"9\">\n<p dir=\"ltr\" class=\"bbc-bm53ic e1cc2ql70\">De acuerdo a la polic\u00eda, el sujeto confes\u00f3 haber usado esa arma casera hecha de madera y metal y ensamblada con cinta para disparar a Abe.<\/p>\n<\/div>\n<div dir=\"ltr\" class=\"bbc-19j92fr essoxwk0\" readability=\"9\">\n<p dir=\"ltr\" class=\"bbc-bm53ic e1cc2ql70\">Las leyes de tenencia de armas en Jap\u00f3n son muy estrictas, por lo que comprar una es extremadamente dif\u00edcil.<\/p>\n<\/div>\n<div dir=\"ltr\" class=\"bbc-19j92fr essoxwk0\" readability=\"8\">\n<p dir=\"ltr\" class=\"bbc-bm53ic e1cc2ql70\">Tras una inspecci\u00f3n de la casa de Yamagami hecha por la polic\u00eda se <b>descubrieron lo que se cree son explosivos<\/b> y m\u00e1s armas de fabricaci\u00f3n casera. <\/p>\n<\/div>\n<div dir=\"ltr\" class=\"bbc-19j92fr essoxwk0\" readability=\"9\">\n<p dir=\"ltr\" class=\"bbc-bm53ic e1cc2ql70\">La Polic\u00eda dijo que el sospechoso sent\u00eda rencor hacia una \u00aborganizaci\u00f3n espec\u00edfica\u00bb de la que cre\u00eda que Abe formaba parte, pero las autoridades no dieron detalles del nombre del grupo.<\/p>\n<\/div>\n<div class=\"bbc-sffzb7 e8v25yx0\">\n<div dir=\"ltr\" class=\"bbc-1ka88fa essoxwk0\">\n<figure class=\"bbc-1qdcvv9 e170cyvj0\">\n<div dir=\"ltr\" class=\"bbc-172p16q essoxwk0\">\n<div dir=\"ltr\" class=\"bbc-189y18v essoxwk0\" readability=\"6.5\">\n<div data-e2e=\"image-placeholder\" class=\"bbc-997y1y ezb2r2b0\" readability=\"8\"><noscript><picture class=\"bbc-yfiktt e11uq3261\"><source srcset=\"http:\/\/nuevacordoba.net\/wp-content\/uploads\/2022\/07\/shinzo-abe-como-ocurrio-el-ataque-en-el-que-el-ex-primer-ministro-de-japon-fue-asesinado-8.webp 240w, http:\/\/nuevacordoba.net\/wp-content\/uploads\/2022\/07\/shinzo-abe-como-ocurrio-el-ataque-en-el-que-el-ex-primer-ministro-de-japon-fue-asesinado-9.webp 320w, http:\/\/nuevacordoba.net\/wp-content\/uploads\/2022\/07\/shinzo-abe-como-ocurrio-el-ataque-en-el-que-el-ex-primer-ministro-de-japon-fue-asesinado-10.webp 480w, http:\/\/nuevacordoba.net\/wp-content\/uploads\/2022\/07\/shinzo-abe-como-ocurrio-el-ataque-en-el-que-el-ex-primer-ministro-de-japon-fue-asesinado-11.webp 624w\" type=\"image\/webp\" sizes=\"(min-width: 1008px) 645px, 100vw\"><source srcset=\"https:\/\/ichef.bbci.co.uk\/news\/240\/cpsprodpb\/23E8\/production\/_125829190_armareuters.jpg 240w, https:\/\/ichef.bbci.co.uk\/news\/320\/cpsprodpb\/23E8\/production\/_125829190_armareuters.jpg 320w, https:\/\/ichef.bbci.co.uk\/news\/480\/cpsprodpb\/23E8\/production\/_125829190_armareuters.jpg 480w, https:\/\/ichef.bbci.co.uk\/news\/624\/cpsprodpb\/23E8\/production\/_125829190_armareuters.jpg 624w\" type=\"image\/jpeg\" sizes=\"(min-width: 1008px) 645px, 100vw\"><img loading=\"lazy\" src=\"http:\/\/nuevacordoba.net\/wp-content\/uploads\/2022\/07\/shinzo-abe-como-ocurrio-el-ataque-en-el-que-el-ex-primer-ministro-de-japon-fue-asesinado-4.jpg\" alt=\"Un dispositivo que parece ser un arma de fabricaci\u00f3n casera\" width=\"624\" height=\"351\" class=\"eehpdyc0 bbc-rb7xa0 e11uq3260\"><\/picture><\/noscript><\/p>\n<p role=\"text\" class=\"bbc-1s1cxbv eynndk20\"><span class=\"bbc-1gnhmg2 evnljr50\">Fuente de la imagen, <\/span><span lang=\"en-GB\">Reuters<\/span><\/p>\n<\/div>\n<\/div>\n<div dir=\"ltr\" class=\"bbc-3edg7g essoxwk0\" readability=\"6.5\"><figcaption dir=\"ltr\" class=\"bbc-rhuvwm epgcavl0\" readability=\"3\"><span class=\"bbc-1gnhmg2 evnljr50\">Pie de foto, <\/span><\/p>\n<p>Unos tubos con cinta aislante que parecen ser un arma de fabricaci\u00f3n casera en la escena del crimen.<\/p>\n<\/figcaption><\/div>\n<\/div>\n<\/figure>\n<\/div>\n<\/div>\n<div dir=\"ltr\" class=\"bbc-19j92fr essoxwk0\" readability=\"8\">\n<p dir=\"ltr\" class=\"bbc-bm53ic e1cc2ql70\">Los medios locales reportaron que Yamagami declar\u00f3 a la polic\u00eda que estaba \u00abmolesto con el ex primer ministro y <b>su objetivo era matarlo<\/b>\u00ab. <\/p>\n<\/div>\n<div dir=\"ltr\" class=\"bbc-19j92fr essoxwk0\" readability=\"9\">\n<p dir=\"ltr\" class=\"bbc-bm53ic e1cc2ql70\">Se informa que es un antiguo integrante de la Fuerza de Autodefensa Mar\u00edtima de Jap\u00f3n, la fuerza naval del pa\u00eds. <\/p>\n<\/div>\n<div dir=\"ltr\" class=\"bbc-19j92fr essoxwk0\" readability=\"9\">\n<p dir=\"ltr\" class=\"bbc-bm53ic e1cc2ql70\">Adem\u00e1s de confesar al atentado, el atacante dijo a la polic\u00eda que le guardaba rencor a una \u00aborganizaci\u00f3n espec\u00edfica\u00bb y que cre\u00eda que Shinzo Abe era parte de ese grupo.<\/p>\n<\/div>\n<div dir=\"ltr\" class=\"bbc-19j92fr essoxwk0\" readability=\"9\">\n<p dir=\"ltr\" class=\"bbc-bm53ic e1cc2ql70\">No se sabe exactamente c\u00f3mo lleg\u00f3 a saber de la presencia de Abe en el mitin pol\u00edtico, ya que la presencia del ex primer ministro solo hab\u00eda sido confirmada tarde en la noche anterior.<\/p>\n<\/div>\n<div dir=\"ltr\" class=\"bbc-1ka88fa essoxwk0\">\n<figure class=\"bbc-1qdcvv9 e170cyvj0\">\n<div dir=\"ltr\" class=\"bbc-172p16q essoxwk0\">\n<div dir=\"ltr\" class=\"bbc-189y18v essoxwk0\" readability=\"6.5\">\n<div data-e2e=\"image-placeholder\" class=\"bbc-997y1y ezb2r2b0\" readability=\"8\"><noscript><picture class=\"bbc-yfiktt e11uq3261\"><source srcset=\"http:\/\/nuevacordoba.net\/wp-content\/uploads\/2022\/07\/shinzo-abe-como-ocurrio-el-ataque-en-el-que-el-ex-primer-ministro-de-japon-fue-asesinado-1.png 240w, http:\/\/nuevacordoba.net\/wp-content\/uploads\/2022\/07\/shinzo-abe-como-ocurrio-el-ataque-en-el-que-el-ex-primer-ministro-de-japon-fue-asesinado-12.webp 320w, http:\/\/nuevacordoba.net\/wp-content\/uploads\/2022\/07\/shinzo-abe-como-ocurrio-el-ataque-en-el-que-el-ex-primer-ministro-de-japon-fue-asesinado-13.webp 480w, http:\/\/nuevacordoba.net\/wp-content\/uploads\/2022\/07\/shinzo-abe-como-ocurrio-el-ataque-en-el-que-el-ex-primer-ministro-de-japon-fue-asesinado-14.webp 624w, http:\/\/nuevacordoba.net\/wp-content\/uploads\/2022\/07\/shinzo-abe-como-ocurrio-el-ataque-en-el-que-el-ex-primer-ministro-de-japon-fue-asesinado-5.jpg.webp 640w\" type=\"image\/webp\" sizes=\"(min-width: 1008px) 645px, 100vw\"><source srcset=\"https:\/\/ichef.bbci.co.uk\/news\/240\/cpsprodpb\/0377\/production\/_121078800_d0a496d2-1be5-4165-a4bb-4e3f02da6936.png 240w, https:\/\/ichef.bbci.co.uk\/news\/320\/cpsprodpb\/0377\/production\/_121078800_d0a496d2-1be5-4165-a4bb-4e3f02da6936.png 320w, https:\/\/ichef.bbci.co.uk\/news\/480\/cpsprodpb\/0377\/production\/_121078800_d0a496d2-1be5-4165-a4bb-4e3f02da6936.png 480w, https:\/\/ichef.bbci.co.uk\/news\/624\/cpsprodpb\/0377\/production\/_121078800_d0a496d2-1be5-4165-a4bb-4e3f02da6936.png 624w, http:\/\/nuevacordoba.net\/wp-content\/uploads\/2022\/07\/shinzo-abe-como-ocurrio-el-ataque-en-el-que-el-ex-primer-ministro-de-japon-fue-asesinado-5.jpg 640w\" type=\"image\/png\" sizes=\"(min-width: 1008px) 645px, 100vw\"><img loading=\"lazy\" src=\"http:\/\/nuevacordoba.net\/wp-content\/uploads\/2022\/07\/shinzo-abe-como-ocurrio-el-ataque-en-el-que-el-ex-primer-ministro-de-japon-fue-asesinado-5.jpg\" alt=\"Presentational grey line\" width=\"640\" height=\"2\" class=\"eehpdyc0 bbc-rb7xa0 e11uq3260\"><\/picture><\/noscript><\/p>\n<p role=\"text\" class=\"bbc-1s1cxbv eynndk20\"><span class=\"bbc-1gnhmg2 evnljr50\">Fuente de la imagen, <\/span><span lang=\"en-GB\">Getty Images<\/span><\/p>\n<\/div>\n<\/div>\n<\/div>\n<\/figure>\n<\/div>\n<div dir=\"ltr\" class=\"bbc-19j92fr essoxwk0\" readability=\"8\">\n<p dir=\"ltr\" class=\"bbc-bm53ic e1cc2ql70\"><i class=\"bbc-h1y5j7 ewc4zcb0\">Recuerda que<\/i><i class=\"bbc-h1y5j7 ewc4zcb0\"> puedes recibir notificaciones de BBC Mundo. Descarga la nueva versi\u00f3n de nuestra app y act\u00edvalas para no perderte nuestro mejor contenido.<\/i><\/p>\n<\/div>\n","protected":false},"excerpt":{"rendered":"<p>Redacci\u00f3n BBC News Mundo 8 julio 2022, 13:30 GMT Actualizado 5 horas Shinzo Abe, el ex primer ministro de Jap\u00f3n que m\u00e1s tiempo ocup\u00f3 el cargo, fue asesinado a tiros el viernes en la sure\u00f1a ciudad de Nara, a unos 480 km de la capital, Tokio. Abe, de 67 a\u00f1os, se encontraba haciendo campa\u00f1a pol\u00edtica [&hellip;]<\/p>\n","protected":false},"author":1,"featured_media":21770,"comment_status":"closed","ping_status":"closed","sticky":false,"template":"","format":"standard","meta":[],"categories":[13],"tags":[],"_links":{"self":[{"href":"http:\/\/nuevacordoba.net\/index.php\/wp-json\/wp\/v2\/posts\/21769"}],"collection":[{"href":"http:\/\/nuevacordoba.net\/index.php\/wp-json\/wp\/v2\/posts"}],"about":[{"href":"http:\/\/nuevacordoba.net\/index.php\/wp-json\/wp\/v2\/types\/post"}],"author":[{"embeddable":true,"href":"http:\/\/nuevacordoba.net\/index.php\/wp-json\/wp\/v2\/users\/1"}],"replies":[{"embeddable":true,"href":"http:\/\/nuevacordoba.net\/index.php\/wp-json\/wp\/v2\/comments?post=21769"}],"version-history":[{"count":0,"href":"http:\/\/nuevacordoba.net\/index.php\/wp-json\/wp\/v2\/posts\/21769\/revisions"}],"wp:featuredmedia":[{"embeddable":true,"href":"http:\/\/nuevacordoba.net\/index.php\/wp-json\/wp\/v2\/media\/21770"}],"wp:attachment":[{"href":"http:\/\/nuevacordoba.net\/index.php\/wp-json\/wp\/v2\/media?parent=21769"}],"wp:term":[{"taxonomy":"category","embeddable":true,"href":"http:\/\/nuevacordoba.net\/index.php\/wp-json\/wp\/v2\/categories?post=21769"},{"taxonomy":"post_tag","embeddable":true,"href":"http:\/\/nuevacordoba.net\/index.php\/wp-json\/wp\/v2\/tags?post=21769"}],"curies":[{"name":"wp","href":"https:\/\/api.w.org\/{rel}","templated":true}]}}