{"id":21771,"date":"2022-07-08T22:17:52","date_gmt":"2022-07-08T22:17:52","guid":{"rendered":"http:\/\/nuevacordoba.net\/index.php\/2022\/07\/08\/me-gusta-contarle-a-los-argentinos-que-me-hacia-falta-esto\/"},"modified":"2022-07-08T22:17:52","modified_gmt":"2022-07-08T22:17:52","slug":"me-gusta-contarle-a-los-argentinos-que-me-hacia-falta-esto","status":"publish","type":"post","link":"http:\/\/nuevacordoba.net\/index.php\/2022\/07\/08\/me-gusta-contarle-a-los-argentinos-que-me-hacia-falta-esto\/","title":{"rendered":"\u00abMe gusta contarle a los argentinos que me hac\u00eda falta esto\u00bb"},"content":{"rendered":"<figure class=\"mb-3\"><img loading=\"lazy\" src=\"http:\/\/nuevacordoba.net\/wp-content\/uploads\/2022\/07\/me-gusta-contarle-a-los-argentinos-que-me-hacia-falta-esto.jpg\" width=\"100%\" height=\"100%\" alt=\"Foto Archivo\"><figcaption> Foto: Archivo. <\/figcaption><\/figure>\n<p>El cantante y compositor uruguayo Fernando Cabrera, uno de los grandes referentes de la m\u00fasica rioplantense, habl\u00f3 con T\u00e9lam acerca de la alegr\u00eda que significa volver a la Argentina tras m\u00e1s de dos a\u00f1os de ausencia para presentarse el mi\u00e9rcoles y jueves pr\u00f3ximos a las 20.30 en el teatro Astros, y se refiri\u00f3 entre otras cuestiones al \u00abvicio\u00bb de hacer canciones, algo que siempre lo \u00abllev\u00f3 adelante\u00bb en su vida.<\/p>\n<p>Agradecido por un presente que lo llena de reconocimiento, Cabrera, de 65 a\u00f1os, sigue siendo un caso diferente en la escena musical, no s\u00f3lo porque la popularidad le lleg\u00f3 cuando ten\u00eda tres d\u00e9cadas de trayectoria, sino tambi\u00e9n por su enorme capacidad de reinventarse y a la vez de sorprenderse con lo que su m\u00fasica despierta en cada vez m\u00e1s personas.<\/p>\n<p><strong>\u00abEstoy contento y para m\u00ed no deja de ser una novedad estar en esta tan legendaria avenida de Buenos Aires, donde est\u00e1n todos los teatros; me da una alegr\u00eda muy grande, es una linda sensaci\u00f3n\u00bb<\/strong>, dijo el creador de canciones como \u00abEl tiempo est\u00e1 despu\u00e9s\u00bb, \u00abDulzura distante\u00bb y \u00abUn par2 en una entrevista con esta agencia realizada en el auditorio de Radio Nacional.<\/p>\n<p>\u00abMe gusta contarle a los argentinos que me hac\u00eda falta esto, porque como todos sabemos el ser humano se acostumbra f\u00e1cil a lo lindo \u2013expres\u00f3-. Empez\u00e1s a sentir la necesidad de que eso que te gust\u00f3 se repita la mayor cantidad de veces posible, y yo me hab\u00eda acostumbrado a lo lindo que es para m\u00ed venir a la Argentina, entonces extra\u00f1aba\u00bb.<\/p>\n<p>C\u00e1lido, espont\u00e1neo y de buen humor, el m\u00fasico cont\u00f3 que interpretar\u00e1 una buena parte de su \u00faltimo disco, \u201cSimple\u201d (el primero que grab\u00f3 solo, sin otros m\u00fasicos), har\u00e1 una recorrida por el resto de su repertorio e incluso presentar\u00e1 una canci\u00f3n nueva.<\/p>\n<p>En estos conciertos en Corrientes 746 tocar\u00e1 acompa\u00f1ado por Diego Cotelo, joven m\u00fasico uruguayo, con quien viene trabajando desde que compartieron escenario en el recital que Cabrera dio por streaming desde el auditorio Sodre de Montevideo en 2021.<\/p>\n<p>\u00abAh\u00ed empezamos -record\u00f3- y estoy muy contento y muy conforme. Toca varios instrumentos, canta, fue integrante del grupo Perot\u00e1 Ching\u00f3 y ahora tiene su banda en Uruguay, produce y acompa\u00f1a a otros cantantes, es un tipo muy movedizo\u00bb.<\/p>\n<p><strong>&#8211; Despu\u00e9s de haber creado tantas canciones, muchas de ellas versionadas por artistas como Javier Malosetti y Liliana Herrero, y partiendo de una vara tan alta, \u00bfte resulta dif\u00edcil hacer temas nuevos?<\/strong><br \/>&#8211;&nbsp;S\u00ed, pero me refiero a la cantidad no a la calidad. Cuando hiciste 250 canciones o m\u00e1s, llega un momento en que tambi\u00e9n se te acaban los temas. Ya habl\u00e9 de la infancia, del barrio, de la ciudad, de la historia, de mi abuela, de mi madre, de mis hermanos, de un amor perdido (risas). Ya toqu\u00e9 unos cuantos temas.<\/p>\n<p><strong>&#8211; Pero siempre te das ma\u00f1a y le das una vuelta de rosca.<\/strong><br \/>&#8211; Tengo el vicio en el mejor sentido de la palabra, es una cosa que te es necesaria para vivir. El motor y el punto de partida es la composici\u00f3n, eso es lo que siempre me llev\u00f3 adelante y focaliz\u00f3 mi vida, es lo que m\u00e1s me gusta y lo que m\u00e1s me importa. Hasta hace un tiempo pensaba: \u201csi a m\u00ed se me acaba el rollo, se me cierra la canilla, va a ser horrible vivir sin componer m\u00e1s\u201d. Pensaba que mi vida no tendr\u00eda m\u00e1s sentido, pero ya no pienso tan as\u00ed. Si se para ac\u00e1, est\u00e1 bien.<\/p>\n<p><strong>&#8211; Lo bueno es que las canciones llegaron a la gente. Pareciera que cuesta abrir esa puerta a tu mundo, pero \u00e9l que entra se queda.<\/strong><br \/>&#8211; El que abre la puerta se encuentra con bastantes cosas; me pas\u00f3 toda la vida, les cuesta entrar, despu\u00e9s los atrapo.<\/p>\n<p><strong>&#8211; El domingo pasado tambi\u00e9n lograste llevar tu clima a la televisi\u00f3n argentina en \u201cLa pe\u00f1a de morfi\u201d, por Telefe.<\/strong><br \/>&#8211; Sin quererlo, que no se tome como una arrogancia ni mucho menos, sale naturalmente as\u00ed: logr\u00e1s llevar la situaci\u00f3n a tu clima. Ir a la televisi\u00f3n es tan estresante\u2026 los nervios, la velocidad, antes que vos hay un mago y despu\u00e9s una vedette, la cocina. Es muy dif\u00edcil concentrarse, en Uruguay me pas\u00f3 un par de veces que sal\u00ed enojado porque no sos vos mismo en la tele.&nbsp;Sin embargo en \u201cLa Pe\u00f1a\u2026\u00bb pas\u00f3 algo especial, el clima se arm\u00f3, ellos mismos me dieron una gran mano cuando hicimos una prueba de sonido. Todos los t\u00e9cnicos, el sonidista e infinidad de gente detr\u00e1s de c\u00e1mara, estaban muy atentos, hab\u00eda un silencio total. Cant\u00e9 tres canciones y vi que algunas personas las segu\u00edan con los labios, incre\u00edble. Detr\u00e1s de c\u00e1mara toda la gente que hab\u00eda me hac\u00eda gestos lindos, era como estar en un teatro.<\/p>\n<p><strong>&#8211; \u00bfEs cierto que la pandemia no te afect\u00f3 tanto en lo personal? Seguramente te habr\u00e1 tocado desde otro lugar.<\/strong><br \/>&#8211; Ni qu\u00e9 hablar desde el punto de vista de los ingresos, todo el mundo que trabaja en el mundo art\u00edstico, m\u00e1s toda la que trabaja en el turismo, la gastronom\u00eda y la hoteler\u00eda, tuvimos m\u00e1s de dos a\u00f1os sin ingresos, se nos cort\u00f3 todo. Yo de alg\u00fan modo pude mantenerme, pero fue muy dif\u00edcil para nosotros. Hemos sufrido esa parte muy duramente. Pero despu\u00e9s, medio en chiste tambi\u00e9n, me vino bien la pandemia, que no se tome a mal, porque ten\u00eda el argumento ideal para zafar de una cantidad de compromisos.<\/p>\n<p><strong>&#8211; \u00bfTen\u00e9s muchos?<\/strong><br \/>&#8211; Mi vida se ha convertido en un tironeo social. En Uruguay todo el mundo que tiene un proyecto piensa que yo soy la persona adecuada para integrarlo. Eso puede incluir desde ser jurado de no s\u00e9 que, participar de la direcci\u00f3n de la instituci\u00f3n de no s\u00e9 cuando, ir a todos los beneficios que se te ocurran (porque a uno se le vol\u00f3 el techo de una escuelita o porque uno se va operar del coraz\u00f3n). Despu\u00e9s, millones y millones de amigos, porque la vida nuestra te facilita mucho el tema de las relaciones sociales, entonces ten\u00e9s amistades, conocidos y compromisos. Est\u00e1 uno que se casa, el otro que bautiza al hijo, un asado. Yo hace unos a\u00f1os que ni atiendo el tel\u00e9fono, ya ni me afecta, entonces la pandemia fue un alivio. Todo esto dicho con humor, que se me permita el chiste para alivianar un poco; todos sabemos lo duro que fue todo.<\/p>\n<p><strong>&#8211; Se te ve siempre muy agradecido.<\/strong><br \/>&#8211;&nbsp;Me est\u00e1 empezando a ir bien reci\u00e9n ahora, a los 65 a\u00f1os, toda mi vida fui un ciudadano m\u00e1s y lo sigo siendo, nunca me tragu\u00e9 el caramelo del artista, de la estrella, del especial. En mi psicolog\u00eda no existe eso, yo soy como cualquier artesano, como el que tiene un quiosco en el barrio, y ah\u00ed vienen los vecinos y yo les vendo alfajores y charlamos.<\/p>\n","protected":false},"excerpt":{"rendered":"<p>Foto: Archivo. El cantante y compositor uruguayo Fernando Cabrera, uno de los grandes referentes de la m\u00fasica rioplantense, habl\u00f3 con T\u00e9lam acerca de la alegr\u00eda que significa volver a la Argentina tras m\u00e1s de dos a\u00f1os de ausencia para presentarse el mi\u00e9rcoles y jueves pr\u00f3ximos a las 20.30 en el teatro Astros, y se refiri\u00f3 [&hellip;]<\/p>\n","protected":false},"author":1,"featured_media":21772,"comment_status":"closed","ping_status":"closed","sticky":false,"template":"","format":"standard","meta":[],"categories":[9],"tags":[],"_links":{"self":[{"href":"http:\/\/nuevacordoba.net\/index.php\/wp-json\/wp\/v2\/posts\/21771"}],"collection":[{"href":"http:\/\/nuevacordoba.net\/index.php\/wp-json\/wp\/v2\/posts"}],"about":[{"href":"http:\/\/nuevacordoba.net\/index.php\/wp-json\/wp\/v2\/types\/post"}],"author":[{"embeddable":true,"href":"http:\/\/nuevacordoba.net\/index.php\/wp-json\/wp\/v2\/users\/1"}],"replies":[{"embeddable":true,"href":"http:\/\/nuevacordoba.net\/index.php\/wp-json\/wp\/v2\/comments?post=21771"}],"version-history":[{"count":0,"href":"http:\/\/nuevacordoba.net\/index.php\/wp-json\/wp\/v2\/posts\/21771\/revisions"}],"wp:featuredmedia":[{"embeddable":true,"href":"http:\/\/nuevacordoba.net\/index.php\/wp-json\/wp\/v2\/media\/21772"}],"wp:attachment":[{"href":"http:\/\/nuevacordoba.net\/index.php\/wp-json\/wp\/v2\/media?parent=21771"}],"wp:term":[{"taxonomy":"category","embeddable":true,"href":"http:\/\/nuevacordoba.net\/index.php\/wp-json\/wp\/v2\/categories?post=21771"},{"taxonomy":"post_tag","embeddable":true,"href":"http:\/\/nuevacordoba.net\/index.php\/wp-json\/wp\/v2\/tags?post=21771"}],"curies":[{"name":"wp","href":"https:\/\/api.w.org\/{rel}","templated":true}]}}