{"id":21775,"date":"2022-07-09T00:35:07","date_gmt":"2022-07-09T00:35:07","guid":{"rendered":"http:\/\/estaciontrip.com.ar\/?p=7034"},"modified":"2022-07-09T00:35:07","modified_gmt":"2022-07-09T00:35:07","slug":"tras-dos-anos-de-impasse-inauguro-la-feria-caminos-y-sabores","status":"publish","type":"post","link":"http:\/\/nuevacordoba.net\/index.php\/2022\/07\/09\/tras-dos-anos-de-impasse-inauguro-la-feria-caminos-y-sabores\/","title":{"rendered":"Tras dos a\u00f1os de impasse, inaugur\u00f3 la feria \u201cCaminos y Sabores\u201d"},"content":{"rendered":"<div><img src=\"http:\/\/nuevacordoba.net\/wp-content\/uploads\/2022\/07\/tras-dos-anos-de-impasse-inauguro-la-feria-caminos-y-sabores.jpg\" class=\"ff-og-image-inserted\"><\/div>\n<p><em>Con la presencia de la secretaria de Promoci\u00f3n Tur\u00edstica,&nbsp;<strong>Yanina Mart\u00ednez<\/strong>, se oficializ\u00f3 la 16\u00ba edici\u00f3n de la feria&nbsp;<strong>\u201cCaminos y Sabores\u201d<\/strong>, que tendr\u00e1 lugar hasta el 10 de julio en La Rural<\/em> <em>de Buenos Aires.<\/em><\/p>\n<p>Luego de dos a\u00f1os sin realizarse por la pandemia, inaugur\u00f3 la Feria Caminos y Sabores en el predio Rural de Palermo. En ese marco, el&nbsp;<strong>Ministerio de Turismo y Deportes de la Naci\u00f3n<\/strong>&nbsp;cuenta con su stand para presentar la diversidad que distingue a la gastronom\u00eda nacional. <\/p>\n<p><em>\u00abVamos a seguir acompa\u00f1ando con estos emprendimientos porque sabemos que la gastronom\u00eda es un factor tur\u00edstico muy importante para nuestros pa\u00edses, por lo que significa para nuestras tradiciones y nuestra identidad\u00bb<\/em>, asegur\u00f3&nbsp;<strong>Mart\u00ednez<\/strong>&nbsp;durante la jornada, en la que tambi\u00e9n estuvieron presentes autoridades provinciales de Turismo y representantes del sector gastron\u00f3mico-hotelero.<\/p>\n<p><em>\u00abCaminos y Sabores es la feria m\u00e1s federal de la Argentina que debuta como un Gran Mercado de productores de alimentos, bebidas y artesan\u00edas, con el papel preponderante que tienen todos los gobiernos provinciales que apoyan con su participaci\u00f3n al productor regional, junto a la invalorable articulaci\u00f3n del Consejo Federal de Inversiones (CFI)\u00bb<\/em>, destac\u00f3&nbsp;<strong>Martin Schvartzman<\/strong>,&nbsp;CEO de Exponenciar en sus palabras de bienvenida.<\/p>\n<p>El&nbsp;<strong>Ministerio de Turismo y Deportes de la Naci\u00f3n<\/strong>&nbsp;vuelve a estar presente en la feria mediante un stand, donde pone en valor a la gastronom\u00eda y el enoturismo, dos de los pilares del plan estrat\u00e9gico de la Marca Pa\u00eds Argentina. All\u00ed se presentar\u00e1n productores de las provincias de&nbsp;<strong>Buenos Aires, Chaco, Corrientes, La Pampa, Mendoza, Neuqu\u00e9n, R\u00edo Negro, San Luis<\/strong>&nbsp;y&nbsp;<strong>Santiago del Estero<\/strong>.<\/p>\n<p>Adem\u00e1s, el ministerio dispone del escenario&nbsp;<strong>\u201cCocina verde\u201d<\/strong>, donde habr\u00e1 chefs como Coto Fern\u00e1ndez, de San Luis. Por su parte, el viernes estar\u00e1n Hugo Veliz de La Rioja y Carlos L\u00f6sch del Chaco, mientras que el s\u00e1bado har\u00e1n lo propio Kalia Manzur, del Chubut, y Cristina Rojas Lazart, de Tucum\u00e1n, y el domingo participar\u00e1 Lucio Marini, de Santa Fe.<\/p>\n<p>Con m\u00e1s de&nbsp;<strong>450 productores y 40 chefs<\/strong>, Caminos y Sabores se realizar\u00e1 del 7 al 10 de julio de 12 a 20 en&nbsp;<strong>La Rural<\/strong>, Ciudad de Buenos Aires. El mayor mercado de gastronom\u00eda argentino espera recibir m\u00e1s de 100 mil visitantes para, a trav\u00e9s de 9 caminos tem\u00e1ticos, descubrir los sabores y la riqueza de nuestra tierra.<\/p>\n","protected":false},"excerpt":{"rendered":"<p>Con la presencia de la secretaria de Promoci\u00f3n Tur\u00edstica,&nbsp;Yanina Mart\u00ednez, se oficializ\u00f3 la 16\u00ba edici\u00f3n de la feria&nbsp;\u201cCaminos y Sabores\u201d, que tendr\u00e1 lugar hasta el 10 de julio en La Rural de Buenos Aires. Luego de dos a\u00f1os sin realizarse por la pandemia, inaugur\u00f3 la Feria Caminos y Sabores en el predio Rural de Palermo. [&hellip;]<\/p>\n","protected":false},"author":1,"featured_media":21776,"comment_status":"closed","ping_status":"closed","sticky":false,"template":"","format":"standard","meta":[],"categories":[11],"tags":[],"_links":{"self":[{"href":"http:\/\/nuevacordoba.net\/index.php\/wp-json\/wp\/v2\/posts\/21775"}],"collection":[{"href":"http:\/\/nuevacordoba.net\/index.php\/wp-json\/wp\/v2\/posts"}],"about":[{"href":"http:\/\/nuevacordoba.net\/index.php\/wp-json\/wp\/v2\/types\/post"}],"author":[{"embeddable":true,"href":"http:\/\/nuevacordoba.net\/index.php\/wp-json\/wp\/v2\/users\/1"}],"replies":[{"embeddable":true,"href":"http:\/\/nuevacordoba.net\/index.php\/wp-json\/wp\/v2\/comments?post=21775"}],"version-history":[{"count":0,"href":"http:\/\/nuevacordoba.net\/index.php\/wp-json\/wp\/v2\/posts\/21775\/revisions"}],"wp:featuredmedia":[{"embeddable":true,"href":"http:\/\/nuevacordoba.net\/index.php\/wp-json\/wp\/v2\/media\/21776"}],"wp:attachment":[{"href":"http:\/\/nuevacordoba.net\/index.php\/wp-json\/wp\/v2\/media?parent=21775"}],"wp:term":[{"taxonomy":"category","embeddable":true,"href":"http:\/\/nuevacordoba.net\/index.php\/wp-json\/wp\/v2\/categories?post=21775"},{"taxonomy":"post_tag","embeddable":true,"href":"http:\/\/nuevacordoba.net\/index.php\/wp-json\/wp\/v2\/tags?post=21775"}],"curies":[{"name":"wp","href":"https:\/\/api.w.org\/{rel}","templated":true}]}}