{"id":21777,"date":"2022-07-08T22:48:34","date_gmt":"2022-07-08T22:48:34","guid":{"rendered":"https:\/\/cordoba.gob.ar\/?p=28513"},"modified":"2022-07-08T22:48:34","modified_gmt":"2022-07-08T22:48:34","slug":"mas-de-150-actividades-culturales-para-entretenerse-en-las-vacaciones-de-julio","status":"publish","type":"post","link":"http:\/\/nuevacordoba.net\/index.php\/2022\/07\/08\/mas-de-150-actividades-culturales-para-entretenerse-en-las-vacaciones-de-julio\/","title":{"rendered":"M\u00e1s de 150 actividades culturales para entretenerse en las vacaciones de julio"},"content":{"rendered":"<div><img src=\"http:\/\/nuevacordoba.net\/wp-content\/uploads\/2022\/07\/mas-de-150-actividades-culturales-para-entretenerse-en-las-vacaciones-de-julio.jpg\" class=\"ff-og-image-inserted\"><\/div>\n<ul>\n<li><strong>T\u00edteres, teatro, cine, muestras y talleres, son algunas de las propuestas que ofrece la Secretar\u00eda de Cultura de la Municipalidad de C\u00f3rdoba.<\/strong><\/li>\n<li><strong>En su mayor\u00eda, las entradas son gratuitas y otras poseen un valor accesible para los ni\u00f1os y las familias.<\/strong><\/li>\n<\/ul>\n<hr>\n<p>Las vacaciones de julio se disfrutan en la Ciudad de C\u00f3rdoba con m\u00e1s de 150 actividades culturales destinadas a las infancias y familias.<\/p>\n<p>Dentro de las m\u00faltiples propuestas que presenta la Secretar\u00eda de Cultura de la Municipalidad de C\u00f3rdoba, se incluye la fiesta del libro, espect\u00e1culos de teatro y festivales de t\u00edteres, muestras de arte, proyecciones, talleres creativos, podcast en vivo y experiencias interactivas a partir de lo mejor de la producci\u00f3n cultural local.<\/p>\n<p>Los espacios culturales municipales donde se llevar\u00e1n a cabo dichas actividades, se encuentran el Cabildo de C\u00f3rdoba, Centro Cultural Espa\u00f1a C\u00f3rdoba, Cineclub Municipal, Sala Malicha Leguizam\u00f3n, Casa de Pepino, La Piojera, Ciudad de las Artes.<\/p>\n<p>A continuaci\u00f3n, se detallan algunas de la actividades de la programaci\u00f3n cultural:<\/p>\n<p><strong>T\u00edteres<\/strong><br \/>-Cabildo de C\u00f3rdoba, Independencia 30, PA, gratis.<br \/>-Casa de Pepino, Fructuoso Rivera 287, gratis.<br \/>-La Piojera, Av. Col\u00f3n 1551, a la gorra.<\/p>\n<p>Entre el 12 y el 22 de julio, la ciudad ofrecer\u00e1 m\u00e1s de quince funciones de teatro de t\u00edteres a lo largo del Cabildo de C\u00f3rdoba, el Centro Cultural Casa de Pepino y La Piojera. Muchas de las obras integran el 40\u00ba Festival de invierno de Teatro de Mu\u00f1ecos, que tendr\u00e1 lugar en el Cabildo (Independencia 30) con entrada gratuita.<\/p>\n<p>De este festival participan elencos que son referentes del g\u00e9nero como El Chonch\u00f3n, Pichimaki, Giraluna, El Tel\u00f3n, El Lucero, Luna Lunera, Bigote de Monigote, Los t\u00edteres de Valentina, Marotte en Fuga, Bigote de Monigote y La Pareja.<\/p>\n<p>Por su parte, en Casa de Pepino se podr\u00e1 disfrutar de piezas como \u201cT\u00edteres Chakapoing\u201d y \u201cLa Era del Pl\u00e1stico\u201d. Y en la Piojera se ver\u00e1 \u201cAmor viajero\u201d y \u201cValentino, Sof\u00eda y el Drag\u00f3n\u201d (grupo El Tornillo), con entrada a la gorra, por orden de llegada, entre otras propuestas para p\u00fablico infantil y adolescente.<\/p>\n<p><strong>Sala de Lectura Malicha<\/strong><br \/>-Cabildo de C\u00f3rdoba (ingreso por Pje. Santa Catalina), PB<br \/>Entrada gratuita<\/p>\n<p>Desde el lunes 11 y hasta el 31 de julio, la Sala Malicha ser\u00e1 escenario de diversas actividades de lectura espont\u00e1nea, narraci\u00f3n de cuentos y juegos, entre las 10 a 18, lunes a domingo, todos los d\u00edas con excepci\u00f3n del mi\u00e9rcoles 27, viernes 29 y s\u00e1bado 30 de julio, sin programaci\u00f3n.<\/p>\n<p><strong>Teatro Independiente x la Ciudad<\/strong><br \/>Del 9 al 24 de julio<br \/>Entradas con 30% de descuento<br \/>Salas de teatro independiente de la Ciudad<\/p>\n<p>M\u00e1s de 45 funciones de teatro para infancias, a cargo de elencos de teatro independiente de C\u00f3rdoba, para disfrutar durante las vacaciones de julio.<\/p>\n<p>La programaci\u00f3n surge del trabajo conjunto de la Secretar\u00eda de Cultura de la Municipalidad de C\u00f3rdoba y la Red de Salas, a partir del Programa de Fortalecimiento del Teatro Independiente en la Ciudad. Este programa contempla diversas medidas de apoyo al sector, y busca la promoci\u00f3n de accesibilidad de nuevos p\u00fablicos al teatro.<\/p>\n<p>Con la compra de cada entrada, se puede obtener el 30% de descuento con el c\u00f3digo \u201cTIC 30\u201d (hasta agotar stock).<\/p>\n<p>M\u00e1s info en antesala.com.ar<\/p>\n<p><strong>Muestra \u201cLa M\u00e1gica Ciudad de Antonio Segu\u00ed\u201d<\/strong><br \/>-Cabildo de C\u00f3rdoba, Independencia 30, PA.<br \/>Del 14 de julio al 21 de agosto, de lunes a viernes, de 10:00 a 18:00<br \/>Entrada gratuita<\/p>\n<p>Es una muestra ideada por el Museo de los Ni\u00f1os Barrilete, que conjuga el imaginario urbano del artista cordob\u00e9s Antonio Segu\u00ed con un recorrido l\u00fadico y experimental pensado especialmente para la infancia.<\/p>\n<p>La exhibici\u00f3n de car\u00e1cter participativo, se desarrollar\u00e1 en cuatro salas del Cabildo de C\u00f3rdoba. En su recorrido, orientado a despertar el inter\u00e9s y la curiosidad de chicos y grandes, se descubren propuestas tales como un recorrido por la vida del artista, juegos de armado, encaste y creaci\u00f3n, una maqueta donde podr\u00e1n armar una ciudad imaginada por Antonio Segu\u00ed y una real, un taller colaborativo para la terminaci\u00f3n de murales y como cierre un espacio para dejar buenas ideas para nuestra ciudad.<\/p>\n<p>La propuesta fue gestada 19 a\u00f1os atr\u00e1s, con la colaboraci\u00f3n de Antonio Segu\u00ed y como proyecto conjunto del Museo de los Ni\u00f1os Barrilete y el Museo Municipal de Arte Genaro P\u00e9rez. Hoy la comunidad podr\u00e1 reencontrarse con ella y disfrutarla en el coraz\u00f3n de la Ciudad.<\/p>\n<p><strong>\u00d1aque \u2013 Fiesta del libro infantil<\/strong><br \/>-Centro Cultural Espa\u00f1a C\u00f3rdoba, Entre R\u00edos 40<br \/>Viernes 15 y s\u00e1bado 16 de julio<br \/>Entrada gratuita<\/p>\n<p>Esta fiesta\/feria convida a disfrutar de los libros, compartiendo el oficio creador que los vuelve posible y los pone a circular, contemplando el trabajo de personas ilustradoras, escritoras, editoras, lectoras y libreras.<\/p>\n<p>La iniciativa es una coproducci\u00f3n entre el Centro Cultural Espa\u00f1a C\u00f3rdoba y la librer\u00eda Portaculturas. Recrear\u00e1 durante el 15 y 16 de julio actividades para ni\u00f1os y tambi\u00e9n p\u00fablico adulto.<\/p>\n<p>De su agenda global, destacamos la feria, que cuenta con participaci\u00f3n de las librer\u00edas Casita de Libros (La Cumbre), En un Lugar de la Mancha (C\u00f3rdoba), Volc\u00e1n Azul (C\u00f3rdoba), Librer\u00eda Silvestre (Mendiolaza) y Portaculturas (C\u00f3rdoba).<\/p>\n<p>Se podr\u00e1 compartir ambos d\u00edas desde las 14hs en el patio del Aljibe del Centro Cultural. Asimismo, el viernes 15, de 14 a 16 se desarrollar\u00e1 Taller de ilustraci\u00f3n para ni\u00f1os a cargo de Paloma Valdivia, sin inscripci\u00f3n previa y con acceso gratuito.<\/p>\n<p>Ese mismo viernes, a las 16.30, habr\u00e1 un podcast en vivo. Se realizar\u00e1 y grabar\u00e1 en vivo un episodio de \u201cPaseo Invisible\u201d, un podcast de poes\u00eda para todas las edades. Ser\u00e1 con participaci\u00f3n del p\u00fablico presente e invitados, de la mano de poemas, preguntas, asociaciones, juegos, entrevistas, recomendaciones libreras, palabras de aqu\u00ed y de all\u00e1. Esta actividad es organizada por la librer\u00eda Un lugar de la mancha.<\/p>\n<p>\u201cPaseo Invisible\u201d es un podcast para compartir poes\u00eda entre ni\u00f1os y grandes. Un espacio de encuentro con y a trav\u00e9s de la poes\u00eda.<br \/>Se puede consultar m\u00e1s en sus redes: IG y Facebook @paseoinvisible<\/p>\n<p>Ver m\u00e1s en este <a href=\"https:\/\/ccec.org.ar\/evento\/naque-fiesta-del-libro-infantil\/\">enlace<\/a>.<\/p>\n<p><strong>Talleres<\/strong><br \/>-Centro Cultural Espa\u00f1a C\u00f3rdoba, Entre R\u00edos 40<br \/>21 y 22 de julio<br \/>Entrada gratuita, con inscripci\u00f3n.<\/p>\n<p>-Casa de Pepino, Fructuoso Rivera 287.<br \/>Del 12 al 28 de julio<br \/>Costo entre $1.000 y $3.500.<\/p>\n<p>Durante estas vacaciones de julio, en el CCEC habr\u00e1 talleres imperdibles para p\u00fablico infantil. Se trata de \u201cFresquito para murales\u201d, previsto para el 21 de julio, a cargo de Mariquita S\u00e1nchez, sobre muralismo fresco para experimentar con colores y pigmentos minerales. Destinado a ni\u00f1os de siete a\u00f1os en adelante. Para participar, completar este <a href=\"https:\/\/bit.ly\/3yI7FuE\">formulario<\/a>, hasta el 19 de julio.<\/p>\n<p>Tambi\u00e9n en el CCE.C, el 22 de julio se ofrecer\u00e1 el taller \u201cLa poes\u00eda de los colores\u201d, una propuesta de poes\u00eda y pintura, a cargo de Laura Demarco. Se compartir\u00e1n textos literarios y se abordar\u00e1n figuras de madera para crear personajes. Para participar, completar el formulario hasta el 21 de julio: https:\/\/bit.ly\/3OI6p05<\/p>\n<p>En el marco del Festival \u00d1aque, tambi\u00e9n habr\u00e1 un taller a cargo de Paloma Valdivia. En el Centro Cultural Casa de Pepino se organizaron seis talleres para infancias, del 12 al 28 de julio, con propuestas l\u00fadicas y art\u00edsticas sobre dibujo, historieta y m\u00e1s.<\/p>\n<p>La mayor\u00eda requiere inscripci\u00f3n previa, y contemplan varios encuentros.<\/p>\n<p><strong>Pelis en el Cineclub <\/strong><br \/>-Cineclub Municipal, Bv. San Juan 49.<br \/>15:30 y 23:00<br \/>Entrada gral. $450, socias\/os $45.<\/p>\n<p>Del lunes 11 al martes 26 de julio, el Cineclub Municipal recrear\u00e1 el ciclo Especial vacaciones de invierno \u201cCuando \u00e9ramos ni\u00f1es\u201d con m\u00e1s de una decena de funciones de films cl\u00e1sicos para infancias y j\u00f3venes, algunas dobladas al castellano y otras subtituladas.<\/p>\n<p>Se podr\u00e1n ver \u201cE.T., el extraterrestre\u201d (doblaba), \u201cCuenta conmigo\u201d (subtitulada), \u201cPap\u00e1 por siempre\u201d (doblaba), \u201cEl vuelo del navegante\u201d (subtitulada), \u201cMir\u00e1 qui\u00e9n habla\u201d (subtitulada), \u201cBabe, el chanchito valiente\u201d (doblaba), \u201cQuerida, encong\u00ed a los ni\u00f1os\u201d (subtitulada), \u201cKarate Kid\u201d (doblada), y \u201c\u00a1Cuidado: beb\u00e9 suelto!\u201d (subtitulada).<\/p>\n<p>Desde julio hasta agosto, 2 entradas al precio de 1, promoci\u00f3n v\u00e1lida para todo p\u00fablico, de lunes a mi\u00e9rcoles, en todas las funciones de la Sala Mayor.<\/p>\n<p>Adem\u00e1s, estudiantes de la Facultad de Artes (UNC), La Metro y Comunicaci\u00f3n Audiovisual (UBP). Deben presentar libreta de estudiantes. presentando libreta o certificado de alumno regular, y jubilados con carnet, tambi\u00e9n de jueves a domingos, en las funciones de las 15:30 hs.<\/p>\n<p><strong>Ta Ti Te<\/strong><br \/>-Teatro Ciudad de las Artes (Av. Pablo Ricchieri 1955).<br \/>Viernes 15 y viernes 22 de julio, 11:00 y 15:00<br \/>Entrada gratuita<\/p>\n<p>\u201cTa Ti Te Imaginate\u201d es una obra del elenco municipal de Danza Teatro, nacida de la creaci\u00f3n colectiva. La propuesta invita a un juego colectivo donde protagonistas y p\u00fablico son part\u00edcipes imprescindibles para su concreci\u00f3n. El espect\u00e1culo crea mundos imposibles y entra en ellos, de la misma manera que lo hace con Mat\u00edas su regalo sorpresa.<\/p>\n<p>La historia: Mat\u00edas abre una puerta y encuentra un regalo, \u00a1pero tiene que esperar hasta su cumple para desenvolverlo! \u00bfQu\u00e9 hay en la caja? \u00bfPodr\u00e1 resistir la tentaci\u00f3n y esperar hasta el d\u00eda siguiente? Las puertas de la imaginaci\u00f3n se abrir\u00e1n para Mat\u00edas. \u00a1Ayudalo a descubrir qu\u00e9 puede ser el regalo de su pr\u00f3ximo cumplea\u00f1os!<\/p>\n<p>El cuerpo art\u00edstico municipal es responsable de la interpretaci\u00f3n, creaci\u00f3n dramat\u00fargica, realizaci\u00f3n escenogr\u00e1fica, utiler\u00eda y vestuario, dise\u00f1o de sonido y gr\u00e1fico, producci\u00f3n y direcci\u00f3n de arte.<\/p>\n<p>Para conocer la agenda completa con las propuestas que ofrece la Secretar\u00eda de Cultura Municipal, se debe ingresar al siguiente archivo: <a href=\"https:\/\/cordoba.gob.ar\/wp-content\/uploads\/2022\/07\/Agenda-Vacaciones-de-Julio-para-las-Infancias.pdf\">Agenda Vacaciones de Julio para las Infancias<\/a><\/p>\n","protected":false},"excerpt":{"rendered":"<p>T\u00edteres, teatro, cine, muestras y talleres, son algunas de las propuestas que ofrece la Secretar\u00eda de Cultura de la Municipalidad de C\u00f3rdoba. En su mayor\u00eda, las entradas son gratuitas y otras poseen un valor accesible para los ni\u00f1os y las familias. Las vacaciones de julio se disfrutan en la Ciudad de C\u00f3rdoba con m\u00e1s de [&hellip;]<\/p>\n","protected":false},"author":1,"featured_media":21778,"comment_status":"closed","ping_status":"closed","sticky":false,"template":"","format":"standard","meta":[],"categories":[14],"tags":[],"_links":{"self":[{"href":"http:\/\/nuevacordoba.net\/index.php\/wp-json\/wp\/v2\/posts\/21777"}],"collection":[{"href":"http:\/\/nuevacordoba.net\/index.php\/wp-json\/wp\/v2\/posts"}],"about":[{"href":"http:\/\/nuevacordoba.net\/index.php\/wp-json\/wp\/v2\/types\/post"}],"author":[{"embeddable":true,"href":"http:\/\/nuevacordoba.net\/index.php\/wp-json\/wp\/v2\/users\/1"}],"replies":[{"embeddable":true,"href":"http:\/\/nuevacordoba.net\/index.php\/wp-json\/wp\/v2\/comments?post=21777"}],"version-history":[{"count":0,"href":"http:\/\/nuevacordoba.net\/index.php\/wp-json\/wp\/v2\/posts\/21777\/revisions"}],"wp:featuredmedia":[{"embeddable":true,"href":"http:\/\/nuevacordoba.net\/index.php\/wp-json\/wp\/v2\/media\/21778"}],"wp:attachment":[{"href":"http:\/\/nuevacordoba.net\/index.php\/wp-json\/wp\/v2\/media?parent=21777"}],"wp:term":[{"taxonomy":"category","embeddable":true,"href":"http:\/\/nuevacordoba.net\/index.php\/wp-json\/wp\/v2\/categories?post=21777"},{"taxonomy":"post_tag","embeddable":true,"href":"http:\/\/nuevacordoba.net\/index.php\/wp-json\/wp\/v2\/tags?post=21777"}],"curies":[{"name":"wp","href":"https:\/\/api.w.org\/{rel}","templated":true}]}}