{"id":21779,"date":"2022-07-09T05:04:55","date_gmt":"2022-07-09T05:04:55","guid":{"rendered":"http:\/\/nuevacordoba.net\/index.php\/2022\/07\/09\/texas-desafia-a-la-casa-blanca-autoriza-a-devolver-migrantes-a-la-frontera\/"},"modified":"2022-07-09T05:04:55","modified_gmt":"2022-07-09T05:04:55","slug":"texas-desafia-a-la-casa-blanca-autoriza-a-devolver-migrantes-a-la-frontera","status":"publish","type":"post","link":"http:\/\/nuevacordoba.net\/index.php\/2022\/07\/09\/texas-desafia-a-la-casa-blanca-autoriza-a-devolver-migrantes-a-la-frontera\/","title":{"rendered":"Texas desaf\u00eda a la Casa Blanca: autoriza a devolver migrantes a la frontera"},"content":{"rendered":"<figure class=\"mb-3\"><img loading=\"lazy\" src=\"http:\/\/nuevacordoba.net\/wp-content\/uploads\/2022\/07\/texas-desafia-a-la-casa-blanca-autoriza-a-devolver-migrantes-a-la-frontera.jpg\" width=\"100%\" height=\"100%\" alt=\"Foto Archivo\"><figcaption> Foto: Archivo. <\/figcaption><\/figure>\n<p>El gobernador de Texas, Greg Abbott, firm\u00f3 una orden que faculta a las autoridades del estado a detener a migrantes que hayan pasado ilegalmente la frontera con M\u00e9xico, una decisi\u00f3n que burla la autoridad habitual del gobierno federal sobre los asuntos de inmigraci\u00f3n en Estados Unidos, y que gener\u00f3 la r\u00e9plica de la Casa Blanca, que le recomend\u00f3 no \u201centrometerse\u201d en la materia.<\/p>\n<p><strong>\u00abEl estado de Texas est\u00e1 adelantando una vez m\u00e1s y tomando medidas sin precedentes para proteger a los estadounidenses y asegurar la frontera sur\u00bb<\/strong>, dijo este viernes el gobernador republicano en un comunicado.<\/p>\n<p>La orden ejecutiva faculta a la Guardia Nacional y al Departamento de Seguridad de Texas \u00aba aprehender a los inmigrantes que crucen ilegalmente los puertos de entrada y retornarlos a la frontera\u00bb, agrega el texto, recogido por la agencia de noticias AFP.<\/p>\n<p>La orden crea un potencial conflicto legal entre Texas y el gobierno federal, que por lo general maneja la inmigraci\u00f3n y las pol\u00edticas de relaciones exteriores.<\/p>\n<p>\u00abEl control de la inmigraci\u00f3n depende de las autoridades federales\u00bb y los estados \u00abno deben inmiscuirse\u00bb en el tema, reaccion\u00f3 la vocera de la Casa Blanca, Karine Jean-Pierre, durante su rueda de prensa diaria.<\/p>\n<p>Abbott <strong>\u00abacostumbra crear el caos y la confusi\u00f3n en la frontera\u00bb<\/strong>, agreg\u00f3.<\/p>\n<p>La expresi\u00f3n pareci\u00f3 una referencia a que en abril el gobernador decidi\u00f3 aumentar la inspecci\u00f3n de camiones en la frontera con M\u00e9xico, lo que afect\u00f3 al flujo comercial, y envi\u00f3 a Washington autobuses con migrantes indocumentados.<\/p>\n<p>El gobernador texano critic\u00f3 a los dem\u00f3cratas en Washington por supuestamente ser suaves en el tema de inmigraci\u00f3n, y asegur\u00f3 el jueves que la medida era necesaria porque el presidente <strong>Joe Biden \u00abse niega a hacer su trabajo y a hacer cumplir las leyes sobre inmigraci\u00f3n promulgadas en el Congreso\u00bb<\/strong>.<\/p>\n<p>El gobierno mexicano, por su parte, desestim\u00f3 la orden diciendo que el pa\u00eds solo podr\u00eda discutir la pol\u00edtica de inmigraci\u00f3n a nivel federal, lo que, se\u00f1al\u00f3, tambi\u00e9n es la pr\u00e1ctica habitual de Estados Unidos.<\/p>\n<p>\u00abEsta acci\u00f3n solo es entendible en un contexto de campa\u00f1a electoral en el estado de Texas\u00bb, refiri\u00f3 anoche en un comunicado el gobierno de Andr\u00e9s L\u00f3pez Obrador, en vista de las elecciones de noviembre que incluyen las de gobernadores.<\/p>\n<p>Otro vocero de la Casa Blanca, Abdullah Hasan, afirm\u00f3 que <strong>las iniciativas pasadas de Abbott \u00abno inspiran confianza respecto a lo que ha preparado ahora\u00bb.<\/strong><\/p>\n<h2 class>Operaci\u00f3n \u00abLone Star\u00bb<\/h2>\n<p>La Operaci\u00f3n Lone Star, (estrella solitaria, como se define al estado de Texas por su bandera) es una iniciativa de seguridad fronteriza lanzada en 2021 por Abbott en respuesta al aumento de los cruces fronterizos, que \u00e9l atribuye a la pol\u00edtica migratoria de Biden.<\/p>\n<p>Con esa iniciativa \u00ab<strong>puso a los guardias nacionales y a las fuerzas del orden p\u00fablico en situaciones peligrosas y provoc\u00f3 una pesadilla log\u00edstica\u00bb<\/strong>, a\u00f1adi\u00f3 Hasan.<\/p>\n<p>Destac\u00f3 adem\u00e1s que el presidente Biden \u00abse enfoca en soluciones de pol\u00edticas reales para asegurar verdaderamente la frontera\u201d y enumer\u00f3 entre ellas la instalaci\u00f3n de nueva tecnolog\u00eda fronteriza, los niveles r\u00e9cord de financiamiento para el Departamento de Seguridad Nacional y los m\u00e1s de 2.800 arrestos en los primeros tres meses del lanzamiento de \u201cuna campa\u00f1a contra el contrabando sin precedentes\u00bb.<\/p>\n<h2 class>La migraci\u00f3n en cifras<\/h2>\n<p>Las cifras de migraci\u00f3n de M\u00e9xico a Estados Unidos se mantuvieron elevadas en meses recientes.<\/p>\n<p><strong>En mayo, las autoridades detuvieron a m\u00e1s de 239.000 personas en la frontera mexicana, una cifra r\u00e9cord<\/strong>, pese a que tambi\u00e9n incluye a los que a los que intentaron entrar a Estados Unidos en m\u00faltiples ocasiones.<\/p>\n<p>La orden de Abbott se da a una semana de que la Corte Suprema de Estados Unidos diera a la administraci\u00f3n de Biden luz verde para finalizar la pol\u00edtica llamada Quedate en M\u00e9xico, puesta en marcha por el expresidente Donald Trump en 2019, con la que se enviaba a solicitantes de asilo de vuelta a su pa\u00eds para esperar la resoluci\u00f3n de sus casos.<\/p>\n<h2 class>La de la Casa Blanca no fue la \u00fanica cr\u00edtica a Texas<\/h2>\n<p>El presidente de la Liga de Ciudadanos Latinos Estadounidenses (LULAC), Domingo Garc\u00eda, llam\u00f3 al fiscal general de Estados Unidos y a los fiscales de distrito de los condados a lo largo de la frontera con M\u00e9xico a <strong>\u00abinvestigar\u201d al gobernador Abbott y al vicegobernador Dan Patrick por \u201cposibles violaciones penales y civiles de las leyes federales y estatales\u00bb.<\/strong><\/p>\n<p>Patrick dijo esta semana en una entrevista que \u00abse necesita poner las manos sobre las personas y comenzar a enviarlas de regreso\u00bb, seg\u00fan la agencia AFP.<\/p>\n<p>Y el presidente de la Asociaci\u00f3n Estadounidense de Abogados de Inmigraci\u00f3n, Jeremy McKinney, llam\u00f3 a la orden de Abbott \u00abmoralmente reprobable e incuestionablemente ilegal\u00bb.<\/p>\n<p>\u00abLa Constituci\u00f3n de Estados Unidos deja claro que la aplicaci\u00f3n de la ley de inmigraci\u00f3n (recae en) una autoridad federal\u00bb por lo que el gobierno de Biden debe \u00abresponder r\u00e1pidamente con litigios\u00bb, reaccion\u00f3.<\/p>\n","protected":false},"excerpt":{"rendered":"<p>Foto: Archivo. El gobernador de Texas, Greg Abbott, firm\u00f3 una orden que faculta a las autoridades del estado a detener a migrantes que hayan pasado ilegalmente la frontera con M\u00e9xico, una decisi\u00f3n que burla la autoridad habitual del gobierno federal sobre los asuntos de inmigraci\u00f3n en Estados Unidos, y que gener\u00f3 la r\u00e9plica de la [&hellip;]<\/p>\n","protected":false},"author":1,"featured_media":21780,"comment_status":"closed","ping_status":"closed","sticky":false,"template":"","format":"standard","meta":[],"categories":[13],"tags":[],"_links":{"self":[{"href":"http:\/\/nuevacordoba.net\/index.php\/wp-json\/wp\/v2\/posts\/21779"}],"collection":[{"href":"http:\/\/nuevacordoba.net\/index.php\/wp-json\/wp\/v2\/posts"}],"about":[{"href":"http:\/\/nuevacordoba.net\/index.php\/wp-json\/wp\/v2\/types\/post"}],"author":[{"embeddable":true,"href":"http:\/\/nuevacordoba.net\/index.php\/wp-json\/wp\/v2\/users\/1"}],"replies":[{"embeddable":true,"href":"http:\/\/nuevacordoba.net\/index.php\/wp-json\/wp\/v2\/comments?post=21779"}],"version-history":[{"count":0,"href":"http:\/\/nuevacordoba.net\/index.php\/wp-json\/wp\/v2\/posts\/21779\/revisions"}],"wp:featuredmedia":[{"embeddable":true,"href":"http:\/\/nuevacordoba.net\/index.php\/wp-json\/wp\/v2\/media\/21780"}],"wp:attachment":[{"href":"http:\/\/nuevacordoba.net\/index.php\/wp-json\/wp\/v2\/media?parent=21779"}],"wp:term":[{"taxonomy":"category","embeddable":true,"href":"http:\/\/nuevacordoba.net\/index.php\/wp-json\/wp\/v2\/categories?post=21779"},{"taxonomy":"post_tag","embeddable":true,"href":"http:\/\/nuevacordoba.net\/index.php\/wp-json\/wp\/v2\/tags?post=21779"}],"curies":[{"name":"wp","href":"https:\/\/api.w.org\/{rel}","templated":true}]}}