{"id":21783,"date":"2022-07-09T02:41:17","date_gmt":"2022-07-09T02:41:17","guid":{"rendered":"https:\/\/prensa.cba.gov.ar\/?p=506816"},"modified":"2022-07-09T02:41:17","modified_gmt":"2022-07-09T02:41:17","slug":"la-provincia-celebro-la-velada-de-gala-en-la-vispera-del-9-de-julio","status":"publish","type":"post","link":"http:\/\/nuevacordoba.net\/index.php\/2022\/07\/09\/la-provincia-celebro-la-velada-de-gala-en-la-vispera-del-9-de-julio\/","title":{"rendered":"La Provincia celebr\u00f3 la Velada de Gala en la v\u00edspera del 9 de Julio"},"content":{"rendered":"<ul>\n<li><strong>La ceremonia fue encabezada por el vicegobernador, Manuel Calvo, en el Teatro del Libertador General San Mart\u00edn.<\/strong><\/li>\n<li><strong>De este modo, la Provincia dio inicio a los festejos por el 206\u00b0 aniversario de la Independencia Nacional.<\/strong><\/li>\n<li><strong>Las celebraciones proseguir\u00e1n el s\u00e1bado, a partir de las 10.30, con un desfile c\u00edvico militar en inmediaciones del Centro C\u00edvico.<\/strong><\/li>\n<\/ul>\n<p>El <strong>Teatro del Libertador General San Mart\u00edn<\/strong> volvi\u00f3 a lucir este viernes su majestuosidad para dar marco a la Velada de Gala en v\u00edsperas del 9 de Julio, en una ceremonia que fue encabezada por el vicegobernador,<strong> <\/strong>Manuel Calvo, junto a la senadora nacional, Alejandra Vigo, y el intendente de C\u00f3rdoba, Mart\u00edn Llaryora. <\/p>\n<p>En esta ocasi\u00f3n, la tradicional velada estuvo a cargo de la <strong>Banda Sinf\u00f3nica de las Provincia de C\u00f3rdoba<\/strong>, al mando de su director art\u00edstico, <strong>Andr\u00e9s Acosta<\/strong>, junto al grupo <strong>Destino San Javier<\/strong>. El espect\u00e1culo musical comenz\u00f3 con las estrofas del Himno Nacional, que fue entonado por la vocalista <strong>Cecilia Mezzadra<\/strong>.<\/p>\n<p><strong>Manuel Calvo<\/strong>, quien al ingresar al Teatro fue recibido por la Guardia de Honor de los Federales de Bustos, celebr\u00f3 la oportunidad de retomar este tipo de encuentros que debieron verse suspendidos durante el contexto de la pandemia. &nbsp;<\/p>\n<figure class=\"wp-block-gallery columns-2 is-cropped\">\n<ul class=\"blocks-gallery-grid\">\n<li class=\"blocks-gallery-item\">\n<figure><img loading=\"lazy\" width=\"4714\" height=\"3153\" src=\"http:\/\/nuevacordoba.net\/wp-content\/uploads\/2022\/07\/la-provincia-celebro-la-velada-de-gala-en-la-vispera-del-9-de-julio.jpg\" alt data-id=\"506820\" data-link=\"https:\/\/prensa.cba.gov.ar\/?attachment_id=506820\" class=\"wp-image-506820\"><\/figure>\n<\/li>\n<li class=\"blocks-gallery-item\">\n<figure><img loading=\"lazy\" width=\"4725\" height=\"3154\" src=\"http:\/\/nuevacordoba.net\/wp-content\/uploads\/2022\/07\/la-provincia-celebro-la-velada-de-gala-en-la-vispera-del-9-de-julio-1.jpg\" alt data-id=\"506819\" data-link=\"https:\/\/prensa.cba.gov.ar\/?attachment_id=506819\" class=\"wp-image-506819\"><\/figure>\n<\/li>\n<\/ul>\n<\/figure>\n<p>Dijo el vicegobernador: <em>\u201cHonremos el compromiso de todos los hombres y mujeres que crearon e hicieron grande a nuestra Patria. Los argentinos debemos seguir trabajando en unidad para vencer las dificultades que se nos presentan\u201d<\/em>.<\/p>\n<p><em>\u201cYo hago votos para que la Argentina tenga m\u00e1s federalismo, m\u00e1s compromiso entre compatriotas y que nos permitamos la reconstrucci\u00f3n que nos hace falta para poder seguir creciendo\u201d<\/em>, finaliz\u00f3 <strong>Manuel Calvo<\/strong>.<\/p>\n<div class=\"wp-block-image\">\n<figure class=\"aligncenter size-large is-resized\"><img loading=\"lazy\" src=\"http:\/\/nuevacordoba.net\/wp-content\/uploads\/2022\/07\/la-provincia-celebro-la-velada-de-gala-en-la-vispera-del-9-de-julio-2.jpg\" alt class=\"wp-image-506818\" width=\"533\" height=\"355\"><\/figure>\n<\/div>\n<p>De la velada participaron tambi\u00e9n la diputada nacional Natalia De la Sota; el vocal del Tribunal Superior de Justicia, Luis Rubio y el presidente provisorio del Poder Legislativo, Oscar Gonz\u00e1lez.<\/p>\n<p>Tambi\u00e9n lo hicieron ministros del Gabinete provincial, municipal y autoridades de las fuerzas de seguridad, entre otros.<\/p>\n<figure class=\"wp-block-gallery columns-2 is-cropped\">\n<ul class=\"blocks-gallery-grid\">\n<li class=\"blocks-gallery-item\">\n<figure><img loading=\"lazy\" width=\"2400\" height=\"1600\" src=\"http:\/\/nuevacordoba.net\/wp-content\/uploads\/2022\/07\/la-provincia-celebro-la-velada-de-gala-en-la-vispera-del-9-de-julio-3.jpg\" alt data-id=\"506822\" data-full-url=\"http:\/\/nuevacordoba.net\/wp-content\/uploads\/2022\/07\/la-provincia-celebro-la-velada-de-gala-en-la-vispera-del-9-de-julio-3.jpg\" data-link=\"https:\/\/prensa.cba.gov.ar\/informacion-general\/la-provincia-celebro-la-velada-de-gala-en-la-vispera-del-9-de-julio\/attachment\/mg_4312\/\" class=\"wp-image-506822\"><\/figure>\n<\/li>\n<li class=\"blocks-gallery-item\">\n<figure><img loading=\"lazy\" width=\"6016\" height=\"4016\" src=\"http:\/\/nuevacordoba.net\/wp-content\/uploads\/2022\/07\/la-provincia-celebro-la-velada-de-gala-en-la-vispera-del-9-de-julio-4.jpg\" alt data-id=\"506821\" data-full-url=\"http:\/\/nuevacordoba.net\/wp-content\/uploads\/2022\/07\/la-provincia-celebro-la-velada-de-gala-en-la-vispera-del-9-de-julio-4.jpg\" data-link=\"https:\/\/prensa.cba.gov.ar\/informacion-general\/la-provincia-celebro-la-velada-de-gala-en-la-vispera-del-9-de-julio\/attachment\/dsc_4767-2\/\" class=\"wp-image-506821\"><\/figure>\n<\/li>\n<\/ul>\n<\/figure>\n<h3><strong>Desfile en la Capital<\/strong><\/h3>\n<p>Las celebraciones organizadas por el Gobierno de la Provincia de C\u00f3rdoba proseguir\u00e1n este s\u00e1bado 9 de julio, a partir de las 10.30, con el <strong>desfile c\u00edvico militar a realizarse en inmediaciones del Centro C\u00edvico del Bicentenario<\/strong>.<\/p>\n<p>El desfile contar\u00e1 con la participaci\u00f3n de los <strong>excombatientes de Malvinas<\/strong>, en coincidencia con la conmemoraci\u00f3n de los <strong>40 a\u00f1os de la gesta<\/strong>. Los veteranos de guerra estar\u00e1n acompa\u00f1ados de instituciones educativas, as\u00ed como de las Fuerzas Armadas y de Seguridad.<\/p>\n<p><strong>Las instancias de la actividad ser\u00e1n transmitidas en vivo por los canales oficiales del Gobierno provincial:<\/strong><\/p>\n<p>\u2714\ufe0f <a href=\"https:\/\/www.youtube.com\/user\/gobiernodecordoba\/live\" target=\"_blank\" rel=\"noreferrer noopener\">https:\/\/www.youtube.com\/user\/gobiernodecordoba\/live<\/a><\/p>\n<p>\u2714\ufe0f <a href=\"https:\/\/www.facebook.com\/gobdecordoba\" target=\"_blank\" rel=\"noreferrer noopener\">https:\/\/www.facebook.com\/gobdecordoba<\/a><\/p>\n<p>\u2714\ufe0f <a href=\"https:\/\/twitter.com\/gobdecordoba\" target=\"_blank\" rel=\"noreferrer noopener\">https:\/\/twitter.com\/gobdecordoba<\/a><\/p>\n","protected":false},"excerpt":{"rendered":"<p>La ceremonia fue encabezada por el vicegobernador, Manuel Calvo, en el Teatro del Libertador General San Mart\u00edn. De este modo, la Provincia dio inicio a los festejos por el 206\u00b0 aniversario de la Independencia Nacional. Las celebraciones proseguir\u00e1n el s\u00e1bado, a partir de las 10.30, con un desfile c\u00edvico militar en inmediaciones del Centro C\u00edvico. [&hellip;]<\/p>\n","protected":false},"author":1,"featured_media":21784,"comment_status":"closed","ping_status":"closed","sticky":false,"template":"","format":"standard","meta":[],"categories":[14],"tags":[],"_links":{"self":[{"href":"http:\/\/nuevacordoba.net\/index.php\/wp-json\/wp\/v2\/posts\/21783"}],"collection":[{"href":"http:\/\/nuevacordoba.net\/index.php\/wp-json\/wp\/v2\/posts"}],"about":[{"href":"http:\/\/nuevacordoba.net\/index.php\/wp-json\/wp\/v2\/types\/post"}],"author":[{"embeddable":true,"href":"http:\/\/nuevacordoba.net\/index.php\/wp-json\/wp\/v2\/users\/1"}],"replies":[{"embeddable":true,"href":"http:\/\/nuevacordoba.net\/index.php\/wp-json\/wp\/v2\/comments?post=21783"}],"version-history":[{"count":0,"href":"http:\/\/nuevacordoba.net\/index.php\/wp-json\/wp\/v2\/posts\/21783\/revisions"}],"wp:featuredmedia":[{"embeddable":true,"href":"http:\/\/nuevacordoba.net\/index.php\/wp-json\/wp\/v2\/media\/21784"}],"wp:attachment":[{"href":"http:\/\/nuevacordoba.net\/index.php\/wp-json\/wp\/v2\/media?parent=21783"}],"wp:term":[{"taxonomy":"category","embeddable":true,"href":"http:\/\/nuevacordoba.net\/index.php\/wp-json\/wp\/v2\/categories?post=21783"},{"taxonomy":"post_tag","embeddable":true,"href":"http:\/\/nuevacordoba.net\/index.php\/wp-json\/wp\/v2\/tags?post=21783"}],"curies":[{"name":"wp","href":"https:\/\/api.w.org\/{rel}","templated":true}]}}