{"id":21805,"date":"2022-07-09T20:28:17","date_gmt":"2022-07-09T20:28:17","guid":{"rendered":"http:\/\/nuevacordoba.net\/index.php\/2022\/07\/09\/la-tv-publica-presenta-la-entrevista-del-papa-francisco-con-la-agencia-telam\/"},"modified":"2022-07-09T20:28:17","modified_gmt":"2022-07-09T20:28:17","slug":"la-tv-publica-presenta-la-entrevista-del-papa-francisco-con-la-agencia-telam","status":"publish","type":"post","link":"http:\/\/nuevacordoba.net\/index.php\/2022\/07\/09\/la-tv-publica-presenta-la-entrevista-del-papa-francisco-con-la-agencia-telam\/","title":{"rendered":"La TV P\u00fablica presenta la entrevista del Papa Francisco con la Agencia T\u00e9lam"},"content":{"rendered":"<figure class=\"mb-3\"><img loading=\"lazy\" src=\"http:\/\/nuevacordoba.net\/wp-content\/uploads\/2022\/07\/la-tv-publica-presenta-la-entrevista-del-papa-francisco-con-la-agencia-telam.jpg\" width=\"100%\" height=\"100%\" alt=\"La entrevista que la presidenta de Tlam Bernarda Llorente le hizo al Papa \"><figcaption> La entrevista que la presidenta de T\u00e9lam, Bernarda Llorente, le hizo al Papa. <\/figcaption><\/figure>\n<p>En una emisi\u00f3n especial de \u201cDesiguales\u201d, la Televisi\u00f3n P\u00fablica presenta este domingo&nbsp;<strong>el di\u00e1logo del Sumo Pont\u00edfice con Bernarda Llorente,<\/strong> en el que repasaron los temas m\u00e1s destacados de la agenda global.<\/p>\n<p>En un alto en su rutina de trabajo para dialogar con las argentinas y los argentinos, el <a href=\"https:\/\/www.telam.com.ar\/entrevista-papa-francisco\" target=\"_blank\" rel=\"noopener\">Papa Francisco recibi\u00f3 en El Vaticano a la Agencia de Noticias T\u00e9lam<\/a>, para abordar todos los temas relevantes de la agenda global. Desde las 22.00 de este domingo, Televisi\u00f3n P\u00fablica presentar\u00e1 esta entrevista hist\u00f3rica al Sumo Pont\u00edfice de la Iglesia Cat\u00f3lica en una emisi\u00f3n especial de \u201cDesiguales\u201d.<\/p>\n<p>La extensa charla del Papa Francisco con Bernarda Llorente recorri\u00f3 <strong>la crisis mundial, la pandemia, la desigualdad, la relaci\u00f3n entre la ecolog\u00eda, las condiciones sociales y el desarrollo, el funcionamiento de los sistemas pol\u00edticos y de representaci\u00f3n, los discursos de odio y el individualismo exacerbado.<\/strong><\/p>\n<p>Con la conducci\u00f3n de Luli Trujillo y Pablo Caruso, \u201cDesiguales\u201d&nbsp; propone en Televisi\u00f3n P\u00fablica profundizar en los temas que nos afectan cotidianamente, reflexionando desde diferentes miradas. An\u00e1lisis, informes period\u00edsticos e invitados destacados de diversos \u00e1mbitos permiten abordar cada tema en su complejidad integral. <\/p>\n","protected":false},"excerpt":{"rendered":"<p>La entrevista que la presidenta de T\u00e9lam, Bernarda Llorente, le hizo al Papa. En una emisi\u00f3n especial de \u201cDesiguales\u201d, la Televisi\u00f3n P\u00fablica presenta este domingo&nbsp;el di\u00e1logo del Sumo Pont\u00edfice con Bernarda Llorente, en el que repasaron los temas m\u00e1s destacados de la agenda global. En un alto en su rutina de trabajo para dialogar con [&hellip;]<\/p>\n","protected":false},"author":1,"featured_media":21806,"comment_status":"closed","ping_status":"closed","sticky":false,"template":"","format":"standard","meta":[],"categories":[9],"tags":[],"_links":{"self":[{"href":"http:\/\/nuevacordoba.net\/index.php\/wp-json\/wp\/v2\/posts\/21805"}],"collection":[{"href":"http:\/\/nuevacordoba.net\/index.php\/wp-json\/wp\/v2\/posts"}],"about":[{"href":"http:\/\/nuevacordoba.net\/index.php\/wp-json\/wp\/v2\/types\/post"}],"author":[{"embeddable":true,"href":"http:\/\/nuevacordoba.net\/index.php\/wp-json\/wp\/v2\/users\/1"}],"replies":[{"embeddable":true,"href":"http:\/\/nuevacordoba.net\/index.php\/wp-json\/wp\/v2\/comments?post=21805"}],"version-history":[{"count":0,"href":"http:\/\/nuevacordoba.net\/index.php\/wp-json\/wp\/v2\/posts\/21805\/revisions"}],"wp:featuredmedia":[{"embeddable":true,"href":"http:\/\/nuevacordoba.net\/index.php\/wp-json\/wp\/v2\/media\/21806"}],"wp:attachment":[{"href":"http:\/\/nuevacordoba.net\/index.php\/wp-json\/wp\/v2\/media?parent=21805"}],"wp:term":[{"taxonomy":"category","embeddable":true,"href":"http:\/\/nuevacordoba.net\/index.php\/wp-json\/wp\/v2\/categories?post=21805"},{"taxonomy":"post_tag","embeddable":true,"href":"http:\/\/nuevacordoba.net\/index.php\/wp-json\/wp\/v2\/tags?post=21805"}],"curies":[{"name":"wp","href":"https:\/\/api.w.org\/{rel}","templated":true}]}}