{"id":21823,"date":"2022-07-10T07:34:54","date_gmt":"2022-07-10T07:34:54","guid":{"rendered":"http:\/\/nuevacordoba.net\/index.php\/2022\/07\/10\/la-propuesta-para-las-infancias-en-el-complejo-cultural-urbano-girardi-en-catamarca\/"},"modified":"2022-07-10T07:34:54","modified_gmt":"2022-07-10T07:34:54","slug":"la-propuesta-para-las-infancias-en-el-complejo-cultural-urbano-girardi-en-catamarca","status":"publish","type":"post","link":"http:\/\/nuevacordoba.net\/index.php\/2022\/07\/10\/la-propuesta-para-las-infancias-en-el-complejo-cultural-urbano-girardi-en-catamarca\/","title":{"rendered":"La propuesta para las infancias en el Complejo Cultural Urbano Girardi en Catamarca"},"content":{"rendered":"<figure class=\"mb-3\"><img loading=\"lazy\" src=\"http:\/\/nuevacordoba.net\/wp-content\/uploads\/2022\/07\/la-propuesta-para-las-infancias-en-el-complejo-cultural-urbano-girardi-en-catamarca.jpg\" width=\"100%\" height=\"100%\" alt=\"Desde el 11 al 24 de julio agrupaciones de teatro independientes de la provincia son las responsables de esta temporada Captura Street View\"><figcaption> Desde el 11 al 24 de julio, agrupaciones de teatro independientes de la provincia son las responsables de esta temporada (Captura Street View) <\/figcaption><\/figure>\n<p> &nbsp;<br \/>En julio y tras un largo receso, el teatro infantil tendr\u00e1 su lugar en Catamarca con la propuesta \u00abVacaciones de Invierno en el Girardi\u00bb, que se desarrollar\u00e1 en el Teatro Girardi con entrada libre y gratuita.<\/p>\n<p><strong>Se trata de una propuesta cultural impulsada por el Instituto Nacional del Teatro (INT) junto a la Secretar\u00eda de Educaci\u00f3n y Cultura y la Direcci\u00f3n General de Cultura del Municipio de San Fernando del Valle de Catamarca.<\/strong><\/p>\n<p><strong>Desde el 11 al 24 de julio, las agrupaciones de teatro independientes de la provincia ser\u00e1n las responsables de llevar adelante la temporada de teatro <\/strong>para infancias en la sala Juan Oscar Ponferrada del Complejo Cultural Urbano Girardi con entrada gratuita.<\/p>\n<p>Este ciclo contar\u00e1 con una <strong>programaci\u00f3n variada con el prop\u00f3sito de cubrir diferentes edades<\/strong> y expectativas de las audiencias infantiles y se propone invitar a todas las familias a contemplar el teatro como una opci\u00f3n central para disfrutar las vacaciones en la ciudad.<\/p>\n<p>Este a\u00f1o no se extender\u00e1n entradas con anticipaci\u00f3n, sino que el ingreso a la sala ser\u00e1 por orden de llegada hasta que se complete su capacidad. Adem\u00e1s, se solicitar\u00e1 el uso del barbijo.<\/p>\n<p><strong>Tambi\u00e9n habr\u00e1 actividades para ni\u00f1os, ni\u00f1as y toda la familia en el marco de la Fiesta Nacional e Internacional del Poncho<\/strong>, en el ciclo \u00abNuestro Teatro al abrigo del Poncho 2022\u00bb.&nbsp;<\/p>\n<blockquote class=\"twitter-tweet\" readability=\"10.343891402715\">\n<p lang=\"es\" dir=\"ltr\">\ud83d\udcc5El ciclo teatral se llevar\u00e1 a cabo desde el 18 al 24 de julio con \ud835\uddf2\ud835\uddfb\ud835\ude01\ud835\uddff\ud835\uddee\ud835\uddf1\ud835\uddee \ud835\uddf4\ud835\uddff\ud835\uddee\ud835\ude01\ud835\ude02\ud835\uddf6\ud835\ude01\ud835\uddee.<\/p>\n<p>\ud83d\udccdEn el escenario del Patio de las Provincias \u2013en el Predio Ferial- y en diferentes salas de la ciudad.<\/p>\n<p>\ud835\udde3\ud835\udde5\ud835\udde2\ud835\uddda\ud835\udde5\ud835\uddd4\ud835\udde0\ud835\uddd4\ud835\uddd6\ud835\udddc\ud835\udde2\u0301\ud835\udde1 \ud835\uddd6\ud835\udde2\ud835\udde0\ud835\udde3\ud835\udddf\ud835\uddd8\ud835\udde7\ud835\uddd4 \ud83d\udc49 <a href=\"https:\/\/t.co\/e3nlPsDlGU\">https:\/\/t.co\/e3nlPsDlGU<\/a> <a href=\"https:\/\/t.co\/DN4CUA7Ovq\">pic.twitter.com\/DN4CUA7Ovq<\/a><\/p>\n<p>\u2014 Cultura y Turismo Catamarca (@CulTurCatamarca) <a href=\"https:\/\/twitter.com\/CulTurCatamarca\/status\/1545060294761652225?ref_src=twsrc%5Etfw\">July 7, 2022<\/a><\/p><\/blockquote>\n<p> &nbsp; <\/p>\n","protected":false},"excerpt":{"rendered":"<p>Desde el 11 al 24 de julio, agrupaciones de teatro independientes de la provincia son las responsables de esta temporada (Captura Street View) &nbsp;En julio y tras un largo receso, el teatro infantil tendr\u00e1 su lugar en Catamarca con la propuesta \u00abVacaciones de Invierno en el Girardi\u00bb, que se desarrollar\u00e1 en el Teatro Girardi con [&hellip;]<\/p>\n","protected":false},"author":1,"featured_media":21824,"comment_status":"closed","ping_status":"closed","sticky":false,"template":"","format":"standard","meta":[],"categories":[9],"tags":[],"_links":{"self":[{"href":"http:\/\/nuevacordoba.net\/index.php\/wp-json\/wp\/v2\/posts\/21823"}],"collection":[{"href":"http:\/\/nuevacordoba.net\/index.php\/wp-json\/wp\/v2\/posts"}],"about":[{"href":"http:\/\/nuevacordoba.net\/index.php\/wp-json\/wp\/v2\/types\/post"}],"author":[{"embeddable":true,"href":"http:\/\/nuevacordoba.net\/index.php\/wp-json\/wp\/v2\/users\/1"}],"replies":[{"embeddable":true,"href":"http:\/\/nuevacordoba.net\/index.php\/wp-json\/wp\/v2\/comments?post=21823"}],"version-history":[{"count":0,"href":"http:\/\/nuevacordoba.net\/index.php\/wp-json\/wp\/v2\/posts\/21823\/revisions"}],"wp:featuredmedia":[{"embeddable":true,"href":"http:\/\/nuevacordoba.net\/index.php\/wp-json\/wp\/v2\/media\/21824"}],"wp:attachment":[{"href":"http:\/\/nuevacordoba.net\/index.php\/wp-json\/wp\/v2\/media?parent=21823"}],"wp:term":[{"taxonomy":"category","embeddable":true,"href":"http:\/\/nuevacordoba.net\/index.php\/wp-json\/wp\/v2\/categories?post=21823"},{"taxonomy":"post_tag","embeddable":true,"href":"http:\/\/nuevacordoba.net\/index.php\/wp-json\/wp\/v2\/tags?post=21823"}],"curies":[{"name":"wp","href":"https:\/\/api.w.org\/{rel}","templated":true}]}}