{"id":21827,"date":"2022-07-10T09:45:50","date_gmt":"2022-07-10T09:45:50","guid":{"rendered":"http:\/\/nuevacordoba.net\/index.php\/2022\/07\/10\/barracas-central-sorprendio-a-talleres-y-le-gano-2-0-en-cordoba\/"},"modified":"2022-07-10T09:45:50","modified_gmt":"2022-07-10T09:45:50","slug":"barracas-central-sorprendio-a-talleres-y-le-gano-2-0-en-cordoba","status":"publish","type":"post","link":"http:\/\/nuevacordoba.net\/index.php\/2022\/07\/10\/barracas-central-sorprendio-a-talleres-y-le-gano-2-0-en-cordoba\/","title":{"rendered":"Barracas Central sorprendi\u00f3 a Talleres y le gan\u00f3 2-0 en C\u00f3rdoba"},"content":{"rendered":"<div><img src=\"http:\/\/nuevacordoba.net\/wp-content\/uploads\/2022\/07\/barracas-central-sorprendio-a-talleres-y-le-gano-2-0-en-cordoba.jpg\" class=\"ff-og-image-inserted\"><\/div>\n<p>@fotoW<br \/>Barracas Central consigui\u00f3 su segunda victoria al vencer a Talleres de C\u00f3rdoba, 2 a 0, en encuentro de la s\u00e9ptima fecha de la Liga Profesional de F\u00fatbol (LPF), que tuvo en la previa un gran recibimiento para el elenco cordob\u00e9s tras \u00ababrochar\u00bb la clasificaci\u00f3n a cuartos de final de la Copa Libertadores.<\/p>\n<p>Facundo Mater a los 40 minutos del primer tiempo y Bruno Sep\u00falveda (10m.), le dieron la victoria a los visitantes, que ven\u00eda de vencer la semana pasada a San Lorenzo.<\/p>\n<p>La \u2018T\u2019, que super\u00f3 a Col\u00f3n el mi\u00e9rcoles en Santa Fe por la Libertadores, no hace pie en la liga local y hace seis fechas que no gana: tiene cinco puntos y ocupa la zona baja de la tabla, al igual que la tabla anual, en la que ocupa la \u00faltima colocaci\u00f3n, con 16 unidades.<\/p>\n<p>Tras la exigencia entre semana, el DT Pedro Caixinha eligi\u00f3 poner una formaci\u00f3n alternativa y los desacoples defensivos le costaron caro, ya que Barracas Central, que alcanz\u00f3 los nueve puntos, capitaliz\u00f3 los errores del local y fue efectivo para quedarse con una importante victoria.<\/p>\n<p>En la templada noche del Kempes fueron los de Alfredo Berti los que intentaron desde el inicio, mientras Talleres se acomodaba en el campo.<\/p>\n<p>Luego lo emparej\u00f3 Talleres con una buena labor de Favio \u00c1lvarez, quien asisti\u00f3 a Francisco Pizzini, que apareci\u00f3 detr\u00e1s de todos y de cabeza estuvo a punto de convertir, pero la buena reacci\u00f3n del arquero Maxi Gagliardo le impidi\u00f3 celebrar la apertura del marcador a los 22 minutos.<\/p>\n<p>M\u00e1s tarde, Mater capitaliz\u00f3 un rebote que dej\u00f3 Alan Aguerre tras un cabezazo de Neri Bandiera y anot\u00f3 el tanto del 1-0 para el visitante, justo cuando Talleres comenzaba a dominar las acciones y parec\u00eda con m\u00e1s chances de ponerse en ventaja.<\/p>\n<p>Lo sigui\u00f3 buscando la \u2018T\u2019 y Girotti tuvo la suya, pero el ex River cabece\u00f3 apenas afuera y as\u00ed se fue la primera mitad, con un Barracas Central que aprovech\u00f3 las falencias en la defensa local y as\u00ed pudo irse en ventaja al vestuario.<\/p>\n<p>Triple cambio realiz\u00f3 Pedro Caixinha en el arranque del complemento: adentro Enzo D\u00edaz, Alan Franco y Diego Valoyes; afuera \u00c1ngelo Martino, \u00c1lvarez y H\u00e9ctor F\u00e9rtoli. Eso r\u00e1pidamente vari\u00f3 la din\u00e1mica del juego, con un Talleres m\u00e1s ofensivo y buscando la igualdad por todos los frentes.<\/p>\n<p>Pero una nueva falla en la salida del local le dio la chance a Sep\u00falveda, que aprovech\u00f3 un error de Ulises Ortegoza, y de emboquillada pudo vencer a Aguerre para el 2-0.<\/p>\n<p>Desordenado y con m\u00e1s ganas que buen f\u00fatbol, Talleres lo busc\u00f3 hasta el final, pero no tuvo chances claras para descontar.<\/p>\n<p>Barracas cerr\u00f3 as\u00ed una noche ideal para seguir sumando y esperar confiado la pr\u00f3xima fecha, en la que recibir\u00e1 a Argentinos Juniors, y en la que Talleres visitar\u00e1 a Boca.<\/p>\n","protected":false},"excerpt":{"rendered":"<p>@fotoWBarracas Central consigui\u00f3 su segunda victoria al vencer a Talleres de C\u00f3rdoba, 2 a 0, en encuentro de la s\u00e9ptima fecha de la Liga Profesional de F\u00fatbol (LPF), que tuvo en la previa un gran recibimiento para el elenco cordob\u00e9s tras \u00ababrochar\u00bb la clasificaci\u00f3n a cuartos de final de la Copa Libertadores. Facundo Mater a [&hellip;]<\/p>\n","protected":false},"author":1,"featured_media":21828,"comment_status":"closed","ping_status":"closed","sticky":false,"template":"","format":"standard","meta":[],"categories":[10],"tags":[],"_links":{"self":[{"href":"http:\/\/nuevacordoba.net\/index.php\/wp-json\/wp\/v2\/posts\/21827"}],"collection":[{"href":"http:\/\/nuevacordoba.net\/index.php\/wp-json\/wp\/v2\/posts"}],"about":[{"href":"http:\/\/nuevacordoba.net\/index.php\/wp-json\/wp\/v2\/types\/post"}],"author":[{"embeddable":true,"href":"http:\/\/nuevacordoba.net\/index.php\/wp-json\/wp\/v2\/users\/1"}],"replies":[{"embeddable":true,"href":"http:\/\/nuevacordoba.net\/index.php\/wp-json\/wp\/v2\/comments?post=21827"}],"version-history":[{"count":0,"href":"http:\/\/nuevacordoba.net\/index.php\/wp-json\/wp\/v2\/posts\/21827\/revisions"}],"wp:featuredmedia":[{"embeddable":true,"href":"http:\/\/nuevacordoba.net\/index.php\/wp-json\/wp\/v2\/media\/21828"}],"wp:attachment":[{"href":"http:\/\/nuevacordoba.net\/index.php\/wp-json\/wp\/v2\/media?parent=21827"}],"wp:term":[{"taxonomy":"category","embeddable":true,"href":"http:\/\/nuevacordoba.net\/index.php\/wp-json\/wp\/v2\/categories?post=21827"},{"taxonomy":"post_tag","embeddable":true,"href":"http:\/\/nuevacordoba.net\/index.php\/wp-json\/wp\/v2\/tags?post=21827"}],"curies":[{"name":"wp","href":"https:\/\/api.w.org\/{rel}","templated":true}]}}