{"id":21835,"date":"2022-07-09T22:02:52","date_gmt":"2022-07-09T22:02:52","guid":{"rendered":"http:\/\/cordobanewsnet.wordpress.com\/?p=7063"},"modified":"2022-07-09T22:02:52","modified_gmt":"2022-07-09T22:02:52","slug":"movilizaciones-en-todo-el-pais-en-contra-del-gobierno","status":"publish","type":"post","link":"http:\/\/nuevacordoba.net\/index.php\/2022\/07\/09\/movilizaciones-en-todo-el-pais-en-contra-del-gobierno\/","title":{"rendered":"Movilizaciones en todo el pa\u00eds en contra del Gobierno"},"content":{"rendered":"<p>Manifestantes autoconvocados por redes sociales de Internet con el hashtag #9J, #YoVoy, \u00abbanderazo\u00bb y \u00abargentinazo contra el gobierno\u00bb, comenzaron a&nbsp;<strong>concentrarse desde las 16 en el Obelisco<\/strong>&nbsp;con banderas argentinas y consignas opositoras al Gobierno.<\/p>\n<p>Los manifestantes marcharon despu\u00e9s hacia la Plaza de Mayo, donde ingresaron desde la Diagonal Norte en momentos en que se retiraban del lugar manifestantes de partidos de izquierda, ante la presencia de efectivos de la Polic\u00eda de la Ciudad de Buenos Aires.<\/p>\n<p>La protesta, con las mismas consignas,&nbsp;se replic\u00f3 frente a la residencia de Olivos y en diferentes puntos del pa\u00eds como C\u00f3rdoba, Rosario, Mar del Plata y Santa Fe.<\/p>\n<p><strong>En C\u00f3rdoba, la movilizaci\u00f3n inici\u00f3 en la zona del Patio Olmos<\/strong>&nbsp;para protestar contra el Gobierno nacional.&nbsp;<\/p>\n<h2><\/h2>\n<p>La convocatoria a la protesta hab\u00eda sido compartida en redes por diversos referentes opositores, entre ellos el diputado de&nbsp;Juntos por el Cambio, Waldo Wolff; la diputada nacional por la provincia de Buenos Aires por Avanza Libertad, Carolina P\u00edparo; y comunicadores como Eduardo Feinmann y Baby Etchecopar, que estuvieron presentes en la protesta.<\/p>\n<p>Al mismo tiempo, Partidos pol\u00edticos de izquierda realizaron una protesta en el marco de la conmemoraci\u00f3n del 9 de Julio en la Plaza de Mayo, donde se&nbsp;pronunciaron \u00aben contra del acuerdo con el Fondo Monetario Internacional\u00bb (FMI), mientras que autoconvocados en redes sociales realizaron un banderazo con consignas opositoras al Gobierno en el Obelisco y diferentes puntos del pa\u00eds.<\/p>\n<p>La protesta de los partidos de izquierda nucleados en el Frente de Izquierda comenz\u00f3 a las 14.30 hacia la Plaza de Mayo, donde se manifestaron \u00abcontra el acuerdo con el FMI\u00bb y \u00abpara poner sobre la mesa la voz que falta en el marco de la grave crisis que se vive en nuestro pa\u00eds\u00bb, informaron en un comunicado de prensa.<\/p>\n<p>En ese marco, los diputados Myriam Bregman, Nicol\u00e1s del Ca\u00f1o y Alejandro Vilca, del PTS Frente de Izquierda Unidad se\u00f1alaron desde la movilizaci\u00f3n que \u00abla renuncia de (Mart\u00edn) Guzm\u00e1n abri\u00f3 una nueva etapa de la crisis y el FMI acaba de reforzar su meta de m\u00e1s ajuste en este segundo semestre\u00bb y expresaron que \u00abla clase trabajadora y los sectores populares tenemos que&nbsp;<strong>plantar nuestra voz y hacer escuchar otra salida\u00bb.<\/strong><\/p>\n<figure class=\"wp-block-image\"><img src=\"http:\/\/nuevacordoba.net\/wp-content\/uploads\/2022\/07\/movilizaciones-en-todo-el-pais-en-contra-del-gobierno.png\" alt=\"Audio\"><\/figure>\n<p>Entre las consignas con las que convocaron el acto, mencionaron \u00abel apoyo a todas las luchas, la exigencia a las centrales sindicales para que rompan la tregua y convoquen a paro nacional y plan de lucha por todas las demandas del pueblo pobre que cada d\u00eda ve deteriorase m\u00e1s y m\u00e1s sus condiciones de vida\u00bb.<\/p>\n<p>Bregman&nbsp;<strong>destac\u00f3 que el exministro \u00abGuzm\u00e1n se fue, pero el Fondo se queda\u00bb<\/strong>&nbsp;y sostuvo que \u00abla nueva ministra, (Silvina) Batakis, dijo que buscar\u00e1 continuar con el programa econ\u00f3mico y que hay que cumplir el acuerdo: un acuerdo inflacionario, deliberadamente recesivo y que ata al conjunto de la econom\u00eda a conseguir d\u00f3lares para el Fondo\u00bb.<\/p>\n<p>Por su parte, el diputado Alejandro Vilca (Frente de Izquierda) remarc\u00f3 que \u00abhoy nos solidarizamos tambi\u00e9n con las organizaciones que est\u00e1n siendo atacadas\u00bb y \u00abhan sufrido allanamientos y causas penales estos d\u00edas en diversos puntos del pa\u00eds\u00bb.<\/p>\n<p>\u00abEs muy importante enfrentar este ataque contra las organizaciones del movimiento popular y del movimiento de trabajadores, contra los que se organizan contra el hambre y por condiciones de trabajo y de vida dignas\u00bb, se\u00f1al\u00f3 en esa l\u00ednea.<\/p>\n<div id=\"jp-post-flair\" class=\"sharedaddy sd-like-enabled sd-sharing-enabled\">\n<div class=\"sharedaddy sd-sharing-enabled\">\n<div class=\"robots-nocontent sd-block sd-social sd-social-icon-text sd-sharing\">\n<h3 class=\"sd-title\">Share this:<\/h3>\n<\/div>\n<\/div>\n<div class=\"sharedaddy sd-block sd-like jetpack-likes-widget-wrapper jetpack-likes-widget-unloaded\" id=\"like-post-wrapper-143108178-7063-62caadad1d85d\" data-src=\"\/\/widgets.wp.com\/likes\/index.html?ver=20220105#blog_id=143108178&amp;post_id=7063&amp;origin=cordobanewsnet.wordpress.com&amp;obj_id=143108178-7063-62caadad1d85d\" data-name=\"like-post-frame-143108178-7063-62caadad1d85d\" data-title=\"Me gusta o Compartir\">\n<h3 class=\"sd-title\">Me gusta esto:<\/h3>\n<p><span class=\"button\"><span>Me gusta<\/span><\/span> <span class=\"loading\">Cargando&#8230;<\/span><\/p>\n<p><span class=\"sd-text-color\"><\/span><\/div>\n<p><h3 class=\"jp-relatedposts-headline\"><em>Relacionado<\/em><\/h3>\n<\/p>\n<\/div>\n","protected":false},"excerpt":{"rendered":"<p>Manifestantes autoconvocados por redes sociales de Internet con el hashtag #9J, #YoVoy, \u00abbanderazo\u00bb y \u00abargentinazo contra el gobierno\u00bb, comenzaron a&nbsp;concentrarse desde las 16 en el Obelisco&nbsp;con banderas argentinas y consignas opositoras al Gobierno. Los manifestantes marcharon despu\u00e9s hacia la Plaza de Mayo, donde ingresaron desde la Diagonal Norte en momentos en que se retiraban del [&hellip;]<\/p>\n","protected":false},"author":1,"featured_media":21836,"comment_status":"closed","ping_status":"closed","sticky":false,"template":"","format":"standard","meta":[],"categories":[14],"tags":[],"_links":{"self":[{"href":"http:\/\/nuevacordoba.net\/index.php\/wp-json\/wp\/v2\/posts\/21835"}],"collection":[{"href":"http:\/\/nuevacordoba.net\/index.php\/wp-json\/wp\/v2\/posts"}],"about":[{"href":"http:\/\/nuevacordoba.net\/index.php\/wp-json\/wp\/v2\/types\/post"}],"author":[{"embeddable":true,"href":"http:\/\/nuevacordoba.net\/index.php\/wp-json\/wp\/v2\/users\/1"}],"replies":[{"embeddable":true,"href":"http:\/\/nuevacordoba.net\/index.php\/wp-json\/wp\/v2\/comments?post=21835"}],"version-history":[{"count":0,"href":"http:\/\/nuevacordoba.net\/index.php\/wp-json\/wp\/v2\/posts\/21835\/revisions"}],"wp:featuredmedia":[{"embeddable":true,"href":"http:\/\/nuevacordoba.net\/index.php\/wp-json\/wp\/v2\/media\/21836"}],"wp:attachment":[{"href":"http:\/\/nuevacordoba.net\/index.php\/wp-json\/wp\/v2\/media?parent=21835"}],"wp:term":[{"taxonomy":"category","embeddable":true,"href":"http:\/\/nuevacordoba.net\/index.php\/wp-json\/wp\/v2\/categories?post=21835"},{"taxonomy":"post_tag","embeddable":true,"href":"http:\/\/nuevacordoba.net\/index.php\/wp-json\/wp\/v2\/tags?post=21835"}],"curies":[{"name":"wp","href":"https:\/\/api.w.org\/{rel}","templated":true}]}}