{"id":21837,"date":"2022-07-09T21:26:02","date_gmt":"2022-07-09T21:26:02","guid":{"rendered":"https:\/\/www.ole.com.ar\/autos\/guerra-canapino-pole_0_A0ykMN9iyx.html"},"modified":"2022-07-09T21:26:02","modified_gmt":"2022-07-09T21:26:02","slug":"amigos-son-los-amigos","status":"publish","type":"post","link":"http:\/\/nuevacordoba.net\/index.php\/2022\/07\/09\/amigos-son-los-amigos\/","title":{"rendered":"Amigos son los amigos"},"content":{"rendered":"<p><mark>El Top Race tuvo su clasificaci\u00f3n en El Villicum, donde la dupla de Lucas Guerra \u2013 Agust\u00edn Canapino aprovech\u00f3 el buen funcionamiento del Chevrolet y se qued\u00f3 con la pole position.<\/mark> Escoltado por Marcelo Ciarrocchi \u2013 Franco Vivian y Facundo Aldrighetti \u2013 Lucas Granja.<\/p>\n<div class=\"sp__SM\">\n<div class=\"content-new \">\n<span class=\"tit-mobile\">Mir\u00e1 tambi\u00e9n<\/span><\/p>\n<div class=\"mg\">\n<div class=\"wrap-figure\">\n<picture>\n<a href=\"https:\/\/www.ole.com.ar\/autos\/verstappen-formula-1-austria-sprint-race_0_XktN3m4Oa3.html\" target=\"_self\" rel=\"noopener\"><br \/>\n<img class=\"img-responsive\" alt=\"F\u00f3rmula 1: Verstappen gan\u00f3 la Sprint Race y ratific\u00f3 la pole en Austria\" src=\"http:\/\/nuevacordoba.net\/wp-content\/uploads\/2022\/07\/amigos-son-los-amigos.jpg\" loading=\"lazy\"><br \/>\n<\/a>\n<\/picture>\n<\/div>\n<\/div><\/div>\n<\/div>\n<p>En la primera tanda de clasificaci\u00f3n,<mark> Barrio hab\u00eda logrado el mejor registro, pero los Comisarios Deportivos le quitaron la vuelta m\u00e1s r\u00e1pida<\/mark> por taparle la vuelta a Josito a Di Palma y Juan Tom\u00e1s Catal\u00e1n Magni, con el auto de Stefano Di Palma, qued\u00f3 como el m\u00e1s veloz con 1m48s541.<\/p>\n<p><mark>En la segunda tanda, con un registro de 3m36s508 la dupla de Guerra \u2013 Canapino fue la m\u00e1s r\u00e1pida en la clasificaci\u00f3n del Top Race en el Villicum. <\/mark>Segundo se ubic\u00f3 Ciarrocchi \u2013 Vivian a 26 cent\u00e9simas y tercero se ubic\u00f3 Granja \u2013 Aldrighetti a una diferencia de 653 mil\u00e9simas. Mientras que completaron los mejores cinco Stefano Di Palma \u2013 Catal\u00e1n Magni y Josito Di Palma \u2013 Valent\u00edn Aguirre.<\/p>\n<p>Cerraron el top ten Jos\u00e9 Manuel Sapag \u2013 Facundo Della Motta (Ford), Diego Azar \u2013 Rubens Barrichello (Lexus), Fabricio Persia \u2013 Tob\u00edas Mart\u00ednez (Chevrolet), Michell Bonnin \u2013 Oscar S\u00e1nchez (Lexus) y Gast\u00f3n Rossi \u2013 Agust\u00edn Herrera (Mercedes Benz).<\/p>\n<div class=\"sp__SM\">\n<div class=\"content-new \">\n<span class=\"tit-mobile\">Mir\u00e1 tambi\u00e9n<\/span><\/p>\n<div class=\"mg\">\n<div class=\"wrap-figure\">\n<picture>\n<a href=\"https:\/\/www.ole.com.ar\/autos\/silva-vuelve-200-kilometros_0_75KcRhUrmH.html\" target=\"_self\" rel=\"noopener\"><br \/>\n<img class=\"img-responsive\" alt=\"Un campe\u00f3n que regresa\" src=\"http:\/\/nuevacordoba.net\/wp-content\/uploads\/2022\/07\/amigos-son-los-amigos-1.jpg\" loading=\"lazy\"><br \/>\n<\/a>\n<\/picture>\n<\/div>\n<\/div><\/div>\n<\/div>\n<p><mark>La acci\u00f3n para el Top Race en El Villicum seguir\u00e1 el domingo a las 10.50<\/mark>, cuando se ponga en marcha la primera competencia.<\/p>\n<div class=\"entry-tags\">\n<h2>TEMAS QUE APARECEN EN ESTA NOTA<\/h2>\n<\/p><\/div>\n","protected":false},"excerpt":{"rendered":"<p>El Top Race tuvo su clasificaci\u00f3n en El Villicum, donde la dupla de Lucas Guerra \u2013 Agust\u00edn Canapino aprovech\u00f3 el buen funcionamiento del Chevrolet y se qued\u00f3 con la pole position. Escoltado por Marcelo Ciarrocchi \u2013 Franco Vivian y Facundo Aldrighetti \u2013 Lucas Granja. Mir\u00e1 tambi\u00e9n En la primera tanda de clasificaci\u00f3n, Barrio hab\u00eda logrado [&hellip;]<\/p>\n","protected":false},"author":1,"featured_media":21838,"comment_status":"closed","ping_status":"closed","sticky":false,"template":"","format":"standard","meta":[],"categories":[10],"tags":[],"_links":{"self":[{"href":"http:\/\/nuevacordoba.net\/index.php\/wp-json\/wp\/v2\/posts\/21837"}],"collection":[{"href":"http:\/\/nuevacordoba.net\/index.php\/wp-json\/wp\/v2\/posts"}],"about":[{"href":"http:\/\/nuevacordoba.net\/index.php\/wp-json\/wp\/v2\/types\/post"}],"author":[{"embeddable":true,"href":"http:\/\/nuevacordoba.net\/index.php\/wp-json\/wp\/v2\/users\/1"}],"replies":[{"embeddable":true,"href":"http:\/\/nuevacordoba.net\/index.php\/wp-json\/wp\/v2\/comments?post=21837"}],"version-history":[{"count":0,"href":"http:\/\/nuevacordoba.net\/index.php\/wp-json\/wp\/v2\/posts\/21837\/revisions"}],"wp:featuredmedia":[{"embeddable":true,"href":"http:\/\/nuevacordoba.net\/index.php\/wp-json\/wp\/v2\/media\/21838"}],"wp:attachment":[{"href":"http:\/\/nuevacordoba.net\/index.php\/wp-json\/wp\/v2\/media?parent=21837"}],"wp:term":[{"taxonomy":"category","embeddable":true,"href":"http:\/\/nuevacordoba.net\/index.php\/wp-json\/wp\/v2\/categories?post=21837"},{"taxonomy":"post_tag","embeddable":true,"href":"http:\/\/nuevacordoba.net\/index.php\/wp-json\/wp\/v2\/tags?post=21837"}],"curies":[{"name":"wp","href":"https:\/\/api.w.org\/{rel}","templated":true}]}}