{"id":21854,"date":"2022-07-11T02:15:18","date_gmt":"2022-07-11T02:15:18","guid":{"rendered":"http:\/\/nuevacordoba.net\/index.php\/2022\/07\/11\/revelan-que-macron-estuvo-involucrado-en-una-negociacion-de-uber\/"},"modified":"2022-07-11T02:15:18","modified_gmt":"2022-07-11T02:15:18","slug":"revelan-que-macron-estuvo-involucrado-en-una-negociacion-de-uber","status":"publish","type":"post","link":"http:\/\/nuevacordoba.net\/index.php\/2022\/07\/11\/revelan-que-macron-estuvo-involucrado-en-una-negociacion-de-uber\/","title":{"rendered":"Revelan que Macron estuvo involucrado en una negociaci\u00f3n de Uber"},"content":{"rendered":"<figure class=\"mb-3\"><img loading=\"lazy\" src=\"http:\/\/nuevacordoba.net\/wp-content\/uploads\/2022\/07\/revelan-que-macron-estuvo-involucrado-en-una-negociacion-de-uber.jpg\" width=\"100%\" height=\"100%\" alt=\"Macron qued comprometido en los Uber files Foto AFP\"><figcaption> Macron qued\u00f3 comprometido en los \u00abUber files\u00bb. Foto: AFP <\/figcaption><\/figure>\n<p>El presidente de Francia, Emmanuel Macron, estuvo involucrado -cuando era ministro de Econom\u00eda- en la gigantesca campa\u00f1a de negociaciones que realiz\u00f3 Uber, incluso presionando a destacados pol\u00edticos, para convertirse en una empresa l\u00edder de la industria del transporte, afectando el sector de los taxis, revel\u00f3 una filtraci\u00f3n publicada este domingo en la prensa basada en archivos internos de la compa\u00f1\u00eda.<\/p>\n<p>Miles de documentos internos de la empresa Uber <strong>&#8211; los \u00abUber files\u00bb- fueron filtrados al diario brit\u00e1nico The Guardian y transmitidos al Consorcio Internacional de Periodistas de Investigaci\u00f3n (ICIJ, por sus siglas en ingl\u00e9s)<\/strong> y sus medios<strong> <\/strong>colaboradores, 42 en total.<\/p>\n<p>Entre ellos est\u00e1 el diario franc\u00e9s Le Monde y Radio France, que se interesaron en las relaciones entre la empresa estadounidense y Macron, cuando era ministro de Econom\u00eda (2014-2016).&nbsp;<\/p>\n<p>El El\u00edseo indic\u00f3 a la agencia AFP que Macron, cuando era ministro de Econom\u00eda, se vio \u00abnaturalmente llevado a discutir con muchas empresas implicadas en la profunda transformaci\u00f3n de los servicios que se ha producido a lo largo de los a\u00f1os mencionados, que deb\u00eda ser facilitada por la eliminaci\u00f3n de ciertas barreras administrativas o reglamentarias\u00bb.<\/p>\n<p>Seg\u00fan los documentos, Uber utiliz\u00f3 incluso m\u00e9todos sin escr\u00fapulos y viol\u00f3 leyes.<\/p>\n<p><strong>The Guardian tuvo acceso a 124.000 documentos confidenciales que se remontan al per\u00edodo 2013-2017, cuando Travis Kalanick estuvo al frente de la empresa de traslados de pasajeros<\/strong>, inform\u00f3 la agencia AFP.<\/p>\n<p>Entre sus patrocinadores, adem\u00e1s de Macron estuvo la excomisaria de la Uni\u00f3n Europea (UE) Neelie Kroes. Kalanick (obligado a dimitir en 2017) tambi\u00e9n conoci\u00f3 al presidente Joe Biden cuando era vicepresidente de Estados Unidos.<\/p>\n<p>Los documentos divulgados este domingo muestran c\u00f3mo la compa\u00f1\u00eda \u00abconquist\u00f3 el planeta surfeando en ocasiones en las fronteras de la legalidad\u00bb, por ejemplo ofreciendo regalos a pol\u00edticos o trabajando con un banco ruso sometido a sanciones, se\u00f1alan los medios franceses.<\/p>\n<blockquote class=\"twitter-tweet\" readability=\"4.6\">\n<p lang=\"fr\" dir=\"ltr\">Uber Files : Quand Emmanuel Macron jouait les lobbyistes pour Uber. <\/p>\n<p>D\u00e9couvrez notre enqu\u00eate ici \u27a1\ufe0f <a href=\"https:\/\/t.co\/rwaU08lpTt\">https:\/\/t.co\/rwaU08lpTt<\/a><a href=\"https:\/\/twitter.com\/hashtag\/UberFiles?src=hash&amp;ref_src=twsrc%5Etfw\">#UberFiles<\/a> <a href=\"https:\/\/t.co\/OTXhI3Jain\">pic.twitter.com\/OTXhI3Jain<\/a><\/p>\n<p>\u2014 France Inter (@franceinter) <a href=\"https:\/\/twitter.com\/franceinter\/status\/1546162894043332614?ref_src=twsrc%5Etfw\">July 10, 2022<\/a><\/p><\/blockquote>\n<p><strong>Seg\u00fan Le Monde, el 1 de octubre de 2014 Macron recibi\u00f3 a un grupo de ejecutivos de Uber, entre ellos Kalanick, en una reuni\u00f3n secreta<\/strong> que no figuraba en la agenda&nbsp;del entonces ministro.<\/p>\n<p>En aquella \u00e9poca el Gobierno socialista de Francois Hollande no era propicio a la implantaci\u00f3n de Uber en Francia.<\/p>\n<p><strong>Macron, en aquella \u00e9poca, no ocultaba su simpat\u00eda por Uber,<\/strong> ya que consideraba que podr\u00eda crear muchos empleos para personas poco calificadas.<\/p>\n<p><strong>Los documentos de Uber revelan que el entonces ministro de Econom\u00eda sugiri\u00f3 a los directivos de la firma enviar enmiendas \u00abllave en mano\u00bb a un diputado confiable, Luc Belot,<\/strong> y posteriormente ayud\u00f3 a la compa\u00f1\u00eda a trabajar \u00absorteando\u00bb una ley de 2014 que les pon\u00eda trabas.<\/p>\n<p>En tanto, el antecesor de Macron en el Ministerio de Econom\u00eda, Arnaud Montebourg, acusaba a Uber de \u00abdestruir las empresas\u00bb, mientras que el titular de Interior (departamento responsable de los taxis), Bernard Cazeneuve, tampoco miraba con buenos ojos a una empresa que amenazaba con dejar sin trabajo a muchos conductores de taxis.<\/p>\n<p>Preguntada por la AFP, <strong>Uber France confirm\u00f3 que hubo reuniones con el actual mandatario, pero que eran encuentros que \u00abestaban dentro de sus responsabilidades como ministro de Econom\u00eda y Asuntos Digitales que supervisa el sector VTC\u00bb.<\/strong><\/p>\n<p><strong>Mathilde Panot, presidenta del grupo parlamentario de Francia Insumisa<\/strong> (izquierda radical), denunci\u00f3 en Twitter un \u00absaqueo del pa\u00eds\u00bb.&nbsp;<\/p>\n<p><strong>Macron era a la vez \u00abasesor y ministro de Fran\u00e7ois Hollande y lobista de las multinacionales estadounidenses que pretenden desregular permanentemente la legislaci\u00f3n laboral\u00bb, a\u00f1adi\u00f3.<\/strong><\/p>\n<p>Por su parte, el l\u00edder del Partido Comunista, Fabien Roussel, se refiri\u00f3 a \u00abrevelaciones abrumadoras sobre el papel activo desempe\u00f1ado por Macron, entonces ministro, para facilitar el desarrollo de Uber en Francia, en contra de todas nuestras normas, de todos nuestros logros sociales y de los derechos de los trabajadores\u00bb. <\/p>\n","protected":false},"excerpt":{"rendered":"<p>Macron qued\u00f3 comprometido en los \u00abUber files\u00bb. Foto: AFP El presidente de Francia, Emmanuel Macron, estuvo involucrado -cuando era ministro de Econom\u00eda- en la gigantesca campa\u00f1a de negociaciones que realiz\u00f3 Uber, incluso presionando a destacados pol\u00edticos, para convertirse en una empresa l\u00edder de la industria del transporte, afectando el sector de los taxis, revel\u00f3 una [&hellip;]<\/p>\n","protected":false},"author":1,"featured_media":21855,"comment_status":"closed","ping_status":"closed","sticky":false,"template":"","format":"standard","meta":[],"categories":[13],"tags":[],"_links":{"self":[{"href":"http:\/\/nuevacordoba.net\/index.php\/wp-json\/wp\/v2\/posts\/21854"}],"collection":[{"href":"http:\/\/nuevacordoba.net\/index.php\/wp-json\/wp\/v2\/posts"}],"about":[{"href":"http:\/\/nuevacordoba.net\/index.php\/wp-json\/wp\/v2\/types\/post"}],"author":[{"embeddable":true,"href":"http:\/\/nuevacordoba.net\/index.php\/wp-json\/wp\/v2\/users\/1"}],"replies":[{"embeddable":true,"href":"http:\/\/nuevacordoba.net\/index.php\/wp-json\/wp\/v2\/comments?post=21854"}],"version-history":[{"count":0,"href":"http:\/\/nuevacordoba.net\/index.php\/wp-json\/wp\/v2\/posts\/21854\/revisions"}],"wp:featuredmedia":[{"embeddable":true,"href":"http:\/\/nuevacordoba.net\/index.php\/wp-json\/wp\/v2\/media\/21855"}],"wp:attachment":[{"href":"http:\/\/nuevacordoba.net\/index.php\/wp-json\/wp\/v2\/media?parent=21854"}],"wp:term":[{"taxonomy":"category","embeddable":true,"href":"http:\/\/nuevacordoba.net\/index.php\/wp-json\/wp\/v2\/categories?post=21854"},{"taxonomy":"post_tag","embeddable":true,"href":"http:\/\/nuevacordoba.net\/index.php\/wp-json\/wp\/v2\/tags?post=21854"}],"curies":[{"name":"wp","href":"https:\/\/api.w.org\/{rel}","templated":true}]}}