{"id":21864,"date":"2022-07-11T09:55:02","date_gmt":"2022-07-11T09:55:02","guid":{"rendered":"http:\/\/nuevacordoba.net\/index.php\/2022\/07\/11\/miguel-borja-viajo-para-cerrar-su-incorporacion-a-river\/"},"modified":"2022-07-11T09:55:02","modified_gmt":"2022-07-11T09:55:02","slug":"miguel-borja-viajo-para-cerrar-su-incorporacion-a-river","status":"publish","type":"post","link":"http:\/\/nuevacordoba.net\/index.php\/2022\/07\/11\/miguel-borja-viajo-para-cerrar-su-incorporacion-a-river\/","title":{"rendered":"Miguel Borja viaj\u00f3 para cerrar su incorporaci\u00f3n a River"},"content":{"rendered":"<figure class=\"mb-3\"><img loading=\"lazy\" src=\"http:\/\/nuevacordoba.net\/wp-content\/uploads\/2022\/07\/miguel-borja-viajo-para-cerrar-su-incorporacion-a-river.jpg\" width=\"100%\" height=\"100%\" alt=\"Miguel Borja llega para cubrir la baja de Julin lvarez que se fue al Manchester City \"><figcaption> Miguel Borja llega para cubrir la baja de Juli\u00e1n \u00c4lvarez, que se fue al Manchester City. <\/figcaption><\/figure>\n<p>El delantero colombiano Miguel Borja emprendi\u00f3 viaje para el lunes cerrar su incorporaci\u00f3n a River Plate, luego de negociaciones que se extendieron en el tiempo por diversos factores econ\u00f3micos.<\/p>\n<p>\u00ab<strong>Ha sido un trabajo dif\u00edcil junto a mi representante. Yo simplemente me he dedicado a seguir las instrucciones que ellos me daban. El d\u00eda que ten\u00eda que ir a entrenar iba y el d\u00eda que no me daban la autorizaci\u00f3n, me quedaba trabajando con mi preparador f\u00edsico<\/strong>\u00ab, dijo Borja en el aeropuerto de Barranquilla, Colombia, antes de su viaje a Bogot\u00e1.<\/p>\n<p>\u00abVoy a uno de los mejores equipos del continente\u00bb, agreg\u00f3 el goleador de 29 a\u00f1os ex Olimpo, de Bah\u00eda Blanca.<\/p>\n<p><strong>El arribo de Borja a Buenos Aires ser\u00e1 en el aeropuerto Jorge Newbery, a las 7.15.<\/strong> Luego se someter\u00e1 a estudios m\u00e9dicos en una cl\u00ednica del barrio de Belgrano para despu\u00e9s firmar el contrato que lo ligar\u00e1 a River Plate hasta diciembre de 2025.<\/p>\n<p>Borja, cuyo pase pertenec\u00eda a Junior y Palmeiras, de Brasil, en partes iguales, reforzar\u00e1 el ataque \u00abmillonario\u00bb que sufri\u00f3 la baja de Juli\u00e1n \u00c1lvarez, quien continuar\u00e1 su carrera en Manchester City, de Inglaterra. Este pase le insumir\u00e1 a River aproximadamente 7 millones de d\u00f3lares.<\/p>\n<p>Por otra parte, <strong>el volante Enzo Fern\u00e1ndez viajar\u00e1 el lunes a Portugal para sumarse a Benfica<\/strong>. El futbolista surgido del club \u00abmillonario\u00bb, quien jug\u00f3 su \u00faltimo el mi\u00e9rcoles pasado en la eliminaci\u00f3n de octavos de final de Copa Libertadores ante V\u00e9lez Sarsfield, partir\u00e1 desde el aeropuerto de Ezeiza a las 16. <\/p>\n","protected":false},"excerpt":{"rendered":"<p>Miguel Borja llega para cubrir la baja de Juli\u00e1n \u00c4lvarez, que se fue al Manchester City. El delantero colombiano Miguel Borja emprendi\u00f3 viaje para el lunes cerrar su incorporaci\u00f3n a River Plate, luego de negociaciones que se extendieron en el tiempo por diversos factores econ\u00f3micos. \u00abHa sido un trabajo dif\u00edcil junto a mi representante. Yo [&hellip;]<\/p>\n","protected":false},"author":1,"featured_media":21865,"comment_status":"closed","ping_status":"closed","sticky":false,"template":"","format":"standard","meta":[],"categories":[10],"tags":[],"_links":{"self":[{"href":"http:\/\/nuevacordoba.net\/index.php\/wp-json\/wp\/v2\/posts\/21864"}],"collection":[{"href":"http:\/\/nuevacordoba.net\/index.php\/wp-json\/wp\/v2\/posts"}],"about":[{"href":"http:\/\/nuevacordoba.net\/index.php\/wp-json\/wp\/v2\/types\/post"}],"author":[{"embeddable":true,"href":"http:\/\/nuevacordoba.net\/index.php\/wp-json\/wp\/v2\/users\/1"}],"replies":[{"embeddable":true,"href":"http:\/\/nuevacordoba.net\/index.php\/wp-json\/wp\/v2\/comments?post=21864"}],"version-history":[{"count":0,"href":"http:\/\/nuevacordoba.net\/index.php\/wp-json\/wp\/v2\/posts\/21864\/revisions"}],"wp:featuredmedia":[{"embeddable":true,"href":"http:\/\/nuevacordoba.net\/index.php\/wp-json\/wp\/v2\/media\/21865"}],"wp:attachment":[{"href":"http:\/\/nuevacordoba.net\/index.php\/wp-json\/wp\/v2\/media?parent=21864"}],"wp:term":[{"taxonomy":"category","embeddable":true,"href":"http:\/\/nuevacordoba.net\/index.php\/wp-json\/wp\/v2\/categories?post=21864"},{"taxonomy":"post_tag","embeddable":true,"href":"http:\/\/nuevacordoba.net\/index.php\/wp-json\/wp\/v2\/tags?post=21864"}],"curies":[{"name":"wp","href":"https:\/\/api.w.org\/{rel}","templated":true}]}}