{"id":21868,"date":"2022-07-11T09:55:08","date_gmt":"2022-07-11T09:55:08","guid":{"rendered":"https:\/\/www.espinof.com\/anime\/legend-a-dragon-ball-tale-asi-increible-corto-animacion-realizado-fans-que-homenajea-obra-akira-toriyama"},"modified":"2022-07-11T09:55:08","modified_gmt":"2022-07-11T09:55:08","slug":"legend-a-dragon-ball-tale-asi-es-el-increible-corto-de-animacion-realizado-por-fans-que-homenajea-la-obra-de-akira-toriyama","status":"publish","type":"post","link":"http:\/\/nuevacordoba.net\/index.php\/2022\/07\/11\/legend-a-dragon-ball-tale-asi-es-el-increible-corto-de-animacion-realizado-por-fans-que-homenajea-la-obra-de-akira-toriyama\/","title":{"rendered":"&#8216;Legend &#8211; A Dragon Ball Tale&#8217;: as\u00ed es el incre\u00edble corto de animaci\u00f3n realizado por fans que homenajea la obra de Akira Toriyama"},"content":{"rendered":"<p>&#8216;<a href=\"https:\/\/www.espinof.com\/animacion\/dragon-ball-como-ver-orden-toda-saga-creada-akira-toriyama\">Dragon Ball<\/a>&#8216; contin\u00faa siendo una de las franquicias de anime m\u00e1s grandes del planeta (si no la que m\u00e1s) y uno de los aspectos m\u00e1s m\u00e1gicos de la creaci\u00f3n de <strong>Akira Toriyama<\/strong> es precisamente lo much\u00edsimo que ha inspirado a millones de artistas a lo largo de varias d\u00e9cadas.<\/p>\n<p><!-- BREAK 1 --><\/p>\n<p>Los fans de &#8216;Dragon Ball&#8217; a menudo nos fascinan con espectaculares fanarts y proyectos realizados por puro amor a la saga&#8230; Pero el corto de animaci\u00f3n que se ha hecho viral estos d\u00edas ha llegado a un nuevo nivel y los responsables de &#8216;Legend &#8211; A Dragon Ball Tale&#8217; nos han dejado con la boca abierta.<\/p>\n<p><!-- BREAK 2 --> <\/p>\n<h2>Comienza la leyenda<\/h2>\n<p>Desde <strong>Studio Stray Dog<\/strong> llevan a\u00f1os trabajando en su corto de &#8216;Dragon Ball&#8217; y por fin han podido compartirlo con el mundo. Los fans del estudio llevaban mucho tiempo siguiendo el proyecto, que muestra una historia alternativa al canon de la serie con una batalla \u00e9pica centrada en <strong>Vegeta, Broly y Goku<\/strong>.<\/p>\n<p><!-- BREAK 3 --><\/p>\n<p>El resultado ha sido <strong>&#8216;Legend &#8211; A Dragon Ball Tale&#8217;<\/strong>, este espectacular corto de m\u00e1s de once minutos llena de transformaciones y combates fren\u00e9ticos entre tres de los personajes m\u00e1s poderosos de la franquicia.<\/p>\n<p><!-- BREAK 4 --><\/p>\n<div class=\"article-asset-video article-asset-normal\">\n<div class=\"asset-content\">\n<p> <iframe width=\"650\" height=\"366\" src=\"\/\/www.youtube.com\/embed\/1JKLM45aIikhttps\" allowfullscreen>[embedded content]<\/iframe> <\/p>\n<\/p><\/div>\n<\/div>\n<p>La animaci\u00f3n r\u00e1pidamente se ha hecho viral entre los fans (y no tan fans) de &#8216;Dragon Ball&#8217; por sus dise\u00f1os de personaje que mantienen la esencia de la obra original y por <strong>una animaci\u00f3n fren\u00e9tica con un regustillo a anime tradicional<\/strong> similar a los trabajos de Studio Trigger.<\/p>\n<p><!-- BREAK 5 --><\/p>\n<p><strong>Nash Pasha<\/strong>, un artista de storyboard y animador veterano que ha trabajado en <strong>&#8216;Rise of the TMNT: The Movie&#8217;<\/strong> y &#8216;Masters of the Universe: Revelation&#8217; ha sido uno de los impulsores principales del corto. Entre otras funciones, Pasha se ha encargado de la direcci\u00f3n, animaci\u00f3n y gui\u00f3n de &#8216;Legend &#8211; A Dragon Ball Tale&#8217;.<\/p>\n<p><!-- BREAK 6 --><\/p>\n<div class=\"article-asset article-asset-normal article-asset-center\">\n<div class=\"desvio-container\">\n<div class=\"desvio\">\n<div class=\"desvio-figure js-desvio-figure\"> <a href=\"https:\/\/www.espinof.com\/animacion\/akira-toriyama-ha-visto-dragon-ball-super-super-hero-esta-contentisimo-os-garantizo-que-corazon-os-ira-a-toda-pastilla-cuando-salgais-cine\"> <img alt=\"Akira Toriyama ya ha visto 'Dragon Ball Super: Super Hero' y est\u00e1 content\u00edsimo: &quot;Os garantizo que el coraz\u00f3n os ir\u00e1 a toda pastilla cuando salg\u00e1is del cine&quot;\" src=\"http:\/\/nuevacordoba.net\/wp-content\/uploads\/2022\/07\/legend-a-dragon-ball-tale-asi-es-el-increible-corto-de-animacion-realizado-por-fans-que-homenajea-la-obra-de-akira-toriyama.webp\" onerror=\"this.src=&quot;https:\/\/i.blogs.es\/79f482\/goku-en-dragon-ball-super-super-hero\/375_142.jpg&quot;\"> <\/a> <\/div><\/div><\/div>\n<\/div>\n<blockquote><p>\u00abLa animaci\u00f3n lleva much\u00edsimo tiempo y energ\u00eda y concentraci\u00f3n y presupuesto, y tiempo-.Ten\u00edamos todo esto, menos el presupuesto\u00bb, dijo Pasha a estrenar el corto. en redes. \u00abTodo mi equipo ha hecho esto por puro entusiasmo por &#8216;Dragon Ball Z&#8217; y por el proyecto en s\u00ed mismo\u00bb.<\/p><\/blockquote>\n<p>Esta siendo una buen\u00edsima temporada para los fans de &#8216;Dragon Ball&#8217;, ya que el anime ha vuelto con mucha fuerza con <strong>&#8216;Dragon Ball Super: Super Hero&#8217;,<\/strong> y muy pronto podremos disfrutar de la nueva pel\u00edcula de la saga <a href=\"https:\/\/www.espinof.com\/anime\/dragon-ball-super-super-hero-nueva-pelicula-anime-saga-tiene-fecha-estreno-espana\">en pantalla grande<\/a>.<\/p>\n<p><!-- BREAK 7 --> <\/p>\n","protected":false},"excerpt":{"rendered":"<p>&#8216;Dragon Ball&#8216; contin\u00faa siendo una de las franquicias de anime m\u00e1s grandes del planeta (si no la que m\u00e1s) y uno de los aspectos m\u00e1s m\u00e1gicos de la creaci\u00f3n de Akira Toriyama es precisamente lo much\u00edsimo que ha inspirado a millones de artistas a lo largo de varias d\u00e9cadas. Los fans de &#8216;Dragon Ball&#8217; a [&hellip;]<\/p>\n","protected":false},"author":1,"featured_media":0,"comment_status":"closed","ping_status":"closed","sticky":false,"template":"","format":"standard","meta":[],"categories":[6],"tags":[],"_links":{"self":[{"href":"http:\/\/nuevacordoba.net\/index.php\/wp-json\/wp\/v2\/posts\/21868"}],"collection":[{"href":"http:\/\/nuevacordoba.net\/index.php\/wp-json\/wp\/v2\/posts"}],"about":[{"href":"http:\/\/nuevacordoba.net\/index.php\/wp-json\/wp\/v2\/types\/post"}],"author":[{"embeddable":true,"href":"http:\/\/nuevacordoba.net\/index.php\/wp-json\/wp\/v2\/users\/1"}],"replies":[{"embeddable":true,"href":"http:\/\/nuevacordoba.net\/index.php\/wp-json\/wp\/v2\/comments?post=21868"}],"version-history":[{"count":0,"href":"http:\/\/nuevacordoba.net\/index.php\/wp-json\/wp\/v2\/posts\/21868\/revisions"}],"wp:attachment":[{"href":"http:\/\/nuevacordoba.net\/index.php\/wp-json\/wp\/v2\/media?parent=21868"}],"wp:term":[{"taxonomy":"category","embeddable":true,"href":"http:\/\/nuevacordoba.net\/index.php\/wp-json\/wp\/v2\/categories?post=21868"},{"taxonomy":"post_tag","embeddable":true,"href":"http:\/\/nuevacordoba.net\/index.php\/wp-json\/wp\/v2\/tags?post=21868"}],"curies":[{"name":"wp","href":"https:\/\/api.w.org\/{rel}","templated":true}]}}