{"id":21870,"date":"2022-07-09T20:45:33","date_gmt":"2022-07-09T20:45:33","guid":{"rendered":"https:\/\/www.ole.com.ar\/autos\/garcia-quedo-pole_0_UfW0Sqg9pH.html"},"modified":"2022-07-09T20:45:33","modified_gmt":"2022-07-09T20:45:33","slug":"la-pole-fue-para-garcia","status":"publish","type":"post","link":"http:\/\/nuevacordoba.net\/index.php\/2022\/07\/09\/la-pole-fue-para-garcia\/","title":{"rendered":"La pole fue para Garc\u00eda"},"content":{"rendered":"<p>La Clase 3 del Turismo Nacional llev\u00f3 a cabo su clasificaci\u00f3n en el circuito de La Pedrera, donde Antonino Garc\u00eda logr\u00f3 la pole. Escoltado por Urcera y Castellano.<\/p>\n<div class=\"sp__SM\">\n<div class=\"content-new \">\n<span class=\"tit-mobile\">Mir\u00e1 tambi\u00e9n<\/span><\/p>\n<div class=\"mg\">\n<div class=\"wrap-figure\">\n<picture>\n<a href=\"https:\/\/www.ole.com.ar\/autos\/verstappen-formula-1-austria-sprint-race_0_XktN3m4Oa3.html\" target=\"_self\" rel=\"noopener\"><br \/>\n<img class=\"img-responsive\" alt=\"F\u00f3rmula 1: Verstappen gan\u00f3 la Sprint Race y ratific\u00f3 la pole en Austria\" src=\"http:\/\/nuevacordoba.net\/wp-content\/uploads\/2022\/07\/la-pole-fue-para-garcia.jpg\" loading=\"lazy\"><br \/>\n<\/a>\n<\/picture>\n<\/div>\n<\/div><\/div>\n<\/div>\n<p><mark>Garc\u00eda marc\u00f3 un tiempo de 1m51s596 y se qued\u00f3 con la pole. Segundo se ubic\u00f3 Urcera a una diferencia de tan s\u00f3lo 72 mil\u00e9simas y tercero finaliz\u00f3 Castellano a 12 cent\u00e9simas.<\/mark> Mientras que completaron los mejores cinco Juli\u00e1n Santero y Gast\u00f3n Iansa.<\/p>\n<p>M\u00e1s atr\u00e1s se ubicaron Juan Bautista De Benedictis (Toyota), Leonel Larrauri (Peugeot), Manuel Mallo (Chevrolet), Caito Risatti (Toyota) y Leonel Pern\u00eda (Ford).<\/p>\n<div class=\"sp__SM\">\n<div class=\"content-new \">\n<span class=\"tit-mobile\">Mir\u00e1 tambi\u00e9n<\/span><\/p>\n<div class=\"mg\">\n<div class=\"wrap-figure\">\n<picture>\n<a href=\"https:\/\/www.ole.com.ar\/autos\/verstappen-hamilton-f1-austria_0_ohEHaR6qP5.html\" target=\"_self\" rel=\"noopener\"><br \/>\n<img class=\"img-responsive\" alt=\"Verstappen se qued\u00f3 con la pole y Hamilton choc\u00f3 contra los muros\" src=\"http:\/\/nuevacordoba.net\/wp-content\/uploads\/2022\/07\/la-pole-fue-para-garcia-1.jpg\" loading=\"lazy\"><br \/>\n<\/a>\n<\/picture>\n<\/div>\n<\/div><\/div>\n<\/div>\n<p><mark>La actividad para la Clase 3 del Turismo Nacional continuar\u00e1 el domingo a las 9.35, 10.05 y 10.35<\/mark>, cuando se pongan en marcha las series.<\/p>\n<div class=\"entry-tags\">\n<h2>TEMAS QUE APARECEN EN ESTA NOTA<\/h2>\n<\/p><\/div>\n","protected":false},"excerpt":{"rendered":"<p>La Clase 3 del Turismo Nacional llev\u00f3 a cabo su clasificaci\u00f3n en el circuito de La Pedrera, donde Antonino Garc\u00eda logr\u00f3 la pole. Escoltado por Urcera y Castellano. Mir\u00e1 tambi\u00e9n Garc\u00eda marc\u00f3 un tiempo de 1m51s596 y se qued\u00f3 con la pole. Segundo se ubic\u00f3 Urcera a una diferencia de tan s\u00f3lo 72 mil\u00e9simas y [&hellip;]<\/p>\n","protected":false},"author":1,"featured_media":21871,"comment_status":"closed","ping_status":"closed","sticky":false,"template":"","format":"standard","meta":[],"categories":[10],"tags":[],"_links":{"self":[{"href":"http:\/\/nuevacordoba.net\/index.php\/wp-json\/wp\/v2\/posts\/21870"}],"collection":[{"href":"http:\/\/nuevacordoba.net\/index.php\/wp-json\/wp\/v2\/posts"}],"about":[{"href":"http:\/\/nuevacordoba.net\/index.php\/wp-json\/wp\/v2\/types\/post"}],"author":[{"embeddable":true,"href":"http:\/\/nuevacordoba.net\/index.php\/wp-json\/wp\/v2\/users\/1"}],"replies":[{"embeddable":true,"href":"http:\/\/nuevacordoba.net\/index.php\/wp-json\/wp\/v2\/comments?post=21870"}],"version-history":[{"count":0,"href":"http:\/\/nuevacordoba.net\/index.php\/wp-json\/wp\/v2\/posts\/21870\/revisions"}],"wp:featuredmedia":[{"embeddable":true,"href":"http:\/\/nuevacordoba.net\/index.php\/wp-json\/wp\/v2\/media\/21871"}],"wp:attachment":[{"href":"http:\/\/nuevacordoba.net\/index.php\/wp-json\/wp\/v2\/media?parent=21870"}],"wp:term":[{"taxonomy":"category","embeddable":true,"href":"http:\/\/nuevacordoba.net\/index.php\/wp-json\/wp\/v2\/categories?post=21870"},{"taxonomy":"post_tag","embeddable":true,"href":"http:\/\/nuevacordoba.net\/index.php\/wp-json\/wp\/v2\/tags?post=21870"}],"curies":[{"name":"wp","href":"https:\/\/api.w.org\/{rel}","templated":true}]}}