{"id":21876,"date":"2022-07-11T16:34:54","date_gmt":"2022-07-11T16:34:54","guid":{"rendered":"https:\/\/www.bbc.com\/mundo\/noticias-62098266"},"modified":"2022-07-11T16:34:54","modified_gmt":"2022-07-11T16:34:54","slug":"los-3-paises-de-america-latina-que-han-sufrido-las-peores-devaluaciones-de-su-moneda-este-ano-frente-al-dolar","status":"publish","type":"post","link":"http:\/\/nuevacordoba.net\/index.php\/2022\/07\/11\/los-3-paises-de-america-latina-que-han-sufrido-las-peores-devaluaciones-de-su-moneda-este-ano-frente-al-dolar\/","title":{"rendered":"Los 3 pa\u00edses de Am\u00e9rica Latina que han sufrido las peores devaluaciones de su moneda este a\u00f1o frente al d\u00f3lar"},"content":{"rendered":"<div dir=\"ltr\" class=\"e1j2237y6 bbc-q4ibpr essoxwk0\">\n<div class=\"bbc-1atl7vu e11nzto4\">\n<ul role=\"list\" class=\"bbc-k0l9bd e11nzto2\">\n<li role=\"listitem\" class=\"bbc-1a3w4ok e11nzto1\">Cecilia Barr\u00eda<\/li>\n<li role=\"listitem\" class=\"bbc-1p92jtu e11nzto0\">BBC News Mundo<\/li>\n<\/ul>\n<\/div>\n<\/div>\n<p><time datetime=\"2022-07-11\" class=\"bbc-14xtggo exyigsi0\">5 horas<\/time><\/p>\n<div dir=\"ltr\" class=\"bbc-1ka88fa essoxwk0\">\n<figure class=\"bbc-1qdcvv9 e170cyvj0\">\n<div dir=\"ltr\" class=\"bbc-172p16q essoxwk0\">\n<div dir=\"ltr\" class=\"bbc-189y18v essoxwk0\" readability=\"6.5\">\n<div data-e2e=\"image-placeholder\" class=\"bbc-997y1y ezb2r2b0\" readability=\"8\"><picture class=\"bbc-yfiktt e11uq3261\"><source srcset=\"https:\/\/ichef.bbci.co.uk\/news\/240\/cpsprodpb\/105A7\/production\/_125838966_gettyimages-1291855117.jpg.webp 240w, https:\/\/ichef.bbci.co.uk\/news\/320\/cpsprodpb\/105A7\/production\/_125838966_gettyimages-1291855117.jpg.webp 320w, https:\/\/ichef.bbci.co.uk\/news\/480\/cpsprodpb\/105A7\/production\/_125838966_gettyimages-1291855117.jpg.webp 480w, https:\/\/ichef.bbci.co.uk\/news\/624\/cpsprodpb\/105A7\/production\/_125838966_gettyimages-1291855117.jpg.webp 624w, https:\/\/ichef.bbci.co.uk\/news\/800\/cpsprodpb\/105A7\/production\/_125838966_gettyimages-1291855117.jpg.webp 800w\" type=\"image\/webp\" sizes=\"(min-width: 1008px) 645px, 100vw\"><source srcset=\"https:\/\/ichef.bbci.co.uk\/news\/240\/cpsprodpb\/105A7\/production\/_125838966_gettyimages-1291855117.jpg 240w, https:\/\/ichef.bbci.co.uk\/news\/320\/cpsprodpb\/105A7\/production\/_125838966_gettyimages-1291855117.jpg 320w, https:\/\/ichef.bbci.co.uk\/news\/480\/cpsprodpb\/105A7\/production\/_125838966_gettyimages-1291855117.jpg 480w, https:\/\/ichef.bbci.co.uk\/news\/624\/cpsprodpb\/105A7\/production\/_125838966_gettyimages-1291855117.jpg 624w, https:\/\/ichef.bbci.co.uk\/news\/800\/cpsprodpb\/105A7\/production\/_125838966_gettyimages-1291855117.jpg 800w\" type=\"image\/jpeg\" sizes=\"(min-width: 1008px) 645px, 100vw\"><img loading=\"lazy\" src=\"http:\/\/nuevacordoba.net\/wp-content\/uploads\/2022\/07\/los-3-paises-de-america-latina-que-han-sufrido-las-peores-devaluaciones-de-su-moneda-este-ano-frente-al-dolar.jpg\" alt=\"Billetes argentinos\" width=\"976\" height=\"549\" class=\"eehpdyc0 bbc-rb7xa0 e11uq3260\"><\/picture>\n<p role=\"text\" class=\"bbc-1s1cxbv eynndk20\"><span class=\"bbc-1gnhmg2 evnljr50\">Fuente de la imagen, <\/span><span lang=\"en-GB\">Getty Images<\/span><\/p>\n<\/div>\n<\/div>\n<\/div>\n<\/figure>\n<\/div>\n<div dir=\"ltr\" class=\"bbc-19j92fr essoxwk0\" readability=\"9\">\n<p dir=\"ltr\" class=\"bbc-bm53ic e1cc2ql70\"><b>Mientras la incertidumbre sobre el futuro econ\u00f3mico recorre el mundo, el d\u00f3lar sigue ganando terreno frente al resto de las divisas.<\/b><\/p>\n<\/div>\n<div dir=\"ltr\" class=\"bbc-19j92fr essoxwk0\" readability=\"7\">\n<p dir=\"ltr\" class=\"bbc-bm53ic e1cc2ql70\">Y algunas de las mayores econom\u00edas latinoamericanas no son la excepci\u00f3n.<\/p>\n<\/div>\n<div dir=\"ltr\" class=\"bbc-19j92fr essoxwk0\" readability=\"9\">\n<p dir=\"ltr\" class=\"bbc-bm53ic e1cc2ql70\">Argentina, Chile y Colombia son los tres pa\u00edses que han sufrido las peores devaluaciones de sus monedas en lo que va de este a\u00f1o frente al d\u00f3lar.<\/p>\n<\/div>\n<div dir=\"ltr\" class=\"bbc-19j92fr essoxwk0\" readability=\"13\">\n<p dir=\"ltr\" class=\"bbc-bm53ic e1cc2ql70\">En cambio M\u00e9xico, no ha visto grandes turbulencias en el mercado cambiario, mientras que el real brasile\u00f1o y el sol peruano no han recibido el golpe hasta ahora y, por el contrario, se han apreciado en los primeros seis meses de este a\u00f1o.<\/p>\n<\/div>\n<div dir=\"ltr\" class=\"bbc-19j92fr essoxwk0\" readability=\"12\">\n<p dir=\"ltr\" class=\"bbc-bm53ic e1cc2ql70\">Que la moneda de un pa\u00eds se deprecie hace que aumente el precio de los productos importados, aumenta la inflaci\u00f3n y encarece el pago de las deudas en d\u00f3lares, una situaci\u00f3n que puede generar presiones fiscales en los pa\u00edses que vaciaron sus arcas para enfrentar la pandemia y actualmente tienen muy poco margen de maniobra.<\/p>\n<\/div>\n<div dir=\"ltr\" class=\"bbc-19j92fr essoxwk0\" readability=\"13\">\n<p dir=\"ltr\" class=\"bbc-bm53ic e1cc2ql70\">La apreciaci\u00f3n del d\u00f3lar se da en medio de un r\u00e1pido aumento en las tasas de inter\u00e9s, que en Latinoam\u00e9rica ha sido especialmente veloz, una medida que busca controlar la inflaci\u00f3n pero que, al mismo tiempo, le pone un poco de freno al crecimiento.<\/p>\n<\/div>\n<div dir=\"ltr\" class=\"bbc-19j92fr essoxwk0\"><picture class=\"bbc-yfiktt e11uq3261\"><source srcset=\"http:\/\/nuevacordoba.net\/wp-content\/uploads\/2022\/07\/los-3-paises-de-america-latina-que-han-sufrido-las-peores-devaluaciones-de-su-moneda-este-ano-frente-al-dolar-1.png 640w, http:\/\/nuevacordoba.net\/wp-content\/uploads\/2022\/07\/los-3-paises-de-america-latina-que-han-sufrido-las-peores-devaluaciones-de-su-moneda-este-ano-frente-al-dolar.png 816w\" type=\"image\/jpeg\"><img src=\"http:\/\/nuevacordoba.net\/wp-content\/uploads\/2022\/07\/los-3-paises-de-america-latina-que-han-sufrido-las-peores-devaluaciones-de-su-moneda-este-ano-frente-al-dolar.png\" alt=\"Desempe\u00f1o monedas frente al d\u00f3lar en 2022. Mayores econom\u00edas de Am\u00e9rica Latina. Per\u00edodo: 31 de diciembre 2021- 5 de julio 2022..\" id=\"include-1\" class=\"bbc-1082qq3 e11uq3260\"><\/picture><\/div>\n<div dir=\"ltr\" class=\"bbc-19j92fr essoxwk0\" readability=\"11\">\n<p dir=\"ltr\" class=\"bbc-bm53ic e1cc2ql70\">\u00bfPor qu\u00e9 se han devaluado tanto las monedas de Argentina, Chile y Colombia? Aunque comparten un tel\u00f3n de fondo com\u00fan en el frente internacional, cada uno tiene sus propias razones internas que han contribuido a la depreciaci\u00f3n de sus monedas.<\/p>\n<\/div>\n<p><h2 id=\"Argentina\" tabindex=\"-1\" class=\"bbc-l3e97o e1hixjf30\">Argentina<\/h2>\n<\/p>\n<div dir=\"ltr\" class=\"bbc-19j92fr essoxwk0\" readability=\"8\">\n<p dir=\"ltr\" class=\"bbc-bm53ic e1cc2ql70\">El peso argentino encabeza el r\u00e1nking de las monedas m\u00e1s depreciadas en Latinoam\u00e9rica durante la primera mitad de este a\u00f1o entre las mayores econom\u00edas de la regi\u00f3n.<\/p>\n<\/div>\n<div dir=\"ltr\" class=\"bbc-19j92fr essoxwk0\" readability=\"12\">\n<p dir=\"ltr\" class=\"bbc-bm53ic e1cc2ql70\">Sin duda la actual p\u00e9rdida de valor de la divisa es parte de una tendencia hist\u00f3rica. Tras d\u00e9cadas de crisis econ\u00f3micas, con recurrentes ciclos inflacionarios, los argentinos no conf\u00edan en el peso como moneda de reserva, y optan por refugiarse en el billete verde. <\/p>\n<\/div>\n<div dir=\"ltr\" class=\"bbc-19j92fr essoxwk0\" readability=\"10\">\n<p dir=\"ltr\" class=\"bbc-bm53ic e1cc2ql70\">El peso argentino se cre\u00f3 hace 30 a\u00f1os con la intenci\u00f3n de estabilizar la moneda tras un per\u00edodo de hiperinflaci\u00f3n y durante una d\u00e9cada vali\u00f3 lo mismo que un d\u00f3lar estadounidense, gracias a una ley que equiparaba a ambas monedas.<\/p>\n<\/div>\n<div dir=\"ltr\" class=\"bbc-1ka88fa essoxwk0\">\n<figure class=\"bbc-1qdcvv9 e170cyvj0\">\n<div dir=\"ltr\" class=\"bbc-172p16q essoxwk0\">\n<div dir=\"ltr\" class=\"bbc-189y18v essoxwk0\" readability=\"6.5\">\n<div data-e2e=\"image-placeholder\" class=\"bbc-997y1y ezb2r2b0\" readability=\"8\"><noscript><picture class=\"bbc-yfiktt e11uq3261\"><source srcset=\"http:\/\/nuevacordoba.net\/wp-content\/uploads\/2022\/07\/los-3-paises-de-america-latina-que-han-sufrido-las-peores-devaluaciones-de-su-moneda-este-ano-frente-al-dolar.webp 240w, http:\/\/nuevacordoba.net\/wp-content\/uploads\/2022\/07\/los-3-paises-de-america-latina-que-han-sufrido-las-peores-devaluaciones-de-su-moneda-este-ano-frente-al-dolar-1.webp 320w, http:\/\/nuevacordoba.net\/wp-content\/uploads\/2022\/07\/los-3-paises-de-america-latina-que-han-sufrido-las-peores-devaluaciones-de-su-moneda-este-ano-frente-al-dolar-2.webp 480w, http:\/\/nuevacordoba.net\/wp-content\/uploads\/2022\/07\/los-3-paises-de-america-latina-que-han-sufrido-las-peores-devaluaciones-de-su-moneda-este-ano-frente-al-dolar-3.webp 624w, http:\/\/nuevacordoba.net\/wp-content\/uploads\/2022\/07\/los-3-paises-de-america-latina-que-han-sufrido-las-peores-devaluaciones-de-su-moneda-este-ano-frente-al-dolar-4.webp 800w\" type=\"image\/webp\" sizes=\"(min-width: 1008px) 645px, 100vw\"><source srcset=\"https:\/\/ichef.bbci.co.uk\/news\/240\/cpsprodpb\/14747\/production\/_125838738_gettyimages-1406791526.jpg 240w, https:\/\/ichef.bbci.co.uk\/news\/320\/cpsprodpb\/14747\/production\/_125838738_gettyimages-1406791526.jpg 320w, https:\/\/ichef.bbci.co.uk\/news\/480\/cpsprodpb\/14747\/production\/_125838738_gettyimages-1406791526.jpg 480w, https:\/\/ichef.bbci.co.uk\/news\/624\/cpsprodpb\/14747\/production\/_125838738_gettyimages-1406791526.jpg 624w, https:\/\/ichef.bbci.co.uk\/news\/800\/cpsprodpb\/14747\/production\/_125838738_gettyimages-1406791526.jpg 800w\" type=\"image\/jpeg\" sizes=\"(min-width: 1008px) 645px, 100vw\"><img loading=\"lazy\" src=\"http:\/\/nuevacordoba.net\/wp-content\/uploads\/2022\/07\/los-3-paises-de-america-latina-que-han-sufrido-las-peores-devaluaciones-de-su-moneda-este-ano-frente-al-dolar-1.jpg\" alt=\"Alberto Fern\u00e1ndez y Silvina Batakis, ministra de Econom\u00eda.\" width=\"976\" height=\"549\" class=\"eehpdyc0 bbc-rb7xa0 e11uq3260\"><\/picture><\/noscript><\/p>\n<p role=\"text\" class=\"bbc-1s1cxbv eynndk20\"><span class=\"bbc-1gnhmg2 evnljr50\">Fuente de la imagen, <\/span><span lang=\"en-GB\">Getty Images<\/span><\/p>\n<\/div>\n<\/div>\n<div dir=\"ltr\" class=\"bbc-3edg7g essoxwk0\" readability=\"7\"><figcaption dir=\"ltr\" class=\"bbc-rhuvwm epgcavl0\" readability=\"4\"><span class=\"bbc-1gnhmg2 evnljr50\">Pie de foto, <\/span><\/p>\n<p>El 2 de julio renunci\u00f3 el ministro de Econom\u00eda de Argentina, Mart\u00edn Guzm\u00e1n. En su reemplazo el presidente Alberto Fern\u00e1ndez nombr\u00f3 a Silvina Batakis.<\/p>\n<\/figcaption><\/div>\n<\/div>\n<\/figure>\n<\/div>\n<div dir=\"ltr\" class=\"bbc-19j92fr essoxwk0\" readability=\"8\">\n<p dir=\"ltr\" class=\"bbc-bm53ic e1cc2ql70\">Hoy un peso equivale a menos de un centavo de d\u00f3lar (contrastado contra el d\u00f3lar del mercado libre ni siquiera llega a medio centavo).<\/p>\n<\/div>\n<div dir=\"ltr\" class=\"bbc-19j92fr essoxwk0\" readability=\"12\">\n<p dir=\"ltr\" class=\"bbc-bm53ic e1cc2ql70\"><b>\u00abEl motivo de esta tremenda devaluaci\u00f3n, una de las peores del mundo, se resume en una sola cosa:<\/b><b>falta de confianza<\/b>\u00ab, explica Ver\u00f3nica Smink, corresponsal de BBC Mundo en Argentina.<\/p>\n<\/div>\n<div dir=\"ltr\" class=\"bbc-19j92fr essoxwk0\" readability=\"10\">\n<p dir=\"ltr\" class=\"bbc-bm53ic e1cc2ql70\">En los \u00faltimos a\u00f1os, agrega, a los problemas macroecon\u00f3micos se han sumado cuestiones pol\u00edticas que han acelerado el proceso de devaluaci\u00f3n.<\/p>\n<\/div>\n<div dir=\"ltr\" class=\"bbc-19j92fr essoxwk0\" readability=\"11\">\n<p dir=\"ltr\" class=\"bbc-bm53ic e1cc2ql70\">La derrota electoral del expresidente de centroderecha -y amigo de los mercados-, Mauricio Macri, en 2019, gener\u00f3 una disparada del d\u00f3lar. <\/p>\n<\/div>\n<div dir=\"ltr\" class=\"bbc-19j92fr essoxwk0\" readability=\"16\">\n<p dir=\"ltr\" class=\"bbc-bm53ic e1cc2ql70\">Y, m\u00e1s recientemente, las peleas p\u00fablicas entre el actual mandatario Alberto Fern\u00e1ndez, y su poderosa vicepresidenta, Cristina Fern\u00e1ndez de Kirchner -que llevaron a la renuncia el pasado 2 de julio del ministro de Econom\u00eda-, tambi\u00e9n han generado incertidumbre, provocando una nueva alza (y consecuente devaluaci\u00f3n del peso).<\/p>\n<\/div>\n<div dir=\"ltr\" class=\"bbc-19j92fr essoxwk0\" readability=\"11\">\n<p dir=\"ltr\" class=\"bbc-bm53ic e1cc2ql70\">As\u00ed tambi\u00e9n lo argumenta Ricardo Delgado, economista y presidente de la consultora Analytica, para quien <b>\u00abel trasfondo de la depreciaci\u00f3n tiene que ver con la crisis pol\u00edtica que existe en Argentina dentro de la coalici\u00f3n gobernante\u00bb.<\/b><\/p>\n<\/div>\n<div class=\"bbc-sffzb7 e8v25yx0\">\n<div dir=\"ltr\" class=\"bbc-1ka88fa essoxwk0\">\n<figure class=\"bbc-1qdcvv9 e170cyvj0\">\n<div dir=\"ltr\" class=\"bbc-172p16q essoxwk0\">\n<div dir=\"ltr\" class=\"bbc-189y18v essoxwk0\" readability=\"6.5\">\n<div data-e2e=\"image-placeholder\" class=\"bbc-997y1y ezb2r2b0\" readability=\"8\"><noscript><picture class=\"bbc-yfiktt e11uq3261\"><source srcset=\"http:\/\/nuevacordoba.net\/wp-content\/uploads\/2022\/07\/los-3-paises-de-america-latina-que-han-sufrido-las-peores-devaluaciones-de-su-moneda-este-ano-frente-al-dolar-5.webp 240w, http:\/\/nuevacordoba.net\/wp-content\/uploads\/2022\/07\/los-3-paises-de-america-latina-que-han-sufrido-las-peores-devaluaciones-de-su-moneda-este-ano-frente-al-dolar-6.webp 320w, http:\/\/nuevacordoba.net\/wp-content\/uploads\/2022\/07\/los-3-paises-de-america-latina-que-han-sufrido-las-peores-devaluaciones-de-su-moneda-este-ano-frente-al-dolar-7.webp 480w, http:\/\/nuevacordoba.net\/wp-content\/uploads\/2022\/07\/los-3-paises-de-america-latina-que-han-sufrido-las-peores-devaluaciones-de-su-moneda-este-ano-frente-al-dolar-8.webp 624w, http:\/\/nuevacordoba.net\/wp-content\/uploads\/2022\/07\/los-3-paises-de-america-latina-que-han-sufrido-las-peores-devaluaciones-de-su-moneda-este-ano-frente-al-dolar-9.webp 800w\" type=\"image\/webp\" sizes=\"(min-width: 1008px) 645px, 100vw\"><source srcset=\"https:\/\/ichef.bbci.co.uk\/news\/240\/cpsprodpb\/B787\/production\/_125838964_gettyimages-1336482272.jpg 240w, https:\/\/ichef.bbci.co.uk\/news\/320\/cpsprodpb\/B787\/production\/_125838964_gettyimages-1336482272.jpg 320w, https:\/\/ichef.bbci.co.uk\/news\/480\/cpsprodpb\/B787\/production\/_125838964_gettyimages-1336482272.jpg 480w, https:\/\/ichef.bbci.co.uk\/news\/624\/cpsprodpb\/B787\/production\/_125838964_gettyimages-1336482272.jpg 624w, https:\/\/ichef.bbci.co.uk\/news\/800\/cpsprodpb\/B787\/production\/_125838964_gettyimages-1336482272.jpg 800w\" type=\"image\/jpeg\" sizes=\"(min-width: 1008px) 645px, 100vw\"><img loading=\"lazy\" src=\"http:\/\/nuevacordoba.net\/wp-content\/uploads\/2022\/07\/los-3-paises-de-america-latina-que-han-sufrido-las-peores-devaluaciones-de-su-moneda-este-ano-frente-al-dolar-2.jpg\" alt=\"Billete argentino con flecha roja apuntando hacia abajo\" width=\"976\" height=\"549\" class=\"eehpdyc0 bbc-rb7xa0 e11uq3260\"><\/picture><\/noscript><\/p>\n<p role=\"text\" class=\"bbc-1s1cxbv eynndk20\"><span class=\"bbc-1gnhmg2 evnljr50\">Fuente de la imagen, <\/span><span lang=\"en-GB\">Getty Images<\/span><\/p>\n<\/div>\n<\/div>\n<\/div>\n<\/figure>\n<\/div>\n<\/div>\n<div dir=\"ltr\" class=\"bbc-19j92fr essoxwk0\" readability=\"12\">\n<p dir=\"ltr\" class=\"bbc-bm53ic e1cc2ql70\">Fern\u00e1ndez y Kirchner, agrega, tienen dos visiones muy opuestas sobre la pol\u00edtica econ\u00f3mica y, particularmente, sobre c\u00f3mo enfrentar el acuerdo con el Fondo Monetario Internacional.<\/p>\n<\/div>\n<div dir=\"ltr\" class=\"bbc-19j92fr essoxwk0\" readability=\"10\">\n<p dir=\"ltr\" class=\"bbc-bm53ic e1cc2ql70\">Mientras el mandatario est\u00e1 a favor de continuar con el acuerdo firmado en marzo, la vicepresidenta est\u00e1 claramente en contra, explica en di\u00e1logo con BBC Mundo.<\/p>\n<\/div>\n<div dir=\"ltr\" class=\"bbc-19j92fr essoxwk0\" readability=\"13\">\n<p dir=\"ltr\" class=\"bbc-bm53ic e1cc2ql70\">En ese escenario y con una econom\u00eda que ha emitido mucha moneda en los \u00faltimos dos a\u00f1os producto de la pandemia,\u00bbhay muchos pesos circulantes que, en un contexto de aceleraci\u00f3n inflacionaria y de incertidumbre pol\u00edtica, hacen que las personas deseen refugiarse en el d\u00f3lar como reserva de valor\u00bb.<\/p>\n<\/div>\n<div dir=\"ltr\" class=\"bbc-19j92fr essoxwk0\" readability=\"8\">\n<p dir=\"ltr\" class=\"bbc-bm53ic e1cc2ql70\">Argentina tiene una inflaci\u00f3n interanual cercana al 62% y las proyecciones hacia fin de a\u00f1o apuntan a una subida mucho mayor.<\/p>\n<\/div>\n<p><h2 id=\"Chile\" tabindex=\"-1\" class=\"bbc-l3e97o e1hixjf30\">Chile<\/h2>\n<\/p>\n<div dir=\"ltr\" class=\"bbc-19j92fr essoxwk0\" readability=\"11\">\n<p dir=\"ltr\" class=\"bbc-bm53ic e1cc2ql70\">La moneda chilena ven\u00eda debilit\u00e1ndose frente a la divisa estadounidense, pero cuando marc\u00f3 moment\u00e1neamente un r\u00e9cord hist\u00f3rico de 1.000 pesos por d\u00f3lar el 6 de julio, provoc\u00f3 un fuerte debate sobre qu\u00e9 est\u00e1 ocurriendo en el mercado cambiario.<\/p>\n<\/div>\n<div dir=\"ltr\" class=\"bbc-19j92fr essoxwk0\" readability=\"9\">\n<p dir=\"ltr\" class=\"bbc-bm53ic e1cc2ql70\">El peso chileno es la segunda moneda que m\u00e1s se ha depreciado en 2022 entre las grandes econom\u00edas de Am\u00e9rica Latina, despu\u00e9s de la divisa argentina.<\/p>\n<\/div>\n<div dir=\"ltr\" class=\"bbc-1ka88fa essoxwk0\">\n<figure class=\"bbc-1qdcvv9 e170cyvj0\">\n<div dir=\"ltr\" class=\"bbc-172p16q essoxwk0\">\n<div dir=\"ltr\" class=\"bbc-189y18v essoxwk0\" readability=\"6.5\">\n<div data-e2e=\"image-placeholder\" class=\"bbc-997y1y ezb2r2b0\" readability=\"8\"><noscript><picture class=\"bbc-yfiktt e11uq3261\"><source srcset=\"http:\/\/nuevacordoba.net\/wp-content\/uploads\/2022\/07\/los-3-paises-de-america-latina-que-han-sufrido-las-peores-devaluaciones-de-su-moneda-este-ano-frente-al-dolar-10.webp 240w, http:\/\/nuevacordoba.net\/wp-content\/uploads\/2022\/07\/los-3-paises-de-america-latina-que-han-sufrido-las-peores-devaluaciones-de-su-moneda-este-ano-frente-al-dolar-11.webp 320w, http:\/\/nuevacordoba.net\/wp-content\/uploads\/2022\/07\/los-3-paises-de-america-latina-que-han-sufrido-las-peores-devaluaciones-de-su-moneda-este-ano-frente-al-dolar-12.webp 480w, http:\/\/nuevacordoba.net\/wp-content\/uploads\/2022\/07\/los-3-paises-de-america-latina-que-han-sufrido-las-peores-devaluaciones-de-su-moneda-este-ano-frente-al-dolar-13.webp 624w, http:\/\/nuevacordoba.net\/wp-content\/uploads\/2022\/07\/los-3-paises-de-america-latina-que-han-sufrido-las-peores-devaluaciones-de-su-moneda-este-ano-frente-al-dolar-14.webp 800w\" type=\"image\/webp\" sizes=\"(min-width: 1008px) 645px, 100vw\"><source srcset=\"https:\/\/ichef.bbci.co.uk\/news\/240\/cpsprodpb\/83F7\/production\/_125838733_gettyimages-1237356026.jpg 240w, https:\/\/ichef.bbci.co.uk\/news\/320\/cpsprodpb\/83F7\/production\/_125838733_gettyimages-1237356026.jpg 320w, https:\/\/ichef.bbci.co.uk\/news\/480\/cpsprodpb\/83F7\/production\/_125838733_gettyimages-1237356026.jpg 480w, https:\/\/ichef.bbci.co.uk\/news\/624\/cpsprodpb\/83F7\/production\/_125838733_gettyimages-1237356026.jpg 624w, https:\/\/ichef.bbci.co.uk\/news\/800\/cpsprodpb\/83F7\/production\/_125838733_gettyimages-1237356026.jpg 800w\" type=\"image\/jpeg\" sizes=\"(min-width: 1008px) 645px, 100vw\"><img loading=\"lazy\" src=\"http:\/\/nuevacordoba.net\/wp-content\/uploads\/2022\/07\/los-3-paises-de-america-latina-que-han-sufrido-las-peores-devaluaciones-de-su-moneda-este-ano-frente-al-dolar-3.jpg\" alt=\"Gabriel Boric\" width=\"976\" height=\"549\" class=\"eehpdyc0 bbc-rb7xa0 e11uq3260\"><\/picture><\/noscript><\/p>\n<p role=\"text\" class=\"bbc-1s1cxbv eynndk20\"><span class=\"bbc-1gnhmg2 evnljr50\">Fuente de la imagen, <\/span><span lang=\"en-GB\">Getty Images<\/span><\/p>\n<\/div>\n<\/div>\n<div dir=\"ltr\" class=\"bbc-3edg7g essoxwk0\" readability=\"7.5\"><figcaption dir=\"ltr\" class=\"bbc-rhuvwm epgcavl0\" readability=\"5\"><span class=\"bbc-1gnhmg2 evnljr50\">Pie de foto, <\/span><\/p>\n<p>El presidente de Chile, Gabriel Boric, dijo que el aumento del precio del d\u00f3lar es \u00abtremendamente preocupante\u00bb.<\/p>\n<\/figcaption><\/div>\n<\/div>\n<\/figure>\n<\/div>\n<div dir=\"ltr\" class=\"bbc-19j92fr essoxwk0\" readability=\"9\">\n<p dir=\"ltr\" class=\"bbc-bm53ic e1cc2ql70\">El Presidente Gabriel Boric declar\u00f3 que el aumento del d\u00f3lar <b>\u00abes tremendamente preocupante\u00bb <\/b>y argument\u00f3 que una de las principales razones \u00abes la baja del precio del cobre producto de dos factores que son externos a lo nacional\u00bb. <\/p>\n<\/div>\n<div dir=\"ltr\" class=\"bbc-19j92fr essoxwk0\" readability=\"14\">\n<p dir=\"ltr\" class=\"bbc-bm53ic e1cc2ql70\">\u00abUno, es la perspectivas de recesi\u00f3n en Europa y Estados Unidos, que reci\u00e9n se van a aclarar en la pr\u00f3xima reuni\u00f3n de la Reserva Federal, que todav\u00eda tienen un tiempo, y adem\u00e1s el proceso que todav\u00eda sigue China con el cierre de ciudades que ha bajado la demanda de cobre\u00bb, precis\u00f3.<\/p>\n<\/div>\n<div dir=\"ltr\" class=\"bbc-19j92fr essoxwk0\" readability=\"14\">\n<p dir=\"ltr\" class=\"bbc-bm53ic e1cc2ql70\">Junto al escenario internacional, Boric advirti\u00f3 que \u00abtambi\u00e9n hay factores internos y en esto la incertidumbre, sin lugar a dudas, contribuye\u00bb, refiri\u00e9ndose al plebiscito del 4 de septiembre en que el pa\u00eds decidir\u00e1 finalmente si aprobar o rechazar la propuesta de nueva Nueva Constituci\u00f3n elaborada por una Convenci\u00f3n Constituyente elegida por voto popular.<\/p>\n<\/div>\n<div dir=\"ltr\" class=\"bbc-19j92fr essoxwk0\" readability=\"15\">\n<p dir=\"ltr\" class=\"bbc-bm53ic e1cc2ql70\">Leonardo Su\u00e1rez, director de Estudios de LarrainVial, una firma de servicios financieros, sostiene que la principal raz\u00f3n de la escalada del d\u00f3lar en Chile es el aumento del d\u00e9ficit en cuenta corriente, es decir, que el gasto en las importaciones de bienes y servicios es superior a los ingresos por las exportaciones.<\/p>\n<\/div>\n<div dir=\"ltr\" class=\"bbc-1ka88fa essoxwk0\">\n<figure class=\"bbc-1qdcvv9 e170cyvj0\">\n<div dir=\"ltr\" class=\"bbc-172p16q essoxwk0\">\n<div dir=\"ltr\" class=\"bbc-189y18v essoxwk0\" readability=\"6.5\">\n<div data-e2e=\"image-placeholder\" class=\"bbc-997y1y ezb2r2b0\" readability=\"8\"><noscript><picture class=\"bbc-yfiktt e11uq3261\"><source srcset=\"http:\/\/nuevacordoba.net\/wp-content\/uploads\/2022\/07\/los-3-paises-de-america-latina-que-han-sufrido-las-peores-devaluaciones-de-su-moneda-este-ano-frente-al-dolar-15.webp 240w, http:\/\/nuevacordoba.net\/wp-content\/uploads\/2022\/07\/los-3-paises-de-america-latina-que-han-sufrido-las-peores-devaluaciones-de-su-moneda-este-ano-frente-al-dolar-16.webp 320w, http:\/\/nuevacordoba.net\/wp-content\/uploads\/2022\/07\/los-3-paises-de-america-latina-que-han-sufrido-las-peores-devaluaciones-de-su-moneda-este-ano-frente-al-dolar-17.webp 480w, http:\/\/nuevacordoba.net\/wp-content\/uploads\/2022\/07\/los-3-paises-de-america-latina-que-han-sufrido-las-peores-devaluaciones-de-su-moneda-este-ano-frente-al-dolar-18.webp 624w, http:\/\/nuevacordoba.net\/wp-content\/uploads\/2022\/07\/los-3-paises-de-america-latina-que-han-sufrido-las-peores-devaluaciones-de-su-moneda-este-ano-frente-al-dolar-19.webp 800w\" type=\"image\/webp\" sizes=\"(min-width: 1008px) 645px, 100vw\"><source srcset=\"https:\/\/ichef.bbci.co.uk\/news\/240\/cpsprodpb\/12AF\/production\/_125838740_gettyimages-1164171579-1.jpg 240w, https:\/\/ichef.bbci.co.uk\/news\/320\/cpsprodpb\/12AF\/production\/_125838740_gettyimages-1164171579-1.jpg 320w, https:\/\/ichef.bbci.co.uk\/news\/480\/cpsprodpb\/12AF\/production\/_125838740_gettyimages-1164171579-1.jpg 480w, https:\/\/ichef.bbci.co.uk\/news\/624\/cpsprodpb\/12AF\/production\/_125838740_gettyimages-1164171579-1.jpg 624w, https:\/\/ichef.bbci.co.uk\/news\/800\/cpsprodpb\/12AF\/production\/_125838740_gettyimages-1164171579-1.jpg 800w\" type=\"image\/jpeg\" sizes=\"(min-width: 1008px) 645px, 100vw\"><img loading=\"lazy\" src=\"http:\/\/nuevacordoba.net\/wp-content\/uploads\/2022\/07\/los-3-paises-de-america-latina-que-han-sufrido-las-peores-devaluaciones-de-su-moneda-este-ano-frente-al-dolar-4.jpg\" alt=\"Pesos chilenos\" width=\"976\" height=\"549\" class=\"eehpdyc0 bbc-rb7xa0 e11uq3260\"><\/picture><\/noscript><\/p>\n<p role=\"text\" class=\"bbc-1s1cxbv eynndk20\"><span class=\"bbc-1gnhmg2 evnljr50\">Fuente de la imagen, <\/span><span lang=\"en-GB\">Getty Images<\/span><\/p>\n<\/div>\n<\/div>\n<\/div>\n<\/figure>\n<\/div>\n<div dir=\"ltr\" class=\"bbc-19j92fr essoxwk0\" readability=\"13\">\n<p dir=\"ltr\" class=\"bbc-bm53ic e1cc2ql70\">Este d\u00e9ficit, agrega, fue impulsado por un <b>\u00abexceso de gasto\u00bb <\/b>el a\u00f1o pasado, en el contexto de una inyecci\u00f3n de liquidez masiva -tanto por las ayudas fiscales a ra\u00edz de la pandemia, como por el retiro anticipado de los fondos de pensiones.<\/p>\n<\/div>\n<div dir=\"ltr\" class=\"bbc-19j92fr essoxwk0\" readability=\"14\">\n<p dir=\"ltr\" class=\"bbc-bm53ic e1cc2ql70\">La depreciaci\u00f3n cambiaria, dice en di\u00e1logo con BBC Mundo, ya ven\u00eda desde fines de 2019, cuando en medio del estallido social se logr\u00f3 un acuerdo pol\u00edtico para cambiar la Constituci\u00f3n. A partir de ese momento, afirma, \u00abse produjo un castigo al tipo de cambio\u00bb.<\/p>\n<\/div>\n<div dir=\"ltr\" class=\"bbc-19j92fr essoxwk0\" readability=\"12\">\n<p dir=\"ltr\" class=\"bbc-bm53ic e1cc2ql70\">Y en el \u00faltimo mes, ocurri\u00f3 una <b>abrupta ca\u00edda del precio del cobre<\/b>, provocando una mayor depreciaci\u00f3n del peso chileno frente al d\u00f3lar, dado que el 56% del total de las exportaciones chilenas son cobre. <\/p>\n<\/div>\n<div dir=\"ltr\" class=\"bbc-19j92fr essoxwk0\" readability=\"8\">\n<p dir=\"ltr\" class=\"bbc-bm53ic e1cc2ql70\">\u00abEsto genera un shock de expectativas en los mercados y por eso le pasan la cuenta al peso chileno con m\u00e1s fuerza que a otras monedas\u00bb.<\/p>\n<\/div>\n<div dir=\"ltr\" class=\"bbc-19j92fr essoxwk0\" readability=\"11\">\n<p dir=\"ltr\" class=\"bbc-bm53ic e1cc2ql70\">Todo esto ocurre cuando cada d\u00eda crecen m\u00e1s los pron\u00f3sticos sobre una eventual recesi\u00f3n global, un panorama que afecta al precio del cobre y, por lo tanto, los ingresos que recibe Chile.<\/p>\n<\/div>\n<p><h2 id=\"Colombia\" tabindex=\"-1\" class=\"bbc-l3e97o e1hixjf30\">Colombia<\/h2>\n<\/p>\n<div dir=\"ltr\" class=\"bbc-19j92fr essoxwk0\" readability=\"11\">\n<p dir=\"ltr\" class=\"bbc-bm53ic e1cc2ql70\">La moneda colombiana \u00abse ha devaluado m\u00e1s que la mayor\u00eda de sus pares en Am\u00e9rica Latina\u00bb, dice Ricardo \u00c1vila, analista <i class=\"bbc-h1y5j7 ewc4zcb0\">senior <\/i>del peri\u00f3dico colombiano El Tiempo, en di\u00e1logo con BBC Mundo.<\/p>\n<\/div>\n<div dir=\"ltr\" class=\"bbc-19j92fr essoxwk0\" readability=\"8\">\n<p dir=\"ltr\" class=\"bbc-bm53ic e1cc2ql70\">Efectivamente, el peso colombiano ocupa el tercer lugar del r\u00e1nking despu\u00e9s de Argentina y Chile.<\/p>\n<\/div>\n<div dir=\"ltr\" class=\"bbc-1ka88fa essoxwk0\">\n<figure class=\"bbc-1qdcvv9 e170cyvj0\">\n<div dir=\"ltr\" class=\"bbc-172p16q essoxwk0\">\n<div dir=\"ltr\" class=\"bbc-189y18v essoxwk0\" readability=\"6.5\">\n<div data-e2e=\"image-placeholder\" class=\"bbc-997y1y ezb2r2b0\" readability=\"8\"><noscript><picture class=\"bbc-yfiktt e11uq3261\"><source srcset=\"http:\/\/nuevacordoba.net\/wp-content\/uploads\/2022\/07\/los-3-paises-de-america-latina-que-han-sufrido-las-peores-devaluaciones-de-su-moneda-este-ano-frente-al-dolar-20.webp 240w, http:\/\/nuevacordoba.net\/wp-content\/uploads\/2022\/07\/los-3-paises-de-america-latina-que-han-sufrido-las-peores-devaluaciones-de-su-moneda-este-ano-frente-al-dolar-21.webp 320w, http:\/\/nuevacordoba.net\/wp-content\/uploads\/2022\/07\/los-3-paises-de-america-latina-que-han-sufrido-las-peores-devaluaciones-de-su-moneda-este-ano-frente-al-dolar-22.webp 480w, http:\/\/nuevacordoba.net\/wp-content\/uploads\/2022\/07\/los-3-paises-de-america-latina-que-han-sufrido-las-peores-devaluaciones-de-su-moneda-este-ano-frente-al-dolar-23.webp 624w, http:\/\/nuevacordoba.net\/wp-content\/uploads\/2022\/07\/los-3-paises-de-america-latina-que-han-sufrido-las-peores-devaluaciones-de-su-moneda-este-ano-frente-al-dolar-24.webp 800w\" type=\"image\/webp\" sizes=\"(min-width: 1008px) 645px, 100vw\"><source srcset=\"https:\/\/ichef.bbci.co.uk\/news\/240\/cpsprodpb\/D217\/production\/_125838735_gettyimages-1405643282.jpg 240w, https:\/\/ichef.bbci.co.uk\/news\/320\/cpsprodpb\/D217\/production\/_125838735_gettyimages-1405643282.jpg 320w, https:\/\/ichef.bbci.co.uk\/news\/480\/cpsprodpb\/D217\/production\/_125838735_gettyimages-1405643282.jpg 480w, https:\/\/ichef.bbci.co.uk\/news\/624\/cpsprodpb\/D217\/production\/_125838735_gettyimages-1405643282.jpg 624w, https:\/\/ichef.bbci.co.uk\/news\/800\/cpsprodpb\/D217\/production\/_125838735_gettyimages-1405643282.jpg 800w\" type=\"image\/jpeg\" sizes=\"(min-width: 1008px) 645px, 100vw\"><img loading=\"lazy\" src=\"http:\/\/nuevacordoba.net\/wp-content\/uploads\/2022\/07\/los-3-paises-de-america-latina-que-han-sufrido-las-peores-devaluaciones-de-su-moneda-este-ano-frente-al-dolar-5.jpg\" alt=\"Gustavo petro\" width=\"976\" height=\"549\" class=\"eehpdyc0 bbc-rb7xa0 e11uq3260\"><\/picture><\/noscript><\/p>\n<p role=\"text\" class=\"bbc-1s1cxbv eynndk20\"><span class=\"bbc-1gnhmg2 evnljr50\">Fuente de la imagen, <\/span><span lang=\"en-GB\">Getty Images<\/span><\/p>\n<\/div>\n<\/div>\n<div dir=\"ltr\" class=\"bbc-3edg7g essoxwk0\" readability=\"6\"><figcaption dir=\"ltr\" class=\"bbc-rhuvwm epgcavl0\" readability=\"2\"><span class=\"bbc-1gnhmg2 evnljr50\">Pie de foto, <\/span><\/p>\n<p>Gustavo Petro asumir\u00e1 la presidencia de Colombia el 7 de agosto.<\/p>\n<\/figcaption><\/div>\n<\/div>\n<\/figure>\n<\/div>\n<div dir=\"ltr\" class=\"bbc-19j92fr essoxwk0\" readability=\"11\">\n<p dir=\"ltr\" class=\"bbc-bm53ic e1cc2ql70\">Adem\u00e1s del contexto internacional que ha empujado a grandes inversores a refugiar sus capitales en activos menos riesgosos, \u00aben el caso de Colombia hay un elemento extra que tiene que ver con el riesgo pol\u00edtico\u00bb, explica \u00c1vila.<\/p>\n<\/div>\n<div dir=\"ltr\" class=\"bbc-19j92fr essoxwk0\" readability=\"12\">\n<p dir=\"ltr\" class=\"bbc-bm53ic e1cc2ql70\">Desde su perspectiva, existe preocupaci\u00f3n por la llegada de Gustavo Petro al poder, en la medida que ha entregado el mensaje de que <b>Colombia va a depender cada vez menos del petr\u00f3leo<\/b>, que es el principal producto de exportaci\u00f3n.<\/p>\n<\/div>\n<div dir=\"ltr\" class=\"bbc-19j92fr essoxwk0\" readability=\"13\">\n<p dir=\"ltr\" class=\"bbc-bm53ic e1cc2ql70\">Ante la perspectiva de que Petro no va a firmar nuevos contratos de exploraci\u00f3n petrolera, por ejemplo, las proyecciones muestran, se\u00f1ala \u00c1vila, que en 2026 Colombia tendr\u00eda que empezar a importar gas y en 2028 Colombia tendr\u00eda que empezar a importar petr\u00f3leo.<\/p>\n<\/div>\n<div dir=\"ltr\" class=\"bbc-19j92fr essoxwk0\" readability=\"10\">\n<p dir=\"ltr\" class=\"bbc-bm53ic e1cc2ql70\">Si se hace realidad esa promesa, existe el temor de que Colombia enfrente un d\u00e9ficit de divisas y devaluaci\u00f3n, explica.<\/p>\n<\/div>\n<div dir=\"ltr\" class=\"bbc-19j92fr essoxwk0\" readability=\"8\">\n<p dir=\"ltr\" class=\"bbc-bm53ic e1cc2ql70\">\u00abEn el \u00faltimo mes el peso colombiano se ha devaluado mucho y eso coincide con la elecci\u00f3n de Petro\u00bb.<\/p>\n<\/div>\n<div dir=\"ltr\" class=\"bbc-19j92fr essoxwk0\" readability=\"13\">\n<p dir=\"ltr\" class=\"bbc-bm53ic e1cc2ql70\">Otros observadores argumentan que eso no es tan as\u00ed porque los papeles de deuda de Colombia no se han desvalorizado. Ahora bien, espec\u00edficamente en el tema cambiario, dice el experto, <b>\u00absi la percepci\u00f3n es que habr\u00e1 un menor ingreso de d\u00f3lares, eventualmente eso incide en la tasa de cambio\u00bb.<\/b><\/p>\n<\/div>\n<div dir=\"ltr\" class=\"bbc-19j92fr essoxwk0\" readability=\"9\">\n<p dir=\"ltr\" class=\"bbc-bm53ic e1cc2ql70\">El \u00fanico pa\u00eds que marca una clara tendencia contra la corriente es <b>Uruguay<\/b>, cuya moneda se ha apreciado m\u00e1s de 10% en 2022 respecto al d\u00f3lar.<\/p>\n<\/div>\n<div dir=\"ltr\" class=\"bbc-1ka88fa essoxwk0\">\n<figure class=\"bbc-1qdcvv9 e170cyvj0\">\n<div dir=\"ltr\" class=\"bbc-172p16q essoxwk0\">\n<div dir=\"ltr\" class=\"bbc-189y18v essoxwk0\" readability=\"6.5\">\n<div data-e2e=\"image-placeholder\" class=\"bbc-997y1y ezb2r2b0\" readability=\"8\"><noscript><picture class=\"bbc-yfiktt e11uq3261\"><source srcset=\"http:\/\/nuevacordoba.net\/wp-content\/uploads\/2022\/07\/los-3-paises-de-america-latina-que-han-sufrido-las-peores-devaluaciones-de-su-moneda-este-ano-frente-al-dolar-25.webp 240w, http:\/\/nuevacordoba.net\/wp-content\/uploads\/2022\/07\/los-3-paises-de-america-latina-que-han-sufrido-las-peores-devaluaciones-de-su-moneda-este-ano-frente-al-dolar-26.webp 320w, http:\/\/nuevacordoba.net\/wp-content\/uploads\/2022\/07\/los-3-paises-de-america-latina-que-han-sufrido-las-peores-devaluaciones-de-su-moneda-este-ano-frente-al-dolar-27.webp 480w, http:\/\/nuevacordoba.net\/wp-content\/uploads\/2022\/07\/los-3-paises-de-america-latina-que-han-sufrido-las-peores-devaluaciones-de-su-moneda-este-ano-frente-al-dolar-28.webp 624w, http:\/\/nuevacordoba.net\/wp-content\/uploads\/2022\/07\/los-3-paises-de-america-latina-que-han-sufrido-las-peores-devaluaciones-de-su-moneda-este-ano-frente-al-dolar-29.webp 800w\" type=\"image\/webp\" sizes=\"(min-width: 1008px) 645px, 100vw\"><source srcset=\"https:\/\/ichef.bbci.co.uk\/news\/240\/cpsprodpb\/9D25\/production\/_121992204_gettyimages-160516659.jpg 240w, https:\/\/ichef.bbci.co.uk\/news\/320\/cpsprodpb\/9D25\/production\/_121992204_gettyimages-160516659.jpg 320w, https:\/\/ichef.bbci.co.uk\/news\/480\/cpsprodpb\/9D25\/production\/_121992204_gettyimages-160516659.jpg 480w, https:\/\/ichef.bbci.co.uk\/news\/624\/cpsprodpb\/9D25\/production\/_121992204_gettyimages-160516659.jpg 624w, https:\/\/ichef.bbci.co.uk\/news\/800\/cpsprodpb\/9D25\/production\/_121992204_gettyimages-160516659.jpg 800w\" type=\"image\/jpeg\" sizes=\"(min-width: 1008px) 645px, 100vw\"><img loading=\"lazy\" src=\"http:\/\/nuevacordoba.net\/wp-content\/uploads\/2022\/07\/los-3-paises-de-america-latina-que-han-sufrido-las-peores-devaluaciones-de-su-moneda-este-ano-frente-al-dolar-6.jpg\" alt=\"Mano con d\u00f3lares\" width=\"976\" height=\"549\" class=\"eehpdyc0 bbc-rb7xa0 e11uq3260\"><\/picture><\/noscript><\/p>\n<p role=\"text\" class=\"bbc-1s1cxbv eynndk20\"><span class=\"bbc-1gnhmg2 evnljr50\">Fuente de la imagen, <\/span><span lang=\"en-GB\">Getty Images<\/span><\/p>\n<\/div>\n<\/div>\n<\/div>\n<\/figure>\n<\/div>\n<div dir=\"ltr\" class=\"bbc-19j92fr essoxwk0\" readability=\"11\">\n<p dir=\"ltr\" class=\"bbc-bm53ic e1cc2ql70\">El peso uruguayo repunt\u00f3 desde que el Banco Central de ese pa\u00eds anunci\u00f3 el 17 de mayo que planeaba elevar su tasa de referencia al menos 100 puntos b\u00e1sicos a 10,25% a mediados de agosto, como una de las medidas para contener la inflaci\u00f3n.<\/p>\n<\/div>\n<div dir=\"ltr\" class=\"bbc-19j92fr essoxwk0\" readability=\"11\">\n<p dir=\"ltr\" class=\"bbc-bm53ic e1cc2ql70\">La moneda tambi\u00e9n est\u00e1 recibiendo un impulso por el auge de las exportaciones de productos b\u00e1sicos agr\u00edcolas como la carne de res, la pulpa de madera y la soja, en un contexto de aumento del precio de las materias primas como consecuencia de la invasi\u00f3n rusa a Ucrania.<\/p>\n<\/div>\n<div dir=\"ltr\" class=\"bbc-1ka88fa essoxwk0\">\n<figure class=\"bbc-1qdcvv9 e170cyvj0\">\n<div dir=\"ltr\" class=\"bbc-172p16q essoxwk0\">\n<div dir=\"ltr\" class=\"bbc-189y18v essoxwk0\">\n<div data-e2e=\"image-placeholder\" class=\"bbc-997y1y ezb2r2b0\"><noscript><picture class=\"bbc-yfiktt e11uq3261\"><source srcset=\"http:\/\/nuevacordoba.net\/wp-content\/uploads\/2022\/07\/los-3-paises-de-america-latina-que-han-sufrido-las-peores-devaluaciones-de-su-moneda-este-ano-frente-al-dolar-30.webp 240w, http:\/\/nuevacordoba.net\/wp-content\/uploads\/2022\/07\/los-3-paises-de-america-latina-que-han-sufrido-las-peores-devaluaciones-de-su-moneda-este-ano-frente-al-dolar-31.webp 320w, http:\/\/nuevacordoba.net\/wp-content\/uploads\/2022\/07\/los-3-paises-de-america-latina-que-han-sufrido-las-peores-devaluaciones-de-su-moneda-este-ano-frente-al-dolar-32.webp 464w\" type=\"image\/webp\" sizes=\"(min-width: 1008px) 645px, 100vw\"><source srcset=\"https:\/\/ichef.bbci.co.uk\/news\/240\/cpsprodpb\/17F76\/production\/_123566189_line976.jpg 240w, https:\/\/ichef.bbci.co.uk\/news\/320\/cpsprodpb\/17F76\/production\/_123566189_line976.jpg 320w, https:\/\/ichef.bbci.co.uk\/news\/464\/cpsprodpb\/17F76\/production\/_123566189_line976.jpg 464w\" type=\"image\/jpeg\" sizes=\"(min-width: 1008px) 645px, 100vw\"><img loading=\"lazy\" src=\"http:\/\/nuevacordoba.net\/wp-content\/uploads\/2022\/07\/los-3-paises-de-america-latina-que-han-sufrido-las-peores-devaluaciones-de-su-moneda-este-ano-frente-al-dolar-7.jpg\" alt=\"L\u00ednea\" width=\"464\" height=\"2\" class=\"eehpdyc0 bbc-rb7xa0 e11uq3260\"><\/picture><\/noscript><\/div>\n<\/div>\n<\/div>\n<\/figure>\n<\/div>\n<div dir=\"ltr\" class=\"bbc-19j92fr essoxwk0\" readability=\"8\">\n<p dir=\"ltr\" class=\"bbc-bm53ic e1cc2ql70\"><i class=\"bbc-h1y5j7 ewc4zcb0\">Recuerda que <\/i><i class=\"bbc-h1y5j7 ewc4zcb0\">puedes recibir notificaciones de BBC Mundo. Descarga la nueva versi\u00f3n de nuestra app y act\u00edvalas para no perderte nuestro mejor contenido<\/i>. <\/p>\n<\/div>\n","protected":false},"excerpt":{"rendered":"<p>Cecilia Barr\u00eda BBC News Mundo 5 horas Fuente de la imagen, Getty Images Mientras la incertidumbre sobre el futuro econ\u00f3mico recorre el mundo, el d\u00f3lar sigue ganando terreno frente al resto de las divisas. Y algunas de las mayores econom\u00edas latinoamericanas no son la excepci\u00f3n. Argentina, Chile y Colombia son los tres pa\u00edses que han [&hellip;]<\/p>\n","protected":false},"author":1,"featured_media":21877,"comment_status":"closed","ping_status":"closed","sticky":false,"template":"","format":"standard","meta":[],"categories":[13],"tags":[],"_links":{"self":[{"href":"http:\/\/nuevacordoba.net\/index.php\/wp-json\/wp\/v2\/posts\/21876"}],"collection":[{"href":"http:\/\/nuevacordoba.net\/index.php\/wp-json\/wp\/v2\/posts"}],"about":[{"href":"http:\/\/nuevacordoba.net\/index.php\/wp-json\/wp\/v2\/types\/post"}],"author":[{"embeddable":true,"href":"http:\/\/nuevacordoba.net\/index.php\/wp-json\/wp\/v2\/users\/1"}],"replies":[{"embeddable":true,"href":"http:\/\/nuevacordoba.net\/index.php\/wp-json\/wp\/v2\/comments?post=21876"}],"version-history":[{"count":0,"href":"http:\/\/nuevacordoba.net\/index.php\/wp-json\/wp\/v2\/posts\/21876\/revisions"}],"wp:featuredmedia":[{"embeddable":true,"href":"http:\/\/nuevacordoba.net\/index.php\/wp-json\/wp\/v2\/media\/21877"}],"wp:attachment":[{"href":"http:\/\/nuevacordoba.net\/index.php\/wp-json\/wp\/v2\/media?parent=21876"}],"wp:term":[{"taxonomy":"category","embeddable":true,"href":"http:\/\/nuevacordoba.net\/index.php\/wp-json\/wp\/v2\/categories?post=21876"},{"taxonomy":"post_tag","embeddable":true,"href":"http:\/\/nuevacordoba.net\/index.php\/wp-json\/wp\/v2\/tags?post=21876"}],"curies":[{"name":"wp","href":"https:\/\/api.w.org\/{rel}","templated":true}]}}