{"id":21880,"date":"2022-07-11T13:42:52","date_gmt":"2022-07-11T13:42:52","guid":{"rendered":"http:\/\/cordobanewsnet.wordpress.com\/?p=7068"},"modified":"2022-07-11T13:42:52","modified_gmt":"2022-07-11T13:42:52","slug":"batakis-ratifico-las-metas-del-fmi-y-prometio-no-gastar-mas-de-lo-que-tenemos","status":"publish","type":"post","link":"http:\/\/nuevacordoba.net\/index.php\/2022\/07\/11\/batakis-ratifico-las-metas-del-fmi-y-prometio-no-gastar-mas-de-lo-que-tenemos\/","title":{"rendered":"Batakis ratific\u00f3 las metas del FMI y prometi\u00f3 \u00abno gastar mas de lo que tenemos\u00bb"},"content":{"rendered":"<div><img src=\"http:\/\/nuevacordoba.net\/wp-content\/uploads\/2022\/07\/batakis-ratifico-las-metas-del-fmi-y-prometio-no-gastar-mas-de-lo-que-tenemos.jpg\" class=\"ff-og-image-inserted\"><\/div>\n<p>A una semana de asumir como ministra de Econom\u00eda de la Naci\u00f3n,&nbsp;<strong>Silvina Batakis<\/strong>&nbsp;anunci\u00f3&nbsp;<strong>nuevas medidas econ\u00f3micas&nbsp;<\/strong>que tienen como objetivo \u00abgarantizar el equilibrio fiscal\u00bb. \u00abCreo en el equilibrio fiscal, en la solvencia del Estado como promotor de la actividad econ\u00f3mica y de puestos de trabajo\u00bb, expres\u00f3.<\/p>\n<p>Durante la tarde del domingo, estuvo reunida con el presidente Alberto Fern\u00e1ndez en la Quinta de Olivos. All\u00ed definieron las medidas en medio de la crisis cambiaria, la escasez de productos y la presi\u00f3n inflacionaria.&nbsp;<\/p>\n<p>De esta forma, dio a conocer su primer paquete de medidas desde que lleg\u00f3 al Palacio de Hacienda tras la renuncia de&nbsp;<strong>Mart\u00edn Guzm\u00e1n<\/strong>. Asegur\u00f3 que&nbsp;<strong>mantendr\u00e1 las metas acordadas con el Fondo Monetario Internacional (FMI), que no habr\u00e1 devaluaciones y dej\u00f3 un mensaje de incentivo para el campo<\/strong>.<\/p>\n<p>En el inicio de la conferencia, Batakis sostuvo que \u00abel mundo est\u00e1 en desequilibrio y afecta a Argentina\u00bb. Remarc\u00f3 que trabajaron en los lineamientos&nbsp;del programa econ\u00f3mico y fiscal porque \u00abnecesitamos&nbsp;dar cierto orden y equilibrio a las finanzas p\u00fablicas del Estado Nacional\u00bb. Y prometi\u00f3:&nbsp;<strong>\u00abNo vamos a gastar m\u00e1s de lo que tenemos\u00bb<\/strong>.<\/p>\n<p>En ese sentido, aclar\u00f3 que las cuotas presupuestarias mensuales que el Ministerio de Econom\u00eda otorga a toda la administraci\u00f3n p\u00fablica nacional \u00abvan a ser solamente acorde con la proyecci\u00f3n de caja real\u00bb.&nbsp;<\/p>\n<p>\u00abLa matriz productiva en Argentina est\u00e1 intacta y nosotros queremos mantenerla, sostenerla, complejizarla, hacerla m\u00e1s productiva y generar puestos de trabajo. Queremos exportar m\u00e1s porque entendemos que exportamos trabajo argentino y esa es nuestra consigna, no un modelo especulativo\u00bb, sentenci\u00f3.<\/p>\n<p><strong>Una por una, las medidas econ\u00f3micas<\/strong><\/p>\n<p><strong>Sobre el Fondo Montetario Internacional (FMI)<\/strong><\/p>\n<p>*<strong>Se mantienen las metas acordadas con el FMI<\/strong>. Entendemos que es un acuerdo que firmamos como Estado y debemos cumplir. Queremos insistir en que este acuerdo es la consecuencia de una llegada del FMI a la Argentina en un momento de m\u00e1xima especulaci\u00f3n. La deuda externa en d\u00f3lares es un camino que debemos transitar hacia la sostenibilidad.&nbsp;<\/p>\n<p>*Creaci\u00f3n de un<strong>&nbsp;Comit\u00e9 Asesor de Deuda<\/strong>&nbsp;que eval\u00fae, analice y haga propuestas en materia de deuda soberana en pesos.<\/p>\n<p><strong>Modificaci\u00f3n de la Ley de Administraci\u00f3n Financiera<\/strong><\/p>\n<p>*Todos los organismos del sector p\u00fablico tienen que estar contemplados en el manejo eficiente del presupuesto y de las erogaciones. En ese sentido vamos a incluir todos los efectivos de cada uno de los organismos dentro de la planificaci\u00f3n.<\/p>\n<p>*<strong>Sistema de cuentas \u00fanicas<\/strong>, como sucede en la mayor\u00eda de las provincias argentinas, para garantizar y planificar la utilizaci\u00f3n eficiente de los recursos del Estado.&nbsp;El objetivo es ahorrar 600 millones de pesos.<\/p>\n<p>*Modificaci\u00f3n con la administraci\u00f3n del personal que tiene el sector p\u00fablico y proponemos que ese<strong>&nbsp;congelamiento del personal&nbsp;<\/strong>se ampl\u00ede a todos los organismos del Estado.<\/p>\n<p>*Argentina tiene que transitar por un sendero de<strong>&nbsp;tasas de inter\u00e9s en un camino positivo<\/strong>. Vamos a respetar el cronograma de emisiones que tenemos previstos, fijado desde principios de a\u00f1o, y vamos a ir un terreno de tasas positivas con los instrumentos del sector p\u00fablico nacional.<\/p>\n<p>*Ofrecer\u00e1n otros tipos de instrumentos para quienes quieran invertir en el Estado puedan hacerlo salvaguardando los movimientos del tipo de cambio.<\/p>\n<p><strong>El d\u00f3lar, importaciones y exportaciones<\/strong><\/p>\n<p>*El tipo de cambio multilateral \u00abest\u00e1 en equilibrio, no vemos movimientos especulativos\u00bb.<\/p>\n<p>*<strong>Argentina va a tener una exportaci\u00f3n r\u00e9cord (cosecha) este a\u00f1o<\/strong>&nbsp;y eso est\u00e1 permitiendo sostener el gran incremento en la energ\u00eda a nivel mundial.&nbsp;<\/p>\n<p>*En materia energ\u00e9tica venimos sosteniendo el aumento de la provisi\u00f3n y una buena noticia fue que se&nbsp;<strong>abrieron los sobres de licitaci\u00f3n del primer tramo del gasoducto N\u00e9stor Kirchner<\/strong>. Eso nos permite tener una expectativa de crecimiento mucho m\u00e1s fuerte y revertir importaciones.<\/p>\n<p><strong>Tarifas<\/strong><\/p>\n<p>*El viernes&nbsp;<strong>15 de julio&nbsp;<\/strong>estar\u00e1 listo para toda la poblaci\u00f3n la instrucci\u00f3n del Decreto 332\/2022 que tiene que ver con la<strong>&nbsp;segmentaci\u00f3n de las tarifas<\/strong>para los distintos tipos de poblaci\u00f3n. Se implementar\u00e1 tal cual.<\/p>\n<p><strong>Control de precios<\/strong><\/p>\n<p>*Conformar\u00e1n la<strong>&nbsp;autoridad nacional de defensa de la competencia<\/strong>. Avanzar\u00e1n en su reglamentaci\u00f3n para proponer el concurso de ese tribunal:&nbsp;<strong>\u00abNo podemos permitir abuso de precios<\/strong>. Lo que sucedi\u00f3 esta semana no tiene ninguna explicaci\u00f3n t\u00e9cnica y son especulaciones\u00bb.&nbsp;<\/p>\n<p>*En materia fiscal, migrar\u00e1n el organismo fiscal de evaluaciones inmobiliarias al Ministerio de Econom\u00eda que permita hacer comparables el valor de las&nbsp;<strong>evaluaciones inmobiliarias&nbsp;<\/strong>en todas las provincias y permita \u00abser m\u00e1s justos con cada uno de los contribuyentes\u00bb.<\/p>\n<div id=\"jp-post-flair\" class=\"sharedaddy sd-like-enabled sd-sharing-enabled\">\n<div class=\"sharedaddy sd-sharing-enabled\">\n<div class=\"robots-nocontent sd-block sd-social sd-social-icon-text sd-sharing\">\n<h3 class=\"sd-title\">Share this:<\/h3>\n<\/div>\n<\/div>\n<div class=\"sharedaddy sd-block sd-like jetpack-likes-widget-wrapper jetpack-likes-widget-unloaded\" id=\"like-post-wrapper-143108178-7068-62cc7910567f2\" data-src=\"\/\/widgets.wp.com\/likes\/index.html?ver=20220105#blog_id=143108178&amp;post_id=7068&amp;origin=cordobanewsnet.wordpress.com&amp;obj_id=143108178-7068-62cc7910567f2\" data-name=\"like-post-frame-143108178-7068-62cc7910567f2\" data-title=\"Me gusta o Compartir\">\n<h3 class=\"sd-title\">Me gusta esto:<\/h3>\n<p><span class=\"button\"><span>Me gusta<\/span><\/span> <span class=\"loading\">Cargando&#8230;<\/span><\/p>\n<p><span class=\"sd-text-color\"><\/span><\/div>\n<p><h3 class=\"jp-relatedposts-headline\"><em>Relacionado<\/em><\/h3>\n<\/p>\n<\/div>\n","protected":false},"excerpt":{"rendered":"<p>A una semana de asumir como ministra de Econom\u00eda de la Naci\u00f3n,&nbsp;Silvina Batakis&nbsp;anunci\u00f3&nbsp;nuevas medidas econ\u00f3micas&nbsp;que tienen como objetivo \u00abgarantizar el equilibrio fiscal\u00bb. \u00abCreo en el equilibrio fiscal, en la solvencia del Estado como promotor de la actividad econ\u00f3mica y de puestos de trabajo\u00bb, expres\u00f3. Durante la tarde del domingo, estuvo reunida con el presidente Alberto [&hellip;]<\/p>\n","protected":false},"author":1,"featured_media":21881,"comment_status":"closed","ping_status":"closed","sticky":false,"template":"","format":"standard","meta":[],"categories":[14],"tags":[],"_links":{"self":[{"href":"http:\/\/nuevacordoba.net\/index.php\/wp-json\/wp\/v2\/posts\/21880"}],"collection":[{"href":"http:\/\/nuevacordoba.net\/index.php\/wp-json\/wp\/v2\/posts"}],"about":[{"href":"http:\/\/nuevacordoba.net\/index.php\/wp-json\/wp\/v2\/types\/post"}],"author":[{"embeddable":true,"href":"http:\/\/nuevacordoba.net\/index.php\/wp-json\/wp\/v2\/users\/1"}],"replies":[{"embeddable":true,"href":"http:\/\/nuevacordoba.net\/index.php\/wp-json\/wp\/v2\/comments?post=21880"}],"version-history":[{"count":0,"href":"http:\/\/nuevacordoba.net\/index.php\/wp-json\/wp\/v2\/posts\/21880\/revisions"}],"wp:featuredmedia":[{"embeddable":true,"href":"http:\/\/nuevacordoba.net\/index.php\/wp-json\/wp\/v2\/media\/21881"}],"wp:attachment":[{"href":"http:\/\/nuevacordoba.net\/index.php\/wp-json\/wp\/v2\/media?parent=21880"}],"wp:term":[{"taxonomy":"category","embeddable":true,"href":"http:\/\/nuevacordoba.net\/index.php\/wp-json\/wp\/v2\/categories?post=21880"},{"taxonomy":"post_tag","embeddable":true,"href":"http:\/\/nuevacordoba.net\/index.php\/wp-json\/wp\/v2\/tags?post=21880"}],"curies":[{"name":"wp","href":"https:\/\/api.w.org\/{rel}","templated":true}]}}