{"id":21900,"date":"2022-07-11T23:13:46","date_gmt":"2022-07-11T23:13:46","guid":{"rendered":"https:\/\/prensa.cba.gov.ar\/?p=507002"},"modified":"2022-07-11T23:13:46","modified_gmt":"2022-07-11T23:13:46","slug":"accastello-presento-en-villa-maria-los-detalles-de-oferton-2022","status":"publish","type":"post","link":"http:\/\/nuevacordoba.net\/index.php\/2022\/07\/11\/accastello-presento-en-villa-maria-los-detalles-de-oferton-2022\/","title":{"rendered":"Accastello present\u00f3 en Villa Mar\u00eda los detalles de Ofert\u00d3N 2022"},"content":{"rendered":"<ul>\n<li><strong>El evento de comercio electr\u00f3nico cordob\u00e9s tendr\u00e1 lugar el&nbsp;25, 26 y 27 de julio pr\u00f3ximo.<\/strong><\/li>\n<li><strong>Los consumidores encontrar\u00e1n las ofertas de 600 marcas cordobesas en 13 categor\u00edas.<\/strong><\/li>\n<li><strong>Habr\u00e1 importantes promociones bancarias y de tarjetas de cr\u00e9dito.<\/strong><\/li>\n<\/ul>\n<p>En el inicio de la semana, el ministro de Industria, Comercio y Miner\u00eda, Eduardo Accastello, acompa\u00f1ado por el secretario de Comercio, Juan Pablo Ingleses; present\u00f3 esta tarde en el Centro C\u00edvico de Villa Mar\u00eda; los detalles de la <strong>edici\u00f3n 2022 de Ofert\u00d3N.<\/strong><\/p>\n<p>El evento de <strong>comercio electr\u00f3nico<\/strong> del Gobierno de C\u00f3rdoba, para la <strong>venta online<\/strong>&nbsp; en todo el pa\u00eds, de productos de comercios y empresas cordobesas, que tendr\u00e1 lugar los d\u00edas <strong>25, 26 y 27 de julio<\/strong> pr\u00f3ximos a trav\u00e9s del sitio <strong>sitio web <a href=\"https:\/\/oferton.cba.gov.ar\/\" target=\"_blank\" rel=\"noreferrer noopener\">oferton.cba.gov.ar<\/a>.<\/strong><\/p>\n<p><strong>Participan <\/strong><strong>600 marcas cordobesas<\/strong> que durante los <strong>tres d\u00edas<\/strong>, ofrecer\u00e1n sus productos en las <strong>13 categor\u00edas<\/strong>: Electro y Tecnolog\u00eda, Muebles, Hogar y Deco, Indumentaria y Calzado, Deportes y Fitness<strong>, <\/strong>Viajes y Turismo<strong>, <\/strong>Automotriz<strong>, <\/strong>Beb\u00e9s y Ni\u00f1os<strong>, <\/strong>Mascotas<strong>, <\/strong>Cosm\u00e9tica, Belleza y Accesorios<strong>, <\/strong>Herramientas y Art\u00edculos de Construcci\u00f3n<strong>, <\/strong>Alimentos y Bebidas<strong>, <\/strong>Entretenimiento<strong> y <\/strong>Varios.<strong><\/strong><\/p>\n<p>La novedad de esta edici\u00f3n 2022, es que cada marca sumar\u00e1 <strong>cinco (5) \u201cS\u00faper Ofertas Especiales\u201d <\/strong>al resto de las quepodr\u00e1n ofrecer.<\/p>\n<p>En la oportunidad, el ministro Accastello, explic\u00f3 que Ofert\u00d3N es una iniciativa p\u00fablica privada que tuvo su origen en la inquietud de los comerciantes cordobeses que ante la situaci\u00f3n de pandemia plantearon complementar sus comercios f\u00edsicos con el comercio electr\u00f3nico. <strong><em>\u201cPara nosotros es muy importante que los productos cordobeses se vendan en todo el pa\u00eds, el a\u00f1o pasado llegamos a 18 provincias, porque de esta manera se fortalece la competitividad de los&nbsp; comercios y se genera m\u00e1s empleo genuino\u201d, <\/em><\/strong>manifest\u00f3.<\/p>\n<figure class=\"wp-block-gallery columns-1 is-cropped\">\n<ul class=\"blocks-gallery-grid\">\n<li class=\"blocks-gallery-item\">\n<figure><img loading=\"lazy\" width=\"990\" height=\"660\" src=\"http:\/\/nuevacordoba.net\/wp-content\/uploads\/2022\/07\/accastello-presento-en-villa-maria-los-detalles-de-oferton-2022.jpg\" alt data-id=\"507005\" data-link=\"https:\/\/prensa.cba.gov.ar\/?attachment_id=507005\" class=\"wp-image-507005\"><\/figure>\n<\/li>\n<\/ul>\n<\/figure>\n<p><strong><em>\u201cLa virtuosidad del Modelo C\u00f3rdoba est\u00e1 en trabajar juntos para encontrar las soluciones a las inquietudes que tienen las&nbsp; PyMEs y los emprendedores de C\u00f3rdoba, que no bajan los brazos ante las dificultades\u201d, <\/em><\/strong>indic\u00f3 el Ministro<\/p>\n<p>Luego, Accastello resalt\u00f3 el trabajo que se realiz\u00f3 para fomentar a trav\u00e9s de <strong>Tiend\u00f3n <\/strong>a que aquellos comercios que no contaban con su sitio web, pudieran tenerlo de forma gratuita, y as\u00ed acceder a la posibilidad de avanzar en el comercio electr\u00f3nico. Tambi\u00e9n, mencion\u00f3 la realizaci\u00f3n de mentoreo y capacitaciones.<\/p>\n<p>El Secretario de Comercio brind\u00f3 detalles acerca de los acuerdos con las entidades bancarias y las tarjetas de cr\u00e9ditos que estar\u00e1n ofreciendo cuotas y descuentos durante las tres jornadas, como as\u00ed tambi\u00e9n, se refiri\u00f3 a los acuerdos con las empresas de log\u00edstica y asever\u00f3 que <strong><em>\u201cen cada edici\u00f3n, Ofert\u00d3N va mejorando y ofreciendo novedades\u201d.<\/em><\/strong><\/p>\n<p>En cuanto a Tiend\u00f3n, Juan Pablo Inglese dijo hay m\u00e1s de 1.500 emprendimientos comerciales que ya se han digitalizado en la Provincia y que en este sentido, Villa Mar\u00eda hace punta como una de las ciudades del interior qu\u00e9 m\u00e1s se est\u00e1 digitalizando.<\/p>\n<p><strong><u>Promociones bancarias y de tarjeta de cr\u00e9dito durante los tres d\u00edas:<\/u><\/strong><\/p>\n<ul>\n<li><strong>Banco Santander<\/strong>:<\/li>\n<\/ul>\n<p>&nbsp;&nbsp;&nbsp;&nbsp; Ofrecen <strong>seis (6) cuotas sin inter\u00e9s<\/strong> a clientes Santander que procesen sus ventas a trav\u00e9s de links de Pago Getnet.<\/p>\n<p>&nbsp;&nbsp;&nbsp;&nbsp; En caso de necesitar solicitar el alta deben contactarse a nuevapyme@santander.com.ar<\/p>\n<p>&nbsp;&nbsp;&nbsp;&nbsp; Ofrecen <strong>30% de ahorro<\/strong>&nbsp;para las compras online que realicen los clientes de cordobesa cr\u00e9dito en los comercios adheridos a Ofert\u00f3n con un tope de ahorro por cliente de $2.000.<\/p>\n<ul>\n<li><strong>Cordobesa:<\/strong> Ofrecen <strong>cuatro (4) cuotas fijas<\/strong> en comercios del rubro alimentos y farmacias y <strong>12, 20 y 24 cuotas fijas<\/strong> en electro, construcci\u00f3n, equipos de GNC, muebler\u00eda, piletas, neum\u00e1ticos y perfumer\u00edas.<\/li>\n<\/ul>\n<ul>\n<li><strong>NaranjaX:<\/strong> Ofrecen <strong>cuatro (4) y nueve (9) cuotas sin inter\u00e9s<\/strong> para el cliente NaranjaX, con tasas preferenciales a los comercios, quienes negociar\u00e1n con NaranjaX estas promociones.<\/li>\n<li><strong>GoCuotas:<\/strong> Ofrecen <strong>dos (2), tres (3) y cuatro (4) cuotas<\/strong> con tarjeta de d\u00e9bito, a una tasa preferencial para los comercios, a 7,5% + IVA.<\/li>\n<\/ul>\n<p>&nbsp;&nbsp;&nbsp; Los interesados, deber\u00e1n contactarse a <a href=\"mailto:mariano@gocuotas.com\">mariano@gocuotas.com<\/a><\/p>\n<ul>\n<li><strong>Mobbex:<\/strong> Ofrecen <strong>un descuento del 42%<\/strong> en su tarifa de servicios durante el mes de julio. A trav\u00e9s de ellos se accede a las promociones de Bancor.<\/li>\n<\/ul>\n<p>El contacto es: <a href=\"mailto:comercial@mobbex.com\">comercial@mobbex.com<\/a><\/p>\n<h3><strong><u>Empresas de log\u00edstica que participan:<\/u><\/strong><\/h3>\n<p><strong>Andreani, OCA, Correo Argentino y E-Pick, <\/strong>a trav\u00e9s deacuerdos log\u00edsticos con las marcas participantes har\u00e1n m\u00e1s competitivo el env\u00edo de paqueter\u00eda a todos los destinos del pa\u00eds.<\/p>\n<p>Tambi\u00e9n estuvieron presentes, el subsecretario PyME, \u00c1ngel Quaglia; la legisladora Provincial, Liliana Abraham, el Concejal de Villa Mar\u00eda, Juan Carlos Cladera; el Gerente del Banco de C\u00f3rdoba Villa Mar\u00eda, C\u00e9sar Baldassa; la Presidenta de la C\u00e1mara de Comercio de AERCA, Laura Varetto;&nbsp; la Presidenta del Centro Comercial de Villa Nueva, Marcela Soliani; el Presidente de ACOVIM, Roberto Salomon; Emprendedores y comerciantes.<\/p>\n","protected":false},"excerpt":{"rendered":"<p>El evento de comercio electr\u00f3nico cordob\u00e9s tendr\u00e1 lugar el&nbsp;25, 26 y 27 de julio pr\u00f3ximo. Los consumidores encontrar\u00e1n las ofertas de 600 marcas cordobesas en 13 categor\u00edas. Habr\u00e1 importantes promociones bancarias y de tarjetas de cr\u00e9dito. En el inicio de la semana, el ministro de Industria, Comercio y Miner\u00eda, Eduardo Accastello, acompa\u00f1ado por el secretario [&hellip;]<\/p>\n","protected":false},"author":1,"featured_media":21901,"comment_status":"closed","ping_status":"closed","sticky":false,"template":"","format":"standard","meta":[],"categories":[14],"tags":[],"_links":{"self":[{"href":"http:\/\/nuevacordoba.net\/index.php\/wp-json\/wp\/v2\/posts\/21900"}],"collection":[{"href":"http:\/\/nuevacordoba.net\/index.php\/wp-json\/wp\/v2\/posts"}],"about":[{"href":"http:\/\/nuevacordoba.net\/index.php\/wp-json\/wp\/v2\/types\/post"}],"author":[{"embeddable":true,"href":"http:\/\/nuevacordoba.net\/index.php\/wp-json\/wp\/v2\/users\/1"}],"replies":[{"embeddable":true,"href":"http:\/\/nuevacordoba.net\/index.php\/wp-json\/wp\/v2\/comments?post=21900"}],"version-history":[{"count":0,"href":"http:\/\/nuevacordoba.net\/index.php\/wp-json\/wp\/v2\/posts\/21900\/revisions"}],"wp:featuredmedia":[{"embeddable":true,"href":"http:\/\/nuevacordoba.net\/index.php\/wp-json\/wp\/v2\/media\/21901"}],"wp:attachment":[{"href":"http:\/\/nuevacordoba.net\/index.php\/wp-json\/wp\/v2\/media?parent=21900"}],"wp:term":[{"taxonomy":"category","embeddable":true,"href":"http:\/\/nuevacordoba.net\/index.php\/wp-json\/wp\/v2\/categories?post=21900"},{"taxonomy":"post_tag","embeddable":true,"href":"http:\/\/nuevacordoba.net\/index.php\/wp-json\/wp\/v2\/tags?post=21900"}],"curies":[{"name":"wp","href":"https:\/\/api.w.org\/{rel}","templated":true}]}}