{"id":21910,"date":"2022-07-11T15:24:23","date_gmt":"2022-07-11T15:24:23","guid":{"rendered":"https:\/\/www.ole.com.ar\/fuera-de-juego\/acoso-mujeres-tribunas-gp-austria_0_WVwg8IeF6u.html"},"modified":"2022-07-11T15:24:23","modified_gmt":"2022-07-11T15:24:23","slug":"denuncian-acoso-a-mujeres-en-las-tribunas-del-gp-de-austria","status":"publish","type":"post","link":"http:\/\/nuevacordoba.net\/index.php\/2022\/07\/11\/denuncian-acoso-a-mujeres-en-las-tribunas-del-gp-de-austria\/","title":{"rendered":"Denuncian acoso a mujeres en las tribunas del GP de Austria"},"content":{"rendered":"<p>El equipo de<a alt=\"red-bull\" class=\"slug\" href=\"https:\/\/www.ole.com.ar\/tema\/red-bull.html\" target=\"_blank\" title=\"red-bull\" rel=\"noopener\"> Red Bull<\/a> fue el encargado de denunciar este domingo que en las tribunas del <a alt=\"gran-premio-de-austria\" class=\"slug\" href=\"https:\/\/www.ole.com.ar\/tema\/gran-premio-de-austria.html\" target=\"_blank\" title=\"gran-premio-de-austria\" rel=\"noopener\">Gran Premio de Austria<\/a><strong>hubo&nbsp;acoso a mujeres as\u00ed como tambi\u00e9n episodios de insultos racistas y homof\u00f3bicos<\/strong> por parte de los espectadores, por lo que decidi\u00f3 hacerlo p\u00fablico y pidi\u00f3 medidas a las autoridades del evento.<\/p>\n<div class=\"sp__Normal\">\n<div class=\"image-embeb image-trigger\" readability=\"6\">\n<picture><source media=\"(min-width: 720px)\" srcset=\"http:\/\/nuevacordoba.net\/wp-content\/uploads\/2022\/07\/denuncian-acoso-a-mujeres-en-las-tribunas-del-gp-de-austria.jpg\"><img itemprop=\"image\" src=\"http:\/\/nuevacordoba.net\/wp-content\/uploads\/2022\/07\/denuncian-acoso-a-mujeres-en-las-tribunas-del-gp-de-austria.jpg\" loading=\"lazy\" alt=\"El comunicado oficial de Red Bull.\">\n<\/picture><figcaption readability=\"2\">\n<p>El comunicado oficial de Red Bull.\n<\/p>\n<\/figcaption><\/div>\n<\/div>\n<div class=\"sp__SM\">\n<div class=\"content-new \">\n<span class=\"tit-mobile\">Mir\u00e1 tambi\u00e9n<\/span><\/p>\n<div class=\"mg\">\n<div class=\"wrap-figure\">\n<picture>\n<a href=\"https:\/\/www.ole.com.ar\/tenis\/roger-federer-ranking-atp-caida_0_vP5P8DbXSY.html\" target=\"_self\" rel=\"noopener\"><br \/>\n<img class=\"img-responsive\" alt=\"Hist\u00f3rico: tras m\u00e1s de 9000 d\u00edas, Federer se qued\u00f3 sin ranking\" src=\"http:\/\/nuevacordoba.net\/wp-content\/uploads\/2022\/07\/denuncian-acoso-a-mujeres-en-las-tribunas-del-gp-de-austria-1.jpg\" loading=\"lazy\"><br \/>\n<\/a>\n<\/picture>\n<\/div>\n<\/div><\/div>\n<\/div>\n<p>\u201cAunque todos apreciamos el apoyo apasionado de la mayor\u00eda de los fan\u00e1ticos en Spielberg este fin de semana, nos sorprende escuchar que<strong> ha habido incidentes de comportamiento completamente inaceptable en las tribunas y espacios p\u00fablicos\u201d<\/strong>, dice el comunicado emitido por Red Bull.<\/p>\n<div class=\"sp__SM\">\n<div class=\"content-new \">\n<span class=\"tit-mobile\">Mir\u00e1 tambi\u00e9n<\/span><\/p>\n<div class=\"mg\">\n<div class=\"wrap-figure\">\n<picture>\n<a href=\"https:\/\/www.ole.com.ar\/tenis\/kyrgios-17-mil-dolares-multa-wimbledon_0_JFhnbBLnBI.html\" target=\"_self\" rel=\"noopener\"><br \/>\n<img class=\"img-responsive\" alt=\"\u00bfPor qu\u00e9 Kyrgios tiene que pagar 17 mil d\u00f3lares despu\u00e9s de perder la final de Wimbledon?\" src=\"http:\/\/nuevacordoba.net\/wp-content\/uploads\/2022\/07\/denuncian-acoso-a-mujeres-en-las-tribunas-del-gp-de-austria-2.jpg\" loading=\"lazy\"><br \/>\n<\/a>\n<\/picture>\n<\/div>\n<\/div><\/div>\n<\/div>\n<p>No es la primera vez que se denuncia este tipo de situaciones. Incluso Lewis Hamilton&nbsp;ya lo hab\u00eda hecho y se hab\u00eda mostrado disgustado con los organizadores quienes aseguraron tomar medidas al respecto y calificaron lo sucedido como<strong> \u00abcomportamiento inaceptable\u00bb<\/strong>.<\/p>\n<div class=\"sp__SM\">\n<div class=\"content-new \">\n<span class=\"tit-mobile\">Mir\u00e1 tambi\u00e9n<\/span><\/p>\n<div class=\"mg\">\n<div class=\"wrap-figure\">\n<picture>\n<a href=\"https:\/\/www.ole.com.ar\/hockey\/leonas-mundial-rival-inglaterra_0_l01Qo9Tm5p.html\" target=\"_self\" rel=\"noopener\"><br \/>\n<img class=\"img-responsive\" alt=\"Las Leonas, con camino confirmado hasta la final\" src=\"http:\/\/nuevacordoba.net\/wp-content\/uploads\/2022\/07\/denuncian-acoso-a-mujeres-en-las-tribunas-del-gp-de-austria-3.jpg\" loading=\"lazy\"><br \/>\n<\/a>\n<\/picture>\n<\/div>\n<\/div><\/div>\n<\/div>\n<p>\u201c<strong>Esperamos que la seguridad y las autoridades aborden esto r\u00e1pidamente. <\/strong>No hay lugar para eso en las carreras o en la sociedad en general. Valoramos la inclusi\u00f3n y queremos un lugar seguro para que los aficionados disfruten de nuestro deporte\u201d, agrega el comunicado de Red Bull.<\/p>\n<div class=\"sp__SM\">\n<div class=\"content-new \">\n<span class=\"tit-mobile\">Mir\u00e1 tambi\u00e9n<\/span><\/p>\n<div class=\"mg\">\n<div class=\"wrap-figure\">\n<picture>\n<a href=\"https:\/\/www.ole.com.ar\/tenis\/djokovic-campeon-wimbledon-pierde-2000-puntos-septimo-ranking_0_XOCL3L43iu.html\" target=\"_self\" rel=\"noopener\"><br \/>\n<img class=\"img-responsive\" alt=\"Djokovic, el karma del campe\u00f3n de Wimbledon: pierde puntos y cae al s\u00e9ptimo puesto del ranking\" src=\"http:\/\/nuevacordoba.net\/wp-content\/uploads\/2022\/07\/denuncian-acoso-a-mujeres-en-las-tribunas-del-gp-de-austria-4.jpg\" loading=\"lazy\"><br \/>\n<\/a>\n<\/picture>\n<\/div>\n<\/div><\/div>\n<\/div>\n<p>Asimismo, las propias mujeres que han sufrido estos acosos se manifestaron en las redes sociales y compartieron lo incomodas que se sintieron durante el evento mientras se encontraban en las gradas.&nbsp;\u201cEl comportamiento ha sido tan\u2026 Decepcionante. <strong>Mis expectativas ya no eran muy buenas, pero vaya, racismo, insultos, acoso\u2026 La lista sigue&#8230;\u201d<\/strong>, escribi\u00f3, por ejemplo, una fan en Twitter.<\/p>\n<div class=\"sp__SM\">\n<div class=\"content-new \">\n<span class=\"tit-mobile\">Mir\u00e1 tambi\u00e9n<\/span><\/p>\n<div class=\"mg\">\n<div class=\"wrap-figure\"> <picture>\n<a href=\"https:\/\/www.ole.com.ar\/poli\/agustina-gorzelany-mundial-leonas_0_bzZT4VNijX.html\" target=\"_self\" rel=\"noopener\"><br \/>\n<img class=\"img-responsive\" alt=\"Gorzelany: &quot;Meter seis goles en mi primer Mundial es una locura&quot;\" src=\"http:\/\/nuevacordoba.net\/wp-content\/uploads\/2022\/07\/denuncian-acoso-a-mujeres-en-las-tribunas-del-gp-de-austria-5.jpg\" loading=\"lazy\"><br \/>\n<\/a>\n<\/picture>\n<\/div>\n<\/div><\/div>\n<\/div>\n<p>\u201cTambi\u00e9n puedo decir que es horrible.<strong> No ha pasado ni hora y media desde que llegu\u00e9, por la ma\u00f1ana, y ya he recibido comentarios mis\u00f3ginos.<\/strong> Luego se fue cuesta abajo, tocamientos inapropiados y otros comentarios\u201d, escribi\u00f3 otra mujer.<\/p>\n<div class=\"sp__SM\">\n<div class=\"content-new \">\n<span class=\"tit-mobile\">Mir\u00e1 tambi\u00e9n<\/span><\/p>\n<div class=\"mg\">\n<div class=\"wrap-figure\">\n<picture>\n<a href=\"https:\/\/www.ole.com.ar\/voley\/argentina-unidos-nations-league_0_iIFsmI26H9.html\" target=\"_self\" rel=\"noopener\"><br \/>\n<img class=\"img-responsive\" alt=\"Argentina perdi\u00f3 con Estados Unidos y no pudo meterse en el Final Eight\" src=\"http:\/\/nuevacordoba.net\/wp-content\/uploads\/2022\/07\/denuncian-acoso-a-mujeres-en-las-tribunas-del-gp-de-austria-6.jpg\" loading=\"lazy\"><br \/>\n<\/a>\n<\/picture>\n<\/div>\n<\/div><\/div>\n<\/div>\n<p>Tambi\u00e9n,&nbsp; una cuenta de Instagram fan&nbsp;de Hamilton llamada&nbsp;Team LH Holanda&nbsp;comparti\u00f3 la situaci\u00f3n que vivi\u00f3 una fan\u00e1tica&nbsp;presente en el Red Bull Ring: \u201cLo sent\u00ed, como fan\u00e1tico de Hamilton en medio del ej\u00e9rcito naranja. <strong>Un&nbsp;grupo de cinco fan\u00e1ticos holandeses de Max me levantaron el vestido<\/strong> y cuando los confront\u00e9 dijeron que los fan\u00e1ticos de Hamilton no merec\u00edan ning\u00fan respeto\u00bb.<\/p>\n<div class=\"sp__Normal\">\n<div class=\"image-embeb image-trigger\" readability=\"6\">\n<picture><source media=\"(min-width: 720px)\" srcset=\"http:\/\/nuevacordoba.net\/wp-content\/uploads\/2022\/07\/denuncian-acoso-a-mujeres-en-las-tribunas-del-gp-de-austria-7.jpg\"><img itemprop=\"image\" src=\"http:\/\/nuevacordoba.net\/wp-content\/uploads\/2022\/07\/denuncian-acoso-a-mujeres-en-las-tribunas-del-gp-de-austria-7.jpg\" loading=\"lazy\" alt=\"Historia que comparti\u00f3 la cuenta holandesa fan de Hamilton.\">\n<\/picture><figcaption readability=\"2\">\n<p>Historia que comparti\u00f3 la cuenta holandesa fan de Hamilton.\n<\/p>\n<\/figcaption><\/div>\n<\/div>\n<div class=\"sp__SM\">\n<div class=\"content-new \">\n<span class=\"tit-mobile\">Mir\u00e1 tambi\u00e9n<\/span><\/p>\n<div class=\"mg\">\n<div class=\"wrap-figure\">\n<picture>\n<a href=\"https:\/\/www.ole.com.ar\/padel\/world-padel-tour-final-open-valencia_0_JvCKZQo7XG.html\" target=\"_self\" rel=\"noopener\"><br \/>\n<img class=\"img-responsive\" alt=\"Tapia y Guti\u00e9rrez se sacan la espina de Toulouse: campeones en Valencia ante los N\u00b01\" src=\"http:\/\/nuevacordoba.net\/wp-content\/uploads\/2022\/07\/denuncian-acoso-a-mujeres-en-las-tribunas-del-gp-de-austria-8.jpg\" loading=\"lazy\"><br \/>\n<\/a>\n<\/picture>\n<\/div>\n<\/div><\/div>\n<\/div>\n<p><strong>El acoso en mujeres como la discriminaci\u00f3n existe&nbsp;en el mundo del deporte y es cada vez peor,<\/strong> no solo en las tribunas sino tambi\u00e9n dentro del campo de juego. Es por eso&nbsp;que, muchas&nbsp;veces, son los propios protagonistas que le piden a las autoridades de los eventos deportivos que tomen las medidas necesarias para que estas situaciones no vuelvan a suceder&nbsp;y sea una forma de buen aprendizaje social.<\/p>\n<div class=\"sp__SM\">\n<div class=\"content-new \">\n<span class=\"tit-mobile\">Mir\u00e1 tambi\u00e9n<\/span><\/p>\n<div class=\"mg\">\n<div class=\"wrap-figure\">\n<picture>\n<a href=\"https:\/\/www.ole.com.ar\/tenis\/gusti-fernandez-wimbledon-dobles_0_7KhuEoRuQ8.html\" target=\"_self\" rel=\"noopener\"><br \/>\n<img class=\"img-responsive\" alt=\"Gusti Fern\u00e1ndez se consagr\u00f3 campe\u00f3n de dobles en Wimbledon\" src=\"http:\/\/nuevacordoba.net\/wp-content\/uploads\/2022\/07\/denuncian-acoso-a-mujeres-en-las-tribunas-del-gp-de-austria-9.jpg\" loading=\"lazy\"><br \/>\n<\/a>\n<\/picture>\n<\/div>\n<\/div><\/div>\n<\/div>\n<div class=\"entry-tags\">\n<h2>TEMAS QUE APARECEN EN ESTA NOTA<\/h2>\n<\/p><\/div>\n","protected":false},"excerpt":{"rendered":"<p>El equipo de Red Bull fue el encargado de denunciar este domingo que en las tribunas del Gran Premio de Austriahubo&nbsp;acoso a mujeres as\u00ed como tambi\u00e9n episodios de insultos racistas y homof\u00f3bicos por parte de los espectadores, por lo que decidi\u00f3 hacerlo p\u00fablico y pidi\u00f3 medidas a las autoridades del evento. El comunicado oficial de [&hellip;]<\/p>\n","protected":false},"author":1,"featured_media":21911,"comment_status":"closed","ping_status":"closed","sticky":false,"template":"","format":"standard","meta":[],"categories":[10],"tags":[],"_links":{"self":[{"href":"http:\/\/nuevacordoba.net\/index.php\/wp-json\/wp\/v2\/posts\/21910"}],"collection":[{"href":"http:\/\/nuevacordoba.net\/index.php\/wp-json\/wp\/v2\/posts"}],"about":[{"href":"http:\/\/nuevacordoba.net\/index.php\/wp-json\/wp\/v2\/types\/post"}],"author":[{"embeddable":true,"href":"http:\/\/nuevacordoba.net\/index.php\/wp-json\/wp\/v2\/users\/1"}],"replies":[{"embeddable":true,"href":"http:\/\/nuevacordoba.net\/index.php\/wp-json\/wp\/v2\/comments?post=21910"}],"version-history":[{"count":0,"href":"http:\/\/nuevacordoba.net\/index.php\/wp-json\/wp\/v2\/posts\/21910\/revisions"}],"wp:featuredmedia":[{"embeddable":true,"href":"http:\/\/nuevacordoba.net\/index.php\/wp-json\/wp\/v2\/media\/21911"}],"wp:attachment":[{"href":"http:\/\/nuevacordoba.net\/index.php\/wp-json\/wp\/v2\/media?parent=21910"}],"wp:term":[{"taxonomy":"category","embeddable":true,"href":"http:\/\/nuevacordoba.net\/index.php\/wp-json\/wp\/v2\/categories?post=21910"},{"taxonomy":"post_tag","embeddable":true,"href":"http:\/\/nuevacordoba.net\/index.php\/wp-json\/wp\/v2\/tags?post=21910"}],"curies":[{"name":"wp","href":"https:\/\/api.w.org\/{rel}","templated":true}]}}