{"id":2192,"date":"2021-03-18T20:53:26","date_gmt":"2021-03-18T20:53:26","guid":{"rendered":"http:\/\/nuevacordoba.net\/index.php\/2021\/03\/18\/el-mono-burgos-sorprendido-con-newells-solo-piensa-en-union\/"},"modified":"2021-03-18T20:53:26","modified_gmt":"2021-03-18T20:53:26","slug":"el-mono-burgos-sorprendido-con-newells-solo-piensa-en-union","status":"publish","type":"post","link":"http:\/\/nuevacordoba.net\/index.php\/2021\/03\/18\/el-mono-burgos-sorprendido-con-newells-solo-piensa-en-union\/","title":{"rendered":"El \u00abMono\u00bb Burgos, sorprendido con Newell&#8217;s, solo piensa en Uni\u00f3n"},"content":{"rendered":"<p>Germ\u00e1n Adri\u00e1n Ram\u00f3n Burgos, o \u00abEl Mono\u00bb, ex colaborador de Diego Simeone en el Atl\u00e9tico de Madrid, alab\u00f3 la historia de Newell&#8217;s Old Boys de Rosario, su nuevo desaf\u00edo como entrenador principal, y se sorprendi\u00f3 con la infraestructura del club, al asegurar: \u00abEsto es Europa\u00bb.<\/p>\n<p>El exarquero se convenci\u00f3 en aceptar la propuesta de Newell&#8217;s despu\u00e9s de \u00abinvestigar\u00bb el plantel disponible y se comprometi\u00f3 a \u00abayudar a los jugadores a salir de la situaci\u00f3n actual\u00bb, que tiene al equipo en el pen\u00faltimo puesto de la Zona 2 de la Copa de la Liga Profesional.<\/p>\n<p>De su primer contacto con los futbolistas cont\u00f3: \u00abLes recalqu\u00e9 que tenemos que jugar todos los partidos como finales, que tenemos que tener la impronta para jugar este tipo finales\u00bb.<\/p>\n<p>Newell&#8217;s, que arrastra una campa\u00f1a de un empate y cuatro derrotas en el torneo, recibir\u00e1 ma\u00f1ana a las 19 a Uni\u00f3n de Santa Fe en el partido que marcar\u00e1 el debut de Burgos como DT en el f\u00fatbol argentino.<\/p>\n<p><iframe width=\"560\" height=\"315\" src=\"https:\/\/www.youtube.com\/embed\/CP9atvr7cd8\" frameborder=\"0\" allow=\"accelerometer; autoplay; clipboard-write; encrypted-media; gyroscope; picture-in-picture\" allowfullscreen>[embedded content]<\/iframe><\/p>\n<p>El \u00abMono, de 51 a\u00f1os, tuvo una experiencia en el club amateur de Espa\u00f1a, el Carabanchel, durante 2010 antes de incorporarse al equipo de trabajo de Simeone en el Atl\u00e9tico.<\/p>\n<p>Enfundado en un conjunto negro del club, con anteojos de sol y un barbijo negro, el \u00abMono\u00bb Burgos demor\u00f3 40 minutos en comenzar su presentaci\u00f3n en Newell&#8217;s, realizada con una conferencia de prensa presencial -y v\u00eda Zoom para cuatro cronistas espa\u00f1oles-, al aire libre, en el Centro de Entrenamiento Jorge Griffa, del barrio Bella Vista, en la zona sudoeste de la ciudad santafesina de Rosario.<\/p>\n<p>Consultado sobre el estilo de juego que tendr\u00e1 el equipo, el marplatense respondi\u00f3 con una de sus frases cortantes: \u00abVos a utilizar dos sistemas de juego. Sac\u00e1 tus conclusiones\u00bb.<\/p>\n<p>Con relaci\u00f3n a su an\u00e1lisis del equipo, opin\u00f3: \u00abEstaba muy largo y muy ancho, hab\u00eda que trabajar r\u00e1pidamente para implementar un sistema t\u00e1ctico que nos permita competir ma\u00f1ana contra Uni\u00f3n, uno de los mejores equipos de la zona\u00bb.<\/p>\n<p>Interrogado sobre el momento y los motivos que lo llevaron a aceptar el desaf\u00edo de dirigir al equipo, Burgos sostuvo: \u00abEl momento fue cuando me llam\u00f3 la gente del club, desde ah\u00ed empec\u00e9 a investigar: es un equipo grande, que ha hecho un esfuerzo enorme y se ha saneado, y por la historia de Bielsa, Martino, Gallego y de jugadores como Maradona y Messi\u00bb.<\/p>\n<p>\u00abC\u00f3mo son las cosas -se sorprendi\u00f3-: yo debut\u00e9 como jugador en esta cancha, con Ferro, y ese d\u00eda perdimos pero nos salvamos del descenso. Se cierra un c\u00edrculo y se abre otro\u00bb.<\/p>\n<p>En este sentido, el exarquero de Ferro, River, Mallorca, Atl\u00e9tico de Madrid y la selecci\u00f3n nacional abund\u00f3: \u00abSoy un apasionado del f\u00fatbol, de la t\u00e1ctica y la estrategia, y cuando empezamos a hablar con los directivos vi que esto fue parte de la decisi\u00f3n: esta villa ol\u00edmpica (por el Complejo de Bella Vista) es europea. Esto es Europa. Y despu\u00e9s, los jugadores. Ten\u00eda que venir a ayudarlos a salir de una situaci\u00f3n que estaba siendo complicada\u00bb.<\/p>\n<p>Con relaci\u00f3n al estilo Simeone, con quien trabaj\u00f3 nueve a\u00f1os en Atl\u00e9tico de Madrid, Burgos respondi\u00f3: \u00abLos estilos en el papel son v\u00e1lidos y muchos, que uno estudia y aprende. Cuando hicimos el curso de entrenador vimos que el papel aguanta todo, pero despu\u00e9s te ten\u00e9s que centrar en el equipo. Uno no piensa en el entrenador, siempre est\u00e1 el equipo\u00bb.<\/p>\n<p>En cuanto a la influencia de las elecciones en Newell&#8217;s del 25 de abril, Burgos expres\u00f3: \u00abSoy un hombre de empresa y no me va a cambiar nada. Me cargo todo el peso del equipo y voy a seguir adelante\u00bb.<\/p>\n<div class=\"image\" id=\"image\" readability=\"7\"> <img src=\"http:\/\/nuevacordoba.net\/wp-content\/uploads\/2021\/03\/el-mono-burgos-sorprendido-con-newells-solo-piensa-en-union.jpg\" alt=\"Burgos y la camiseta de la &quot;Lepra&quot;: Ser\u00e1 su debut como entrenador principal en la Argentina\" title=\"Burgos y la camiseta de la &quot;Lepra&quot;: Ser\u00e1 su debut como entrenador principal en la Argentina\"><\/p>\n<p>Burgos y la camiseta de la \u00abLepra\u00bb: Ser\u00e1 su debut como entrenador principal en la Argentina<\/p>\n<\/div>\n<p>\u00abEstuvimos hablando con los jugadores de la tercera y con el t\u00e9cnico de la cuarta, y les dijimos que est\u00e9n cerca nuestro, si quieren mirar entrenamientos o hablar con nosotros somos un cuerpo t\u00e9cnico muy abierto y necesitamos de todos. Necesitamos recuperar esto de sacar jugadores de inferiores que Newell`s tuvo mucho tiempo, como el equipo que sali\u00f3 campe\u00f3n con casi todos jugadores del club\u00bb, postul\u00f3.<\/p>\n<p>Preguntado sobre la posici\u00f3n en la que jugar\u00e1 \u00abMaxi\u00bb Rodr\u00edguez, Burgos cont\u00f3: \u00abCuando lo enfrentaba no me gustaba que estuviera dentro de la cancha. &#8216;Maxi&#8217; es un todoterreno, entiende todo, es muy inteligente y nos va a ayudar. Es un referente y lo valoro, a \u00e9l y a los otros jugadores\u00bb.<\/p>\n<p>Un periodista espa\u00f1ol lo interrog\u00f3 sobre Atl\u00e9tico de Madrid y Burgos respondi\u00f3: \u00abAtl\u00e9tico es mi casa y alg\u00fan d\u00eda voy a volver, no s\u00e9 cu\u00e1ndo\u00bb.<\/p>\n<p>Finalmente, consultado sobre su relaci\u00f3n con el director t\u00e9cnico de Central, el \u00abKily\u00bb Gonz\u00e1lez, con quien jugaron muchos a\u00f1os en la selecci\u00f3n y se enfrentar\u00e1n en el cl\u00e1sico rosarino del domingo 2 de mayo, el \u00abMono\u00bb volvi\u00f3 a elegir una respuesta lac\u00f3nica: \u00abEl &#8216;Kily&#8217; es mi amigo pero hoy estoy pensando en Uni\u00f3n\u00bb.<\/p>\n","protected":false},"excerpt":{"rendered":"<p>Germ\u00e1n Adri\u00e1n Ram\u00f3n Burgos, o \u00abEl Mono\u00bb, ex colaborador de Diego Simeone en el Atl\u00e9tico de Madrid, alab\u00f3 la historia de Newell&#8217;s Old Boys de Rosario, su nuevo desaf\u00edo como entrenador principal, y se sorprendi\u00f3 con la infraestructura del club, al asegurar: \u00abEsto es Europa\u00bb. El exarquero se convenci\u00f3 en aceptar la propuesta de Newell&#8217;s [&hellip;]<\/p>\n","protected":false},"author":1,"featured_media":2193,"comment_status":"closed","ping_status":"closed","sticky":false,"template":"","format":"standard","meta":[],"categories":[10],"tags":[],"_links":{"self":[{"href":"http:\/\/nuevacordoba.net\/index.php\/wp-json\/wp\/v2\/posts\/2192"}],"collection":[{"href":"http:\/\/nuevacordoba.net\/index.php\/wp-json\/wp\/v2\/posts"}],"about":[{"href":"http:\/\/nuevacordoba.net\/index.php\/wp-json\/wp\/v2\/types\/post"}],"author":[{"embeddable":true,"href":"http:\/\/nuevacordoba.net\/index.php\/wp-json\/wp\/v2\/users\/1"}],"replies":[{"embeddable":true,"href":"http:\/\/nuevacordoba.net\/index.php\/wp-json\/wp\/v2\/comments?post=2192"}],"version-history":[{"count":0,"href":"http:\/\/nuevacordoba.net\/index.php\/wp-json\/wp\/v2\/posts\/2192\/revisions"}],"wp:featuredmedia":[{"embeddable":true,"href":"http:\/\/nuevacordoba.net\/index.php\/wp-json\/wp\/v2\/media\/2193"}],"wp:attachment":[{"href":"http:\/\/nuevacordoba.net\/index.php\/wp-json\/wp\/v2\/media?parent=2192"}],"wp:term":[{"taxonomy":"category","embeddable":true,"href":"http:\/\/nuevacordoba.net\/index.php\/wp-json\/wp\/v2\/categories?post=2192"},{"taxonomy":"post_tag","embeddable":true,"href":"http:\/\/nuevacordoba.net\/index.php\/wp-json\/wp\/v2\/tags?post=2192"}],"curies":[{"name":"wp","href":"https:\/\/api.w.org\/{rel}","templated":true}]}}