{"id":2204,"date":"2021-03-18T20:53:55","date_gmt":"2021-03-18T20:53:55","guid":{"rendered":"http:\/\/nuevacordoba.net\/index.php\/2021\/03\/18\/para-el-interventor-del-enargas-el-servicio-de-gas-para-el-interventor-del-enargas-el-servicio-de-gas-es-un-derecho-humanoes-un-derecho-humano\/"},"modified":"2021-03-18T20:53:55","modified_gmt":"2021-03-18T20:53:55","slug":"para-el-interventor-del-enargas-el-servicio-de-gas-para-el-interventor-del-enargas-el-servicio-de-gas-es-un-derecho-humanoes-un-derecho-humano","status":"publish","type":"post","link":"http:\/\/nuevacordoba.net\/index.php\/2021\/03\/18\/para-el-interventor-del-enargas-el-servicio-de-gas-para-el-interventor-del-enargas-el-servicio-de-gas-es-un-derecho-humanoes-un-derecho-humano\/","title":{"rendered":"Para el interventor del Enargas, el servicio de gas Para el interventor del Enargas, el servicio de gas \u00abes un derecho humano\u00bb\u00bbes un derecho humano\u00bb"},"content":{"rendered":"<div><img src=\"http:\/\/nuevacordoba.net\/wp-content\/uploads\/2021\/03\/para-el-interventor-del-enargas-el-servicio-de-gas-para-el-interventor-del-enargas-el-servicio-de-gas-es-un-derecho-humanoes-un-derecho-humano.jpg\" class=\"ff-og-image-inserted\"><\/div>\n<p>El Interventor del Ente Nacional Regulador del Gas (Enargas), Federico Bernal, afirm\u00f3 que la mayor\u00eda de los oradores que participaron a largo de las tres jornadas de audiencia p\u00fablica por las tarifas de gas reivindicaron ese servicio como \u00abun derecho social\u00bb que garantiza la concreci\u00f3n de derechos humanos de jerarqu\u00eda constitucional.<\/p>\n<p>Bernal cerr\u00f3 la Audiencia P\u00fablica 101 convocada por el organismo para analizar la actualizaci\u00f3n tarifaria de los servicios de transporte y distribuci\u00f3n de gas natural por redes, tal como el lunes se concret\u00f3 para el caso del precio del gas a boca de pozo que realiz\u00f3 la Secretar\u00eda de Energ\u00eda.<\/p>\n<p>En su disertaci\u00f3n, Bernal cit\u00f3, por ejemplo, al <a href=\"https:\/\/www.diarioconstitucional.cl\/2018\/03\/26\/acerca-del-codigo-de-hammurabi-el-primer-codigo-penal-y-civil-de-la-humanidad-que-se-escribio-sobre-columnas-de-piedra\/#:~:text=Opini%C3%B3n.-,Acerca%20del%20C%C3%B3digo%20de%20Hammurabi%3A%20el%20primer%20c%C3%B3digo%20penal%20y,de%20hebreos%2C%20griegos%20y%20romanos.\" target=\"_blank\" rel=\"noopener\">\u00abC\u00f3digo de Hammurabi\u00bb (del a\u00f1o 1740 a.C., que se escribi\u00f3 sobre columnas de piedra)<\/a>, y tambi\u00e9n a Arist\u00f3teles, a Tom\u00e1s de Aquino y a Alberto Magno.<\/p>\n<p>\u00abEl gas por redes es un derecho social consagrado en la Carta Magna como destacaron y reivindicaron casi todos los oradores, y adem\u00e1s es garant\u00eda para la concreci\u00f3n de derechos humanos de jerarqu\u00eda constitucional\u00bb, dijo Bernal en el cierre de la tercera jornada de audiencia, que tuvo 226 oradores inscriptos.<\/p>\n<div class=\"block-ad-node\">\n<div>\n<p> <span>Publicidad<\/span> <\/p>\n<\/div>\n<\/div>\n<p>El interventor del Enargas anunci\u00f3 que como resultado de esas exposiciones resolvi\u00f3 \u00abincorporar la figura de los Defensores y defensoras de usuarios y usuarias como agentes <em>ad hoc<\/em> en los reglamentos de las audiencias publicas\u00bb que a futuro organice el ente.<\/p>\n<p>Adem\u00e1s, asegur\u00f3 que los funcionarios del organismo profundizar\u00e1n \u00ablos contactos directos y diarios entre los cargos gerenciales y los usuarios actuales y potenciales\u00bb, como parte de una mesa permanente de trabajo \u00abpara atender las necesidades de aquellos sectores que mas lo necesiten\u00bb y \u00abperfeccionar desde lo humano, lo regulatorio y tecnol\u00f3gico el servicio en las 24 jurisdicciones\u00bb.<\/p>\n<p class=\"SubTitulo\"><strong>Defensora<\/strong><\/p>\n<p>Previo al cierre, Andrea Manzi, Defensora de Usuarias y Usuarios de la Audiencia, rese\u00f1\u00f3 que durante las tres jornadas que se desarrollaron desde el martes se escucharon cuestiones relativas a tem\u00e1ticas como precios del gas, planes de inversi\u00f3n, subsidios, diferenciaci\u00f3n de zonas, categor\u00edas de usuarios, cortes de servicio, moratoria y planes de pago u obst\u00e1culos que afrontan las personas con discapacidad y sus familias\u00bb.<\/p>\n<p>Todas esas tem\u00e1ticas excedieron el an\u00e1lisis de los aspectos en debate sobre la conformaci\u00f3n de una tarifa transitoria para los servicios de transporte y distribuci\u00f3n de gas, pero Manzi asegur\u00f3 que ser\u00e1n tenidas en cuenta en la tarea que desempe\u00f1a la intervenci\u00f3n.<\/p>\n<div class=\"block-ad-node\">\n<div>\n<p> <span>Publicidad<\/span> <\/p>\n<\/div>\n<\/div>\n<p>La Defensora asegur\u00f3 que la audiencia permiti\u00f3 \u00abla revalorizaci\u00f3n de las personas sobre las cuales pensar los servicios p\u00fablicos en general y las tarifas en particular\u00bb y permiti\u00f3 reflejar en particular \u00abla preocupaci\u00f3n fundamental por la capacidad de pago de la ciudadana para hacer frente a las nuevas tarifas\u00bb.<\/p>\n<p>Seg\u00fan la agencia T\u00e9lam, a partir de ahora, el Enargas elaborar\u00e1 un informe de todas las intervenciones realizadas en la audiencia -que no son vinculantes- y posteriormente desarrollar\u00e1 su propuesta para la conformaci\u00f3n de una tarifa de transici\u00f3n en l\u00ednea con lo que plantea el Gobierno nacional a trav\u00e9s de la Secretar\u00eda de Energ\u00eda.<\/p>\n<div class=\"ctaNewsNotaContainer\" readability=\"6.5\">\n<div class=\"newsletterTextContainer\" readability=\"33\">\n<p> S\u00cdNTESIS POL\u00cdTICA<\/p>\n<p> Informaci\u00f3n exclusiva y el mejor an\u00e1lisis, los lunes en tu correo.<\/p>\n<form method=\"post\" action-xhr=\"https:\/\/www.lavoz.com.ar\/newsletters\/sintesis-politica\/signup\" id=\"newsletter-signup\" class=\"newsletterForm\" target=\"_blank\" custom-validation-reporting=\"as-you-go\" on=\"submit:AMP.setState({formLoading:true});submit-success:AMP.setState({formSuccess:true})\">\n<div submit-success class=\"is-paddingless-l\" readability=\"6\"> <template type=\"amp-mustache\" readability=\"2\"><\/p>\n<p> <strong>\u00a1Gracias por suscribirte!<\/strong><\/p>\n<p> <\/template><\/div>\n<div submit-error class=\"is-paddingless-l\" readability=\"6.5\"> <template type=\"amp-mustache\" readability=\"3\"><\/p>\n<p> <strong>Ha ocurrido un error, por favor intente nuevamente m\u00e1s tarde.<\/strong><\/p>\n<p> <\/template><\/div>\n<\/form>\n<\/div>\n<\/div>\n<div>\n<p> <span>Publicidad<\/span> <\/p>\n<\/div>\n","protected":false},"excerpt":{"rendered":"<p>El Interventor del Ente Nacional Regulador del Gas (Enargas), Federico Bernal, afirm\u00f3 que la mayor\u00eda de los oradores que participaron a largo de las tres jornadas de audiencia p\u00fablica por las tarifas de gas reivindicaron ese servicio como \u00abun derecho social\u00bb que garantiza la concreci\u00f3n de derechos humanos de jerarqu\u00eda constitucional. Bernal cerr\u00f3 la Audiencia [&hellip;]<\/p>\n","protected":false},"author":1,"featured_media":2205,"comment_status":"closed","ping_status":"closed","sticky":false,"template":"","format":"standard","meta":[],"categories":[12],"tags":[],"_links":{"self":[{"href":"http:\/\/nuevacordoba.net\/index.php\/wp-json\/wp\/v2\/posts\/2204"}],"collection":[{"href":"http:\/\/nuevacordoba.net\/index.php\/wp-json\/wp\/v2\/posts"}],"about":[{"href":"http:\/\/nuevacordoba.net\/index.php\/wp-json\/wp\/v2\/types\/post"}],"author":[{"embeddable":true,"href":"http:\/\/nuevacordoba.net\/index.php\/wp-json\/wp\/v2\/users\/1"}],"replies":[{"embeddable":true,"href":"http:\/\/nuevacordoba.net\/index.php\/wp-json\/wp\/v2\/comments?post=2204"}],"version-history":[{"count":0,"href":"http:\/\/nuevacordoba.net\/index.php\/wp-json\/wp\/v2\/posts\/2204\/revisions"}],"wp:featuredmedia":[{"embeddable":true,"href":"http:\/\/nuevacordoba.net\/index.php\/wp-json\/wp\/v2\/media\/2205"}],"wp:attachment":[{"href":"http:\/\/nuevacordoba.net\/index.php\/wp-json\/wp\/v2\/media?parent=2204"}],"wp:term":[{"taxonomy":"category","embeddable":true,"href":"http:\/\/nuevacordoba.net\/index.php\/wp-json\/wp\/v2\/categories?post=2204"},{"taxonomy":"post_tag","embeddable":true,"href":"http:\/\/nuevacordoba.net\/index.php\/wp-json\/wp\/v2\/tags?post=2204"}],"curies":[{"name":"wp","href":"https:\/\/api.w.org\/{rel}","templated":true}]}}