{"id":22110,"date":"2022-07-18T03:04:30","date_gmt":"2022-07-18T03:04:30","guid":{"rendered":"https:\/\/puntoapunto.com.ar\/?p=335729"},"modified":"2022-07-18T03:04:30","modified_gmt":"2022-07-18T03:04:30","slug":"generacion-zoe-habla-graieb-responsable-del-proyecto-deportivo-en-cordoba","status":"publish","type":"post","link":"http:\/\/nuevacordoba.net\/index.php\/2022\/07\/18\/generacion-zoe-habla-graieb-responsable-del-proyecto-deportivo-en-cordoba\/","title":{"rendered":"Generaci\u00f3n ZOE: habla Graieb, responsable del proyecto deportivo en C\u00f3rdoba"},"content":{"rendered":"<div class=\"g g-37\">\n<div class=\"g-single a-29\"><a class=\"gofollow\" data-track=\"MjksMzcsMSw2MA==\" href=\"https:\/\/www.harmoniechateau.com.ar\/\" target=\"_blank\" rel=\"noopener\"><img src=\"http:\/\/nuevacordoba.net\/wp-content\/uploads\/2022\/07\/generacion-zoe-habla-graieb-responsable-del-proyecto-deportivo-en-cordoba.gif\"><\/a><\/div>\n<\/div>\n<p><strong>Por Hugo Caric, especial para Perfil C\u00f3rdoba.<\/strong> En setiembre del a\u00f1o pasado, cuando se anunci\u00f3 la creaci\u00f3n de ZOE Athletic Club, de Generaci\u00f3n ZOE, el mejor de los sue\u00f1os de Rodolfo Graieb era que el nuevo equipo de la Liga Villamariense de F\u00fatbol estuviera en el lugar de Alem de Villa Nueva o de Ricardo Guti\u00e9rrez de La Palestina, los dos equipos que hoy dirimir\u00e1n el t\u00edtulo en Plaza Ocampo. \u201cVamos a formar un plantel para ganar el campeonato\u201d, asegur\u00f3 por entonces el exdefensor de Las Flores, Talleres, Hurac\u00e1n de Parque Patricios, Barcelona de Ecuador y Lan\u00fas.<\/p>\n<p>Cinco meses m\u00e1s tarde, en v\u00edsperas del puntapi\u00e9 inicial, \u201cel Mellizo\u201d sufrir\u00eda la peor de las pesadillas: el desmantelamiento del flamante proyecto deportivo a causa de las denuncias por estafa y asociaci\u00f3n il\u00edcita que pusieron entre rejas al l\u00edder de Generaci\u00f3n ZOE Leonardo Cositorto y a sus principales laderos, entre ellos Claudio \u00c1lvarez, el presidente del club.<\/p>\n<p>\u201cLa situaci\u00f3n nos sorprendi\u00f3 a todos\u201d, admite Rodolfo, quien era el director de Metodolog\u00eda F\u00edsica y Coordinaci\u00f3n del F\u00fatbol Infantil, Juvenil y de Primera Divisi\u00f3n en ZOE Athletic Club. \u201cHicimos un gran trabajo durante cinco meses y de un d\u00eda para el otro nos dejaron sin laburo\u201d, enfatiza.<\/p>\n<div class=\"g g-38\">\n<div class=\"g-single a-12\"><a class=\"gofollow\" data-track=\"MTIsMzgsMSw2MA==\" href=\"https:\/\/puntoapunto.com.ar\/\"><img src=\"http:\/\/nuevacordoba.net\/wp-content\/uploads\/2022\/07\/generacion-zoe-habla-graieb-responsable-del-proyecto-deportivo-en-cordoba-1.gif\"><\/a><\/div>\n<\/div>\n<p>Es la primera vez que Graieb habla de la fallida experiencia en Villa Mar\u00eda. \u201cDe repente el club qued\u00f3 totalmente ac\u00e9falo y nos tuvimos que ir sin m\u00e1s. Hab\u00edamos hecho una gran relaci\u00f3n con los directivos del club y considero que por lo menos nos tendr\u00edan que haber dicho lo que suced\u00eda\u201d, sostiene.<\/p>\n<p><u><strong><img src=\"http:\/\/nuevacordoba.net\/wp-content\/uploads\/2022\/07\/generacion-zoe-habla-graieb-responsable-del-proyecto-deportivo-en-cordoba.jpg\" alt=\"ZOE Athletic Club\"><\/strong><\/u><\/p>\n<p><strong>Llamada en espera<\/strong><\/p>\n<p>\u201cLo que hicieron ellos -los responsables de Generaci\u00f3n ZOE-es algo que tendr\u00e1n que arreglar con la Justicia. Lo nuestro -se refiere a \u00e9l y su hermano Diego- era armar el club, organizar todas las categor\u00edas, y la verdad es que hicimos un trabajo muy grande. Ojal\u00e1 que en alg\u00fan momento se comuniquen con nosotros, porque no sabemos qu\u00e9 va a pasar con dinero que uno tiene adentro. Lamentablemente, tambi\u00e9n somos damnificados en esto\u201d, puntualiza.<\/p>\n<p>\u201cNo cobramos una parte del trabajo y tambi\u00e9n nos qued\u00f3 plata adentro, como a toda la gente a que le dec\u00edan que iba a salir adelante. Pero soy de las personas que primero trata de dialogar antes de llegar a otra instancia, as\u00ed que todav\u00eda no he tomado ninguna decisi\u00f3n. Obviamente, hay que ver cu\u00e1l es la respuesta del otro lado\u201d, subraya Graieb.<\/p>\n<p>\u201cOjal\u00e1 todo esto se pueda solucionar, no s\u00f3lo para nosotros sino tambi\u00e9n para el resto de la gente. Inclusive para ellos (los directivos de ZOE Athletic Club), porque la verdad es que no nos pareci\u00f3 mala gente\u201d, se\u00f1ala.<\/p>\n<p>\u201cMe he sentido desilusionado con todo esto, porque ten\u00edamos una gran tarea por delante, un gran sue\u00f1o por cumplir. Y tambi\u00e9n porque hemos puesto en juego nuestro prestigio, dando la cara por el proyecto. A eso la gente lo sabe y por suerte nos llueven palabras de agradecimiento por todo lo que hemos dado como profesionales mientras estuvimos all\u00ed\u201d, reflexiona.<\/p>\n","protected":false},"excerpt":{"rendered":"<p>Por Hugo Caric, especial para Perfil C\u00f3rdoba. En setiembre del a\u00f1o pasado, cuando se anunci\u00f3 la creaci\u00f3n de ZOE Athletic Club, de Generaci\u00f3n ZOE, el mejor de los sue\u00f1os de Rodolfo Graieb era que el nuevo equipo de la Liga Villamariense de F\u00fatbol estuviera en el lugar de Alem de Villa Nueva o de Ricardo [&hellip;]<\/p>\n","protected":false},"author":1,"featured_media":22111,"comment_status":"open","ping_status":"closed","sticky":false,"template":"","format":"standard","meta":[],"categories":[14],"tags":[],"_links":{"self":[{"href":"http:\/\/nuevacordoba.net\/index.php\/wp-json\/wp\/v2\/posts\/22110"}],"collection":[{"href":"http:\/\/nuevacordoba.net\/index.php\/wp-json\/wp\/v2\/posts"}],"about":[{"href":"http:\/\/nuevacordoba.net\/index.php\/wp-json\/wp\/v2\/types\/post"}],"author":[{"embeddable":true,"href":"http:\/\/nuevacordoba.net\/index.php\/wp-json\/wp\/v2\/users\/1"}],"replies":[{"embeddable":true,"href":"http:\/\/nuevacordoba.net\/index.php\/wp-json\/wp\/v2\/comments?post=22110"}],"version-history":[{"count":0,"href":"http:\/\/nuevacordoba.net\/index.php\/wp-json\/wp\/v2\/posts\/22110\/revisions"}],"wp:featuredmedia":[{"embeddable":true,"href":"http:\/\/nuevacordoba.net\/index.php\/wp-json\/wp\/v2\/media\/22111"}],"wp:attachment":[{"href":"http:\/\/nuevacordoba.net\/index.php\/wp-json\/wp\/v2\/media?parent=22110"}],"wp:term":[{"taxonomy":"category","embeddable":true,"href":"http:\/\/nuevacordoba.net\/index.php\/wp-json\/wp\/v2\/categories?post=22110"},{"taxonomy":"post_tag","embeddable":true,"href":"http:\/\/nuevacordoba.net\/index.php\/wp-json\/wp\/v2\/tags?post=22110"}],"curies":[{"name":"wp","href":"https:\/\/api.w.org\/{rel}","templated":true}]}}