{"id":22112,"date":"2022-07-18T06:25:38","date_gmt":"2022-07-18T06:25:38","guid":{"rendered":"https:\/\/www.bbc.com\/mundo\/noticias-internacional-62164618"},"modified":"2022-07-18T06:25:38","modified_gmt":"2022-07-18T06:25:38","slug":"afganistan-es-hoy-una-amenaza-mucho-mas-grande-para-el-mundo-que-en-2001-ahmad-massoud-lider-de-la-resistencia-al-taliban-habla-con-la-bbc","status":"publish","type":"post","link":"http:\/\/nuevacordoba.net\/index.php\/2022\/07\/18\/afganistan-es-hoy-una-amenaza-mucho-mas-grande-para-el-mundo-que-en-2001-ahmad-massoud-lider-de-la-resistencia-al-taliban-habla-con-la-bbc\/","title":{"rendered":"\u00abAfganist\u00e1n es hoy una amenaza mucho m\u00e1s grande para el mundo que en 2001\u00bb: Ahmad Massoud, l\u00edder de la resistencia al Talib\u00e1n, habla con la BBC"},"content":{"rendered":"<div dir=\"ltr\" class=\"e1j2237y6 bbc-q4ibpr essoxwk0\">\n<div class=\"bbc-1atl7vu e11nzto4\">\n<ul role=\"list\" class=\"bbc-k0l9bd e11nzto2\">\n<li role=\"listitem\" class=\"bbc-1a3w4ok e11nzto1\">Daud Qarizadah<\/li>\n<li role=\"listitem\" class=\"bbc-1p92jtu e11nzto0\">BBC Servicio Persa<\/li>\n<\/ul>\n<\/div>\n<\/div>\n<p><time datetime=\"2022-07-18\" class=\"bbc-14xtggo exyigsi0\">1 hora<\/time><\/p>\n<div dir=\"ltr\" class=\"bbc-1ka88fa essoxwk0\">\n<figure class=\"bbc-1qdcvv9 e170cyvj0\">\n<div dir=\"ltr\" class=\"bbc-172p16q essoxwk0\">\n<div dir=\"ltr\" class=\"bbc-189y18v essoxwk0\" readability=\"6.5\">\n<div data-e2e=\"image-placeholder\" class=\"bbc-997y1y ezb2r2b0\" readability=\"8\"><picture class=\"bbc-yfiktt e11uq3261\"><source srcset=\"https:\/\/ichef.bbci.co.uk\/news\/240\/cpsprodpb\/12D9E\/production\/_120241277_gettyimages-1231885574.jpg.webp 240w, https:\/\/ichef.bbci.co.uk\/news\/320\/cpsprodpb\/12D9E\/production\/_120241277_gettyimages-1231885574.jpg.webp 320w, https:\/\/ichef.bbci.co.uk\/news\/480\/cpsprodpb\/12D9E\/production\/_120241277_gettyimages-1231885574.jpg.webp 480w, https:\/\/ichef.bbci.co.uk\/news\/624\/cpsprodpb\/12D9E\/production\/_120241277_gettyimages-1231885574.jpg.webp 624w, https:\/\/ichef.bbci.co.uk\/news\/800\/cpsprodpb\/12D9E\/production\/_120241277_gettyimages-1231885574.jpg.webp 800w\" type=\"image\/webp\" sizes=\"(min-width: 1008px) 645px, 100vw\"><source srcset=\"https:\/\/ichef.bbci.co.uk\/news\/240\/cpsprodpb\/12D9E\/production\/_120241277_gettyimages-1231885574.jpg 240w, https:\/\/ichef.bbci.co.uk\/news\/320\/cpsprodpb\/12D9E\/production\/_120241277_gettyimages-1231885574.jpg 320w, https:\/\/ichef.bbci.co.uk\/news\/480\/cpsprodpb\/12D9E\/production\/_120241277_gettyimages-1231885574.jpg 480w, https:\/\/ichef.bbci.co.uk\/news\/624\/cpsprodpb\/12D9E\/production\/_120241277_gettyimages-1231885574.jpg 624w, https:\/\/ichef.bbci.co.uk\/news\/800\/cpsprodpb\/12D9E\/production\/_120241277_gettyimages-1231885574.jpg 800w\" type=\"image\/jpeg\" sizes=\"(min-width: 1008px) 645px, 100vw\"><img loading=\"lazy\" src=\"http:\/\/nuevacordoba.net\/wp-content\/uploads\/2022\/07\/afganistan-es-hoy-una-amenaza-mucho-mas-grande-para-el-mundo-que-en-2001-ahmad-massoud-lider-de-la-resistencia-al-taliban-habla-con-la-bbc.jpg\" alt=\"Retrato de Ahmad Massoud, Par\u00eds, 22 de marzo de 2021\" width=\"976\" height=\"549\" class=\"eehpdyc0 bbc-rb7xa0 e11uq3260\"><\/picture>\n<p role=\"text\" class=\"bbc-1s1cxbv eynndk20\"><span class=\"bbc-1gnhmg2 evnljr50\">Fuente de la imagen, <\/span><span lang=\"en-GB\">Getty Images<\/span><\/p>\n<\/div>\n<\/div>\n<div dir=\"ltr\" class=\"bbc-3edg7g essoxwk0\" readability=\"6\"><figcaption dir=\"ltr\" class=\"bbc-rhuvwm epgcavl0\" readability=\"2\"><span class=\"bbc-1gnhmg2 evnljr50\">Pie de foto, <\/span><\/p>\n<p>Ahmad Massoud lleva el peso de la resistencia sobre sus hombros.<\/p>\n<\/figcaption><\/div>\n<\/div>\n<\/figure>\n<\/div>\n<div dir=\"ltr\" class=\"bbc-19j92fr essoxwk0\" readability=\"7\">\n<p dir=\"ltr\" class=\"bbc-bm53ic e1cc2ql70\"><b>\u00abAfganist\u00e1n es hoy una amenaza mucho mayor para el mundo que en 2001\u00bb.<\/b><\/p>\n<\/div>\n<div dir=\"ltr\" class=\"bbc-19j92fr essoxwk0\" readability=\"7\">\n<p dir=\"ltr\" class=\"bbc-bm53ic e1cc2ql70\">Esta es la dura advertencia del hijo de un famoso l\u00edder de la resistencia antitalib\u00e1n.<\/p>\n<\/div>\n<div dir=\"ltr\" class=\"bbc-19j92fr essoxwk0\" readability=\"7\">\n<p dir=\"ltr\" class=\"bbc-bm53ic e1cc2ql70\">Ahmad Massoud tiene solo 33 a\u00f1os pero ya est\u00e1 siguiendo los pasos de su padre.<\/p>\n<\/div>\n<div dir=\"ltr\" class=\"bbc-19j92fr essoxwk0\" readability=\"10\">\n<p dir=\"ltr\" class=\"bbc-bm53ic e1cc2ql70\">Su padre era el veterano comandante <b>Ahmad Shah Massoud<\/b>, conocido como el &#8216;le\u00f3n de Panjshir&#8217;, la provincia al norte de Kabul de donde proviene la familia.<\/p>\n<\/div>\n<div dir=\"ltr\" class=\"bbc-19j92fr essoxwk0\" readability=\"8\">\n<p dir=\"ltr\" class=\"bbc-bm53ic e1cc2ql70\">Ahmad Shah Massoud fue asesinado por agentes de al Qaeda dos d\u00edas antes de los ataques del 11 de septiembre en Estados Unidos en 2001.<\/p>\n<\/div>\n<div dir=\"ltr\" class=\"bbc-19j92fr essoxwk0\" readability=\"9\">\n<p dir=\"ltr\" class=\"bbc-bm53ic e1cc2ql70\">Esto ocurri\u00f3 durante el \u00faltimo per\u00edodo del gobierno talib\u00e1n, cuando el grupo militante isl\u00e1mico de Afganist\u00e1n permit\u00eda que otros grupos yihadistas vivieran en su territorio.<\/p>\n<\/div>\n<div dir=\"ltr\" class=\"bbc-19j92fr essoxwk0\" readability=\"8\">\n<p dir=\"ltr\" class=\"bbc-bm53ic e1cc2ql70\">Ahora, su hijo teme que la historia se est\u00e9 repitiendo.<\/p>\n<\/div>\n<p><h2 id=\"Refugio-seguro-para-terroristas\" tabindex=\"-1\" class=\"bbc-l3e97o e1hixjf30\">\u00abRefugio seguro para terroristas\u00bb<\/h2>\n<\/p>\n<div dir=\"ltr\" class=\"bbc-19j92fr essoxwk0\" readability=\"11\">\n<p dir=\"ltr\" class=\"bbc-bm53ic e1cc2ql70\">Ahmad Massoud dice que su pa\u00eds se ha convertido una vez m\u00e1s en un <b>refugio seguro para decenas de grupos terroristas<\/b>, incluidos ISIS y al Qaeda, que quieren exportar su ideolog\u00eda extremista al mundo.<\/p>\n<\/div>\n<div dir=\"ltr\" class=\"bbc-19j92fr essoxwk0\" readability=\"8\">\n<p dir=\"ltr\" class=\"bbc-bm53ic e1cc2ql70\">El gobierno afgano respaldado por Occidente colaps\u00f3 en agosto del a\u00f1o pasado tras la retirada de las tropas extranjeras.<\/p>\n<\/div>\n<div dir=\"ltr\" class=\"bbc-19j92fr essoxwk0\" readability=\"7\">\n<p dir=\"ltr\" class=\"bbc-bm53ic e1cc2ql70\">Los talibanes recuperaron el poder despu\u00e9s de m\u00e1s de 20 a\u00f1os.<\/p>\n<\/div>\n<div dir=\"ltr\" class=\"bbc-19j92fr essoxwk0\" readability=\"9\">\n<p dir=\"ltr\" class=\"bbc-bm53ic e1cc2ql70\">En una entrevista exclusiva con la BBC, Ahmad Massoud advirti\u00f3 al mundo que no debe ignorar a Afganist\u00e1n y afirm\u00f3 que su pa\u00eds necesita atenci\u00f3n urgente y estabilidad pol\u00edtica.<\/p>\n<\/div>\n<div dir=\"ltr\" class=\"bbc-19j92fr essoxwk0\" readability=\"8\">\n<p dir=\"ltr\" class=\"bbc-bm53ic e1cc2ql70\">Massoud se\u00f1al\u00f3 que <b>grupos terroristas podr\u00edan usar este turbulento per\u00edodo para apuntar contra intereses extranjeros<\/b>.<\/p>\n<\/div>\n<div dir=\"ltr\" class=\"bbc-1ka88fa essoxwk0\">\n<figure class=\"bbc-1qdcvv9 e170cyvj0\">\n<div dir=\"ltr\" class=\"bbc-172p16q essoxwk0\">\n<div dir=\"ltr\" class=\"bbc-189y18v essoxwk0\">\n<div data-e2e=\"image-placeholder\" class=\"bbc-997y1y ezb2r2b0\"><noscript><picture class=\"bbc-yfiktt e11uq3261\"><source srcset=\"http:\/\/nuevacordoba.net\/wp-content\/uploads\/2022\/07\/afganistan-es-hoy-una-amenaza-mucho-mas-grande-para-el-mundo-que-en-2001-ahmad-massoud-lider-de-la-resistencia-al-taliban-habla-con-la-bbc.webp 240w, http:\/\/nuevacordoba.net\/wp-content\/uploads\/2022\/07\/afganistan-es-hoy-una-amenaza-mucho-mas-grande-para-el-mundo-que-en-2001-ahmad-massoud-lider-de-la-resistencia-al-taliban-habla-con-la-bbc-1.webp 320w, http:\/\/nuevacordoba.net\/wp-content\/uploads\/2022\/07\/afganistan-es-hoy-una-amenaza-mucho-mas-grande-para-el-mundo-que-en-2001-ahmad-massoud-lider-de-la-resistencia-al-taliban-habla-con-la-bbc-2.webp 480w, http:\/\/nuevacordoba.net\/wp-content\/uploads\/2022\/07\/afganistan-es-hoy-una-amenaza-mucho-mas-grande-para-el-mundo-que-en-2001-ahmad-massoud-lider-de-la-resistencia-al-taliban-habla-con-la-bbc-3.webp 624w, http:\/\/nuevacordoba.net\/wp-content\/uploads\/2022\/07\/afganistan-es-hoy-una-amenaza-mucho-mas-grande-para-el-mundo-que-en-2001-ahmad-massoud-lider-de-la-resistencia-al-taliban-habla-con-la-bbc-4.webp 800w\" type=\"image\/webp\" sizes=\"(min-width: 1008px) 645px, 100vw\"><source srcset=\"https:\/\/ichef.bbci.co.uk\/news\/240\/cpsprodpb\/13DB1\/production\/_125892318_ahmadmassoud.png 240w, https:\/\/ichef.bbci.co.uk\/news\/320\/cpsprodpb\/13DB1\/production\/_125892318_ahmadmassoud.png 320w, https:\/\/ichef.bbci.co.uk\/news\/480\/cpsprodpb\/13DB1\/production\/_125892318_ahmadmassoud.png 480w, https:\/\/ichef.bbci.co.uk\/news\/624\/cpsprodpb\/13DB1\/production\/_125892318_ahmadmassoud.png 624w, https:\/\/ichef.bbci.co.uk\/news\/800\/cpsprodpb\/13DB1\/production\/_125892318_ahmadmassoud.png 800w\" type=\"image\/png\" sizes=\"(min-width: 1008px) 645px, 100vw\"><img loading=\"lazy\" src=\"http:\/\/nuevacordoba.net\/wp-content\/uploads\/2022\/07\/afganistan-es-hoy-una-amenaza-mucho-mas-grande-para-el-mundo-que-en-2001-ahmad-massoud-lider-de-la-resistencia-al-taliban-habla-con-la-bbc-1.jpg\" alt=\"Ahmad Massoud\" width=\"976\" height=\"549\" class=\"eehpdyc0 bbc-rb7xa0 e11uq3260\"><\/picture><\/noscript><\/div>\n<\/div>\n<div dir=\"ltr\" class=\"bbc-3edg7g essoxwk0\" readability=\"6\"><figcaption dir=\"ltr\" class=\"bbc-rhuvwm epgcavl0\" readability=\"2\"><span class=\"bbc-1gnhmg2 evnljr50\">Pie de foto, <\/span><\/p>\n<p>El sitio de la entrevista de Ahmad Massoud con la BBC no fue revelado.<\/p>\n<\/figcaption><\/div>\n<\/div>\n<\/figure>\n<\/div>\n<div dir=\"ltr\" class=\"bbc-19j92fr essoxwk0\" readability=\"10\">\n<p dir=\"ltr\" class=\"bbc-bm53ic e1cc2ql70\">Su padre, Ahmad Shah Massoud, lanz\u00f3 una advertencia similar pocos d\u00edas antes del 11 de septiembre.<\/p>\n<\/div>\n<div dir=\"ltr\" class=\"bbc-19j92fr essoxwk0\" readability=\"8\">\n<p dir=\"ltr\" class=\"bbc-bm53ic e1cc2ql70\">Ahmad Massoud dice que no se prest\u00f3 atenci\u00f3n a la advertencia de su padre y que el mundo ha vivido con las consecuencias desde entonces. <\/p>\n<\/div>\n<div dir=\"ltr\" class=\"bbc-19j92fr essoxwk0\" readability=\"8\">\n<p dir=\"ltr\" class=\"bbc-bm53ic e1cc2ql70\">La situaci\u00f3n actual en Afganist\u00e1n es \u00abmucho peor\u00bb que en la \u00e9poca de su padre, se\u00f1al\u00f3 Massoud.<\/p>\n<\/div>\n<div dir=\"ltr\" class=\"bbc-19j92fr essoxwk0\" readability=\"12\">\n<p dir=\"ltr\" class=\"bbc-bm53ic e1cc2ql70\">\u00ab<b>Espero que el mundo, y especialmente Europa, comprenda la gravedad de la amenaza que representa Afganist\u00e1n<\/b> e intervenga de manera significativa para ayudar a establecer un gobierno leg\u00edtimo y responsable en Afganist\u00e1n\u00bb, afirm\u00f3.<\/p>\n<\/div>\n<p><h2 id=\"Obligados-a-luchar\" tabindex=\"-1\" class=\"bbc-l3e97o e1hixjf30\">\u00abObligados a luchar\u00bb<\/h2>\n<\/p>\n<div dir=\"ltr\" class=\"bbc-19j92fr essoxwk0\" readability=\"11\">\n<p dir=\"ltr\" class=\"bbc-bm53ic e1cc2ql70\">Ahmad Massoud realiz\u00f3 un a\u00f1o de entrenamiento en la Real Academia Militar ubicada en la localidad de Sandhurst, en el sur de Inglaterra (Royal Military Academy Sandhurst), donde Reino Unido entrena a sus oficiales del ej\u00e9rcito. <\/p>\n<\/div>\n<div dir=\"ltr\" class=\"bbc-19j92fr essoxwk0\" readability=\"7\">\n<p dir=\"ltr\" class=\"bbc-bm53ic e1cc2ql70\">Luego complet\u00f3 una licenciatura en estudios de guerra en King&#8217;s College en Londres.<\/p>\n<\/div>\n<div dir=\"ltr\" class=\"bbc-19j92fr essoxwk0\" readability=\"8\">\n<p dir=\"ltr\" class=\"bbc-bm53ic e1cc2ql70\">El joven l\u00edder dice que la crisis en su pa\u00eds <b>debe resolverse a trav\u00e9s de negociaciones pol\u00edticas en lugar de<\/b><b> mediante<\/b><b> la guerra<\/b>.<\/p>\n<\/div>\n<div dir=\"ltr\" class=\"bbc-19j92fr essoxwk0\" readability=\"9\">\n<p dir=\"ltr\" class=\"bbc-bm53ic e1cc2ql70\">Sin embargo, asegura que los talibanes \u00abno le dejaron m\u00e1s remedio\u00bb que resistir y luchar contra lo que \u00e9l llama los \u00abcr\u00edmenes de lesa humanidad\u00bb de los talibanes.<\/p>\n<\/div>\n<div dir=\"ltr\" class=\"bbc-19j92fr essoxwk0\" readability=\"9\">\n<p dir=\"ltr\" class=\"bbc-bm53ic e1cc2ql70\">Tras el regreso al poder de los talibanes en agosto del a\u00f1o pasado, Ahmad Massoud se retir\u00f3 a su ciudad natal de Panjshir y form\u00f3 el Frente de Resistencia Nacional.<\/p>\n<\/div>\n<div dir=\"ltr\" class=\"bbc-19j92fr essoxwk0\" readability=\"7\">\n<p dir=\"ltr\" class=\"bbc-bm53ic e1cc2ql70\">Massoud ahora <b>comanda a m\u00e1s de 3.000 combatientes armados<\/b>. <\/p>\n<\/div>\n<div dir=\"ltr\" class=\"bbc-19j92fr essoxwk0\" readability=\"10\">\n<p dir=\"ltr\" class=\"bbc-bm53ic e1cc2ql70\">Durante los \u00faltimos 11 meses sus fuerzas han estado luchando contra los talibanes, principalmente en los valles y monta\u00f1as de Panjshir y en el distrito estrat\u00e9gico vecino de Andarab en la provincia de Baghlan.<\/p>\n<\/div>\n<div class=\"bbc-sffzb7 e8v25yx0\">\n<div dir=\"ltr\" class=\"bbc-1ka88fa essoxwk0\">\n<figure class=\"bbc-1qdcvv9 e170cyvj0\">\n<div dir=\"ltr\" class=\"bbc-172p16q essoxwk0\">\n<div dir=\"ltr\" class=\"bbc-189y18v essoxwk0\" readability=\"6.5\">\n<div data-e2e=\"image-placeholder\" class=\"bbc-997y1y ezb2r2b0\" readability=\"8\"><noscript><picture class=\"bbc-yfiktt e11uq3261\"><source srcset=\"http:\/\/nuevacordoba.net\/wp-content\/uploads\/2022\/07\/afganistan-es-hoy-una-amenaza-mucho-mas-grande-para-el-mundo-que-en-2001-ahmad-massoud-lider-de-la-resistencia-al-taliban-habla-con-la-bbc-5.webp 240w, http:\/\/nuevacordoba.net\/wp-content\/uploads\/2022\/07\/afganistan-es-hoy-una-amenaza-mucho-mas-grande-para-el-mundo-que-en-2001-ahmad-massoud-lider-de-la-resistencia-al-taliban-habla-con-la-bbc-6.webp 320w, http:\/\/nuevacordoba.net\/wp-content\/uploads\/2022\/07\/afganistan-es-hoy-una-amenaza-mucho-mas-grande-para-el-mundo-que-en-2001-ahmad-massoud-lider-de-la-resistencia-al-taliban-habla-con-la-bbc-7.webp 480w, http:\/\/nuevacordoba.net\/wp-content\/uploads\/2022\/07\/afganistan-es-hoy-una-amenaza-mucho-mas-grande-para-el-mundo-que-en-2001-ahmad-massoud-lider-de-la-resistencia-al-taliban-habla-con-la-bbc-8.webp 624w, http:\/\/nuevacordoba.net\/wp-content\/uploads\/2022\/07\/afganistan-es-hoy-una-amenaza-mucho-mas-grande-para-el-mundo-que-en-2001-ahmad-massoud-lider-de-la-resistencia-al-taliban-habla-con-la-bbc-9.webp 800w\" type=\"image\/webp\" sizes=\"(min-width: 1008px) 645px, 100vw\"><source srcset=\"https:\/\/ichef.bbci.co.uk\/news\/240\/cpsprodpb\/17BBE\/production\/_120241279_gettyimages-1234835553.jpg 240w, https:\/\/ichef.bbci.co.uk\/news\/320\/cpsprodpb\/17BBE\/production\/_120241279_gettyimages-1234835553.jpg 320w, https:\/\/ichef.bbci.co.uk\/news\/480\/cpsprodpb\/17BBE\/production\/_120241279_gettyimages-1234835553.jpg 480w, https:\/\/ichef.bbci.co.uk\/news\/624\/cpsprodpb\/17BBE\/production\/_120241279_gettyimages-1234835553.jpg 624w, https:\/\/ichef.bbci.co.uk\/news\/800\/cpsprodpb\/17BBE\/production\/_120241279_gettyimages-1234835553.jpg 800w\" type=\"image\/jpeg\" sizes=\"(min-width: 1008px) 645px, 100vw\"><img loading=\"lazy\" src=\"http:\/\/nuevacordoba.net\/wp-content\/uploads\/2022\/07\/afganistan-es-hoy-una-amenaza-mucho-mas-grande-para-el-mundo-que-en-2001-ahmad-massoud-lider-de-la-resistencia-al-taliban-habla-con-la-bbc-2.jpg\" alt=\"Combatientes de la resistencia antitalib\u00e1n en Panjshir en agosto de 2021.\" width=\"976\" height=\"549\" class=\"eehpdyc0 bbc-rb7xa0 e11uq3260\"><\/picture><\/noscript><\/p>\n<p role=\"text\" class=\"bbc-1s1cxbv eynndk20\"><span class=\"bbc-1gnhmg2 evnljr50\">Fuente de la imagen, <\/span><span lang=\"en-GB\">Getty Images<\/span><\/p>\n<\/div>\n<\/div>\n<div dir=\"ltr\" class=\"bbc-3edg7g essoxwk0\" readability=\"6\"><figcaption dir=\"ltr\" class=\"bbc-rhuvwm epgcavl0\" readability=\"2\"><span class=\"bbc-1gnhmg2 evnljr50\">Pie de foto, <\/span><\/p>\n<p>Combatientes de la resistencia antitalib\u00e1n en Panjshir en agosto de 2021.<\/p>\n<\/figcaption><\/div>\n<\/div>\n<\/figure>\n<\/div>\n<\/div>\n<div dir=\"ltr\" class=\"bbc-19j92fr essoxwk0\" readability=\"8\">\n<p dir=\"ltr\" class=\"bbc-bm53ic e1cc2ql70\">Esos combates contradicen la afirmaci\u00f3n de los talibanes de que han llevado la seguridad a todo el territorio afgano.<\/p>\n<\/div>\n<div dir=\"ltr\" class=\"bbc-19j92fr essoxwk0\" readability=\"9\">\n<p dir=\"ltr\" class=\"bbc-bm53ic e1cc2ql70\">A diferencia de la lucha armada de su padre a fines de la d\u00e9cada de 1990, hasta ahora ning\u00fan pa\u00eds ha respaldado p\u00fablicamente la resistencia armada de Ahmad Massoud contra los talibanes.<\/p>\n<\/div>\n<div dir=\"ltr\" class=\"bbc-19j92fr essoxwk0\" readability=\"13\">\n<p dir=\"ltr\" class=\"bbc-bm53ic e1cc2ql70\">El mes pasado, el gobierno de Reino Unido emiti\u00f3 una declaraci\u00f3n en la que dec\u00eda que \u00abno apoya a nadie, incluidos los ciudadanos afganos, que busque lograr un cambio pol\u00edtico a trav\u00e9s de la violencia, o cualquier actividad que incite a la violencia con fines pol\u00edticos en Afganist\u00e1n\u00bb.<\/p>\n<\/div>\n<div dir=\"ltr\" class=\"bbc-19j92fr essoxwk0\" readability=\"7\">\n<p dir=\"ltr\" class=\"bbc-bm53ic e1cc2ql70\">Los talibanes dieron la bienvenida a la postura brit\u00e1nica.<\/p>\n<\/div>\n<div dir=\"ltr\" class=\"bbc-19j92fr essoxwk0\" readability=\"9\">\n<p dir=\"ltr\" class=\"bbc-bm53ic e1cc2ql70\">Pero Ahmad Massoud dice que es \u00ab<b>moralmente cuestionable<\/b>\u00bb y plantea c\u00f3mo las potencias occidentales pueden decir ahora que no es aceptable luchar contra los talibanes cuando respaldaron la campa\u00f1a militar contra ellos durante d\u00e9cadas.<\/p>\n<\/div>\n<div dir=\"ltr\" class=\"bbc-19j92fr essoxwk0\" readability=\"7\">\n<p dir=\"ltr\" class=\"bbc-bm53ic e1cc2ql70\">Massoud tambi\u00e9n se\u00f1ala que el pueblo afgano tiene derecho a luchar por la justicia y la libertad.<\/p>\n<\/div>\n<div dir=\"ltr\" class=\"bbc-19j92fr essoxwk0\" readability=\"9\">\n<p dir=\"ltr\" class=\"bbc-bm53ic e1cc2ql70\">\u00ab\u00c9ticamente, es una causa que hay que apoyar\u00bb, afirma.<\/p>\n<\/div>\n<p><h2 id=\"Falta-de-dinero-y-armas\" tabindex=\"-1\" class=\"bbc-l3e97o e1hixjf30\">Falta de dinero y armas<\/h2>\n<\/p>\n<div dir=\"ltr\" class=\"bbc-19j92fr essoxwk0\" readability=\"8\">\n<p dir=\"ltr\" class=\"bbc-bm53ic e1cc2ql70\">El l\u00edder del Frente Nacional de Resistencia reconoci\u00f3 que sus fuerzas cuentan con muchos menos recursos que los talibanes.<\/p>\n<\/div>\n<div dir=\"ltr\" class=\"bbc-19j92fr essoxwk0\" readability=\"8\">\n<p dir=\"ltr\" class=\"bbc-bm53ic e1cc2ql70\">Pero asegur\u00f3 que la alta moral y la motivaci\u00f3n son los factores que han mantenido la resistencia activa.<\/p>\n<\/div>\n<div dir=\"ltr\" class=\"bbc-19j92fr essoxwk0\" readability=\"9\">\n<p dir=\"ltr\" class=\"bbc-bm53ic e1cc2ql70\">\u00ab<b>Estamos en 2022. Una nueva generaci\u00f3n joven quiere un nuevo Afganist\u00e1n donde pueda decidir su futuro<\/b>\u00ab, agreg\u00f3.<\/p>\n<\/div>\n<div dir=\"ltr\" class=\"bbc-19j92fr essoxwk0\" readability=\"10\">\n<p dir=\"ltr\" class=\"bbc-bm53ic e1cc2ql70\">Ahmad Massoud inst\u00f3 a las potencias mundiales, incluyendo Reino Unido, a apoyar al pueblo de Afganist\u00e1n y aumentar la presi\u00f3n sobre los talibanes para que acepten una soluci\u00f3n pol\u00edtica.<\/p>\n<\/div>\n<div dir=\"ltr\" class=\"bbc-1ka88fa essoxwk0\">\n<figure class=\"bbc-1qdcvv9 e170cyvj0\">\n<div dir=\"ltr\" class=\"bbc-172p16q essoxwk0\">\n<div dir=\"ltr\" class=\"bbc-189y18v essoxwk0\" readability=\"6.5\">\n<div data-e2e=\"image-placeholder\" class=\"bbc-997y1y ezb2r2b0\" readability=\"8\"><noscript><picture class=\"bbc-yfiktt e11uq3261\"><source srcset=\"http:\/\/nuevacordoba.net\/wp-content\/uploads\/2022\/07\/afganistan-es-hoy-una-amenaza-mucho-mas-grande-para-el-mundo-que-en-2001-ahmad-massoud-lider-de-la-resistencia-al-taliban-habla-con-la-bbc-10.webp 240w, http:\/\/nuevacordoba.net\/wp-content\/uploads\/2022\/07\/afganistan-es-hoy-una-amenaza-mucho-mas-grande-para-el-mundo-que-en-2001-ahmad-massoud-lider-de-la-resistencia-al-taliban-habla-con-la-bbc-11.webp 320w, http:\/\/nuevacordoba.net\/wp-content\/uploads\/2022\/07\/afganistan-es-hoy-una-amenaza-mucho-mas-grande-para-el-mundo-que-en-2001-ahmad-massoud-lider-de-la-resistencia-al-taliban-habla-con-la-bbc-12.webp 480w, http:\/\/nuevacordoba.net\/wp-content\/uploads\/2022\/07\/afganistan-es-hoy-una-amenaza-mucho-mas-grande-para-el-mundo-que-en-2001-ahmad-massoud-lider-de-la-resistencia-al-taliban-habla-con-la-bbc-13.webp 624w, http:\/\/nuevacordoba.net\/wp-content\/uploads\/2022\/07\/afganistan-es-hoy-una-amenaza-mucho-mas-grande-para-el-mundo-que-en-2001-ahmad-massoud-lider-de-la-resistencia-al-taliban-habla-con-la-bbc-14.webp 800w\" type=\"image\/webp\" sizes=\"(min-width: 1008px) 645px, 100vw\"><source srcset=\"https:\/\/ichef.bbci.co.uk\/news\/240\/cpsprodpb\/3029\/production\/_125892321_reuterstaliban.png 240w, https:\/\/ichef.bbci.co.uk\/news\/320\/cpsprodpb\/3029\/production\/_125892321_reuterstaliban.png 320w, https:\/\/ichef.bbci.co.uk\/news\/480\/cpsprodpb\/3029\/production\/_125892321_reuterstaliban.png 480w, https:\/\/ichef.bbci.co.uk\/news\/624\/cpsprodpb\/3029\/production\/_125892321_reuterstaliban.png 624w, https:\/\/ichef.bbci.co.uk\/news\/800\/cpsprodpb\/3029\/production\/_125892321_reuterstaliban.png 800w\" type=\"image\/png\" sizes=\"(min-width: 1008px) 645px, 100vw\"><img loading=\"lazy\" src=\"http:\/\/nuevacordoba.net\/wp-content\/uploads\/2022\/07\/afganistan-es-hoy-una-amenaza-mucho-mas-grande-para-el-mundo-que-en-2001-ahmad-massoud-lider-de-la-resistencia-al-taliban-habla-con-la-bbc-3.jpg\" alt=\"Combatientes talibanes en Kabul el 9 de julio de 2022\" width=\"976\" height=\"549\" class=\"eehpdyc0 bbc-rb7xa0 e11uq3260\"><\/picture><\/noscript><\/p>\n<p role=\"text\" class=\"bbc-1s1cxbv eynndk20\"><span class=\"bbc-1gnhmg2 evnljr50\">Fuente de la imagen, <\/span><span lang=\"en-GB\">Reuters<\/span><\/p>\n<\/div>\n<\/div>\n<div dir=\"ltr\" class=\"bbc-3edg7g essoxwk0\" readability=\"6.5\"><figcaption dir=\"ltr\" class=\"bbc-rhuvwm epgcavl0\" readability=\"3\"><span class=\"bbc-1gnhmg2 evnljr50\">Pie de foto, <\/span><\/p>\n<p>Los talibanes gobiernan Afganist\u00e1n pero su legitimidad no ha sido reconocida a nivel internacional.<\/p>\n<\/figcaption><\/div>\n<\/div>\n<\/figure>\n<\/div>\n<div dir=\"ltr\" class=\"bbc-19j92fr essoxwk0\" readability=\"9\">\n<p dir=\"ltr\" class=\"bbc-bm53ic e1cc2ql70\">Casi un a\u00f1o desde que los talibanes tomaron el poder en Kabul, <b>ning\u00fan pa\u00eds ha reconocido a su gobierno<\/b>. <\/p>\n<\/div>\n<div dir=\"ltr\" class=\"bbc-19j92fr essoxwk0\" readability=\"9\">\n<p dir=\"ltr\" class=\"bbc-bm53ic e1cc2ql70\">Sin embargo, varios pa\u00edses y potencias regionales como Rusia han indicado que est\u00e1n dispuestos a tener relaciones normales con el gobierno talib\u00e1n.<\/p>\n<\/div>\n<div dir=\"ltr\" class=\"bbc-19j92fr essoxwk0\" readability=\"9\">\n<p dir=\"ltr\" class=\"bbc-bm53ic e1cc2ql70\">Ahmad Massoud advirti\u00f3 contra los riesgos de reconocer a los talibanes. Y asegur\u00f3 que cualquier pa\u00eds que decida reconocerlos ser\u00e1 responsable de la tiran\u00eda y las atrocidades del grupo militante isl\u00e1mico.<\/p>\n<\/div>\n<div dir=\"ltr\" class=\"bbc-19j92fr essoxwk0\" readability=\"11\">\n<p dir=\"ltr\" class=\"bbc-bm53ic e1cc2ql70\">Massoud <b>acus<\/b><b>\u00f3<\/b><b> a los talibanes de llevar a cabo una campa\u00f1a generalizada para arrestar, torturar y matar ilegalmente a civiles en Panjshir, Andarab y otros lugares<\/b>. La ONU tambi\u00e9n ha denunciado estos asesinatos.<\/p>\n<\/div>\n<div dir=\"ltr\" class=\"bbc-19j92fr essoxwk0\" readability=\"9\">\n<p dir=\"ltr\" class=\"bbc-bm53ic e1cc2ql70\">Ahmad Massoud dijo que el 97% de los arrestados por los talibanes no ten\u00edan conexi\u00f3n con su Frente Nacional de Resistencia y asegur\u00f3 que las detenciones buscan infligir presi\u00f3n psicol\u00f3gica sobre la resistencia. <\/p>\n<\/div>\n<div dir=\"ltr\" class=\"bbc-19j92fr essoxwk0\" readability=\"8\">\n<p dir=\"ltr\" class=\"bbc-bm53ic e1cc2ql70\">Massoud se disculp\u00f3 con las familias de las v\u00edctimas y dijo que no pod\u00eda ayudarlas debido a sus recursos limitados.<\/p>\n<\/div>\n<p><h2 id=\"Llamado-al-di\u00e1logo\" tabindex=\"-1\" class=\"bbc-l3e97o e1hixjf30\">Llamado al di\u00e1logo<\/h2>\n<\/p>\n<div dir=\"ltr\" class=\"bbc-19j92fr essoxwk0\" readability=\"8\">\n<p dir=\"ltr\" class=\"bbc-bm53ic e1cc2ql70\">Las conversaciones pol\u00edticas son la \u00fanica forma de resolver la crisis, enfatiz\u00f3 Ahmad Massoud.<\/p>\n<\/div>\n<div dir=\"ltr\" class=\"bbc-19j92fr essoxwk0\" readability=\"12\">\n<p dir=\"ltr\" class=\"bbc-bm53ic e1cc2ql70\">El jefe de la resistencia <b>ha tenido varios encuentros con l\u00edderes talibanes<\/b>, incluida una reuni\u00f3n cara a cara con el ministro de Relaciones Exteriores talib\u00e1n, Amir Khan Mottaqi, en Teher\u00e1n hace seis meses.<\/p>\n<\/div>\n<div dir=\"ltr\" class=\"bbc-19j92fr essoxwk0\" readability=\"9\">\n<p dir=\"ltr\" class=\"bbc-bm53ic e1cc2ql70\">Pero las conversaciones no progresaron, seg\u00fan relat\u00f3. Culp\u00f3 de ello a los talibanes y se\u00f1al\u00f3 que estos no han llegado a un punto de creer en un acuerdo pol\u00edtico.<\/p>\n<\/div>\n<div dir=\"ltr\" class=\"bbc-19j92fr essoxwk0\" readability=\"9\">\n<p dir=\"ltr\" class=\"bbc-bm53ic e1cc2ql70\">Sin embargo, Massoud se\u00f1al\u00f3 que hay se\u00f1ales de que los niveles inferiores de los talibanes quieren un proceso m\u00e1s abierto e inclusivo. <\/p>\n<\/div>\n<div dir=\"ltr\" class=\"bbc-19j92fr essoxwk0\" readability=\"7\">\n<p dir=\"ltr\" class=\"bbc-bm53ic e1cc2ql70\">Y espera que este entendimiento llegue a los principales l\u00edderes.<\/p>\n<\/div>\n<div dir=\"ltr\" class=\"bbc-1ka88fa essoxwk0\">\n<figure class=\"bbc-1qdcvv9 e170cyvj0\">\n<div dir=\"ltr\" class=\"bbc-172p16q essoxwk0\">\n<div dir=\"ltr\" class=\"bbc-189y18v essoxwk0\" readability=\"6.5\">\n<div data-e2e=\"image-placeholder\" class=\"bbc-997y1y ezb2r2b0\" readability=\"8\"><noscript><picture class=\"bbc-yfiktt e11uq3261\"><source srcset=\"http:\/\/nuevacordoba.net\/wp-content\/uploads\/2022\/07\/afganistan-es-hoy-una-amenaza-mucho-mas-grande-para-el-mundo-que-en-2001-ahmad-massoud-lider-de-la-resistencia-al-taliban-habla-con-la-bbc-15.webp 240w, http:\/\/nuevacordoba.net\/wp-content\/uploads\/2022\/07\/afganistan-es-hoy-una-amenaza-mucho-mas-grande-para-el-mundo-que-en-2001-ahmad-massoud-lider-de-la-resistencia-al-taliban-habla-con-la-bbc-16.webp 320w, http:\/\/nuevacordoba.net\/wp-content\/uploads\/2022\/07\/afganistan-es-hoy-una-amenaza-mucho-mas-grande-para-el-mundo-que-en-2001-ahmad-massoud-lider-de-la-resistencia-al-taliban-habla-con-la-bbc-17.webp 480w, http:\/\/nuevacordoba.net\/wp-content\/uploads\/2022\/07\/afganistan-es-hoy-una-amenaza-mucho-mas-grande-para-el-mundo-que-en-2001-ahmad-massoud-lider-de-la-resistencia-al-taliban-habla-con-la-bbc-18.webp 624w, http:\/\/nuevacordoba.net\/wp-content\/uploads\/2022\/07\/afganistan-es-hoy-una-amenaza-mucho-mas-grande-para-el-mundo-que-en-2001-ahmad-massoud-lider-de-la-resistencia-al-taliban-habla-con-la-bbc-19.webp 800w\" type=\"image\/webp\" sizes=\"(min-width: 1008px) 645px, 100vw\"><source srcset=\"https:\/\/ichef.bbci.co.uk\/news\/240\/cpsprodpb\/1068E\/production\/_120241276_gettyimages-1179604336.jpg 240w, https:\/\/ichef.bbci.co.uk\/news\/320\/cpsprodpb\/1068E\/production\/_120241276_gettyimages-1179604336.jpg 320w, https:\/\/ichef.bbci.co.uk\/news\/480\/cpsprodpb\/1068E\/production\/_120241276_gettyimages-1179604336.jpg 480w, https:\/\/ichef.bbci.co.uk\/news\/624\/cpsprodpb\/1068E\/production\/_120241276_gettyimages-1179604336.jpg 624w, https:\/\/ichef.bbci.co.uk\/news\/800\/cpsprodpb\/1068E\/production\/_120241276_gettyimages-1179604336.jpg 800w\" type=\"image\/jpeg\" sizes=\"(min-width: 1008px) 645px, 100vw\"><img loading=\"lazy\" src=\"http:\/\/nuevacordoba.net\/wp-content\/uploads\/2022\/07\/afganistan-es-hoy-una-amenaza-mucho-mas-grande-para-el-mundo-que-en-2001-ahmad-massoud-lider-de-la-resistencia-al-taliban-habla-con-la-bbc-4.jpg\" alt=\"Ahmad Massoud (der) y su padre en una pancarta en el Valle de Panjshir antes de que los talibanes tomaran el poder.\" width=\"976\" height=\"549\" class=\"eehpdyc0 bbc-rb7xa0 e11uq3260\"><\/picture><\/noscript><\/p>\n<p role=\"text\" class=\"bbc-1s1cxbv eynndk20\"><span class=\"bbc-1gnhmg2 evnljr50\">Fuente de la imagen, <\/span><span lang=\"en-GB\">Getty Images<\/span><\/p>\n<\/div>\n<\/div>\n<div dir=\"ltr\" class=\"bbc-3edg7g essoxwk0\" readability=\"6.5\"><figcaption dir=\"ltr\" class=\"bbc-rhuvwm epgcavl0\" readability=\"3\"><span class=\"bbc-1gnhmg2 evnljr50\">Pie de foto, <\/span><\/p>\n<p>Ahmad Massoud (der) y su padre en una pancarta en el Valle de Panjshir antes de que los talibanes tomaran el poder.<\/p>\n<\/figcaption><\/div>\n<\/div>\n<\/figure>\n<\/div>\n<div dir=\"ltr\" class=\"bbc-19j92fr essoxwk0\" readability=\"8\">\n<p dir=\"ltr\" class=\"bbc-bm53ic e1cc2ql70\">Pero sabe que se enfrenta a una batalla larga y solitaria, agreg\u00f3.<\/p>\n<\/div>\n<div dir=\"ltr\" class=\"bbc-19j92fr essoxwk0\" readability=\"8\">\n<p dir=\"ltr\" class=\"bbc-bm53ic e1cc2ql70\">\u00ab<b>El mundo ha abandonado al pueblo afgano<\/b>\u00ab, afirm\u00f3 Massoud.<\/p>\n<\/div>\n<div dir=\"ltr\" class=\"bbc-19j92fr essoxwk0\" readability=\"7\">\n<p dir=\"ltr\" class=\"bbc-bm53ic e1cc2ql70\"> \u00abNos han dejado para que luchemos contra el terrorismo global por nuestra cuenta\u00bb.<\/p>\n<\/div>\n<div dir=\"ltr\" class=\"bbc-1ka88fa essoxwk0\">\n<figure class=\"bbc-1qdcvv9 e170cyvj0\">\n<div dir=\"ltr\" class=\"bbc-172p16q essoxwk0\">\n<div dir=\"ltr\" class=\"bbc-189y18v essoxwk0\">\n<div data-e2e=\"image-placeholder\" class=\"bbc-997y1y ezb2r2b0\"><noscript><picture class=\"bbc-yfiktt e11uq3261\"><source srcset=\"http:\/\/nuevacordoba.net\/wp-content\/uploads\/2022\/07\/afganistan-es-hoy-una-amenaza-mucho-mas-grande-para-el-mundo-que-en-2001-ahmad-massoud-lider-de-la-resistencia-al-taliban-habla-con-la-bbc-20.webp 240w, http:\/\/nuevacordoba.net\/wp-content\/uploads\/2022\/07\/afganistan-es-hoy-una-amenaza-mucho-mas-grande-para-el-mundo-que-en-2001-ahmad-massoud-lider-de-la-resistencia-al-taliban-habla-con-la-bbc-21.webp 320w, http:\/\/nuevacordoba.net\/wp-content\/uploads\/2022\/07\/afganistan-es-hoy-una-amenaza-mucho-mas-grande-para-el-mundo-que-en-2001-ahmad-massoud-lider-de-la-resistencia-al-taliban-habla-con-la-bbc-22.webp 464w\" type=\"image\/webp\" sizes=\"(min-width: 1008px) 645px, 100vw\"><source srcset=\"https:\/\/ichef.bbci.co.uk\/news\/240\/cpsprodpb\/8AA4\/production\/_112229453_line976.jpg 240w, https:\/\/ichef.bbci.co.uk\/news\/320\/cpsprodpb\/8AA4\/production\/_112229453_line976.jpg 320w, https:\/\/ichef.bbci.co.uk\/news\/464\/cpsprodpb\/8AA4\/production\/_112229453_line976.jpg 464w\" type=\"image\/jpeg\" sizes=\"(min-width: 1008px) 645px, 100vw\"><img loading=\"lazy\" src=\"http:\/\/nuevacordoba.net\/wp-content\/uploads\/2022\/07\/afganistan-es-hoy-una-amenaza-mucho-mas-grande-para-el-mundo-que-en-2001-ahmad-massoud-lider-de-la-resistencia-al-taliban-habla-con-la-bbc-5.jpg\" alt=\"L\u00ednea\" width=\"464\" height=\"2\" class=\"eehpdyc0 bbc-rb7xa0 e11uq3260\"><\/picture><\/noscript><\/div>\n<\/div>\n<\/div>\n<\/figure>\n<\/div>\n<div dir=\"ltr\" class=\"bbc-19j92fr essoxwk0\" readability=\"8\">\n<p dir=\"ltr\" class=\"bbc-bm53ic e1cc2ql70\"><i class=\"bbc-h1y5j7 ewc4zcb0\">Ahora puedes recibir notificaciones de BBC Mundo. Descarga la nueva versi\u00f3n de nuestra app y act\u00edvalas para no perderte nuestro mejor contenido.<\/i><\/p>\n<\/div>\n","protected":false},"excerpt":{"rendered":"<p>Daud Qarizadah BBC Servicio Persa 1 hora Fuente de la imagen, Getty Images Pie de foto, Ahmad Massoud lleva el peso de la resistencia sobre sus hombros. \u00abAfganist\u00e1n es hoy una amenaza mucho mayor para el mundo que en 2001\u00bb. Esta es la dura advertencia del hijo de un famoso l\u00edder de la resistencia antitalib\u00e1n. [&hellip;]<\/p>\n","protected":false},"author":1,"featured_media":22113,"comment_status":"closed","ping_status":"closed","sticky":false,"template":"","format":"standard","meta":[],"categories":[13],"tags":[],"_links":{"self":[{"href":"http:\/\/nuevacordoba.net\/index.php\/wp-json\/wp\/v2\/posts\/22112"}],"collection":[{"href":"http:\/\/nuevacordoba.net\/index.php\/wp-json\/wp\/v2\/posts"}],"about":[{"href":"http:\/\/nuevacordoba.net\/index.php\/wp-json\/wp\/v2\/types\/post"}],"author":[{"embeddable":true,"href":"http:\/\/nuevacordoba.net\/index.php\/wp-json\/wp\/v2\/users\/1"}],"replies":[{"embeddable":true,"href":"http:\/\/nuevacordoba.net\/index.php\/wp-json\/wp\/v2\/comments?post=22112"}],"version-history":[{"count":0,"href":"http:\/\/nuevacordoba.net\/index.php\/wp-json\/wp\/v2\/posts\/22112\/revisions"}],"wp:featuredmedia":[{"embeddable":true,"href":"http:\/\/nuevacordoba.net\/index.php\/wp-json\/wp\/v2\/media\/22113"}],"wp:attachment":[{"href":"http:\/\/nuevacordoba.net\/index.php\/wp-json\/wp\/v2\/media?parent=22112"}],"wp:term":[{"taxonomy":"category","embeddable":true,"href":"http:\/\/nuevacordoba.net\/index.php\/wp-json\/wp\/v2\/categories?post=22112"},{"taxonomy":"post_tag","embeddable":true,"href":"http:\/\/nuevacordoba.net\/index.php\/wp-json\/wp\/v2\/tags?post=22112"}],"curies":[{"name":"wp","href":"https:\/\/api.w.org\/{rel}","templated":true}]}}