{"id":22131,"date":"2022-07-18T10:25:17","date_gmt":"2022-07-18T10:25:17","guid":{"rendered":"https:\/\/www.espinof.com\/anime\/one-piece-creador-manga-promete-promete-revelar-todos-misterios-que-se-ha-estado-guardando-durante-arco-final-historia"},"modified":"2022-07-18T10:25:17","modified_gmt":"2022-07-18T10:25:17","slug":"one-piece-el-creador-del-manga-promete-promete-revelar-todos-misterios-que-se-ha-estado-guardando-durante-el-arco-final-de-la-historia","status":"publish","type":"post","link":"http:\/\/nuevacordoba.net\/index.php\/2022\/07\/18\/one-piece-el-creador-del-manga-promete-promete-revelar-todos-misterios-que-se-ha-estado-guardando-durante-el-arco-final-de-la-historia\/","title":{"rendered":"&#8216;One Piece&#8217;: el creador del manga promete promete revelar todos misterios que se ha estado guardando durante el arco final de la historia"},"content":{"rendered":"<p>Despu\u00e9s de 25 a\u00f1os public\u00e1ndose, parece que el desenlace de &#8216;<a href=\"https:\/\/www.espinof.com\/listas\/como-ver-one-piece-relleno-que-episodios-se-pueden-saltar-larguisimo-e-iconico-anime-miedo-a-perderse-nada\">One Piece<\/a>&#8216; est\u00e1 cada vez m\u00e1s cerca y el propio <strong>Eiichiro Oda<\/strong> ha confirmado que el manga ya est\u00e1 entrando en <strong>la recta final de la historia.<\/strong><\/p>\n<p><!-- BREAK 1 --><\/p>\n<p>Ojo, que en un manga tan largo como &#8216;One Piece&#8217;,<strong> esto no significa que el final vaya a publicarse ya mismo <\/strong>y todav\u00eda podemos tener bastantes a\u00f1os de serie por delante. Pero sin mojarse demasiado sobre fechas, lo que s\u00ed que ha confirmado su creador es que vamos a poder ver c\u00f3mo se resuelven muchos de los grandes misterios que nos ha ido planteando durante todos estos a\u00f1os.<\/p>\n<p><!-- BREAK 2 --> <\/p>\n<h2>Volviendo con fuerzas del hiato<\/h2>\n<p>El mes pasado,<a href=\"https:\/\/www.espinof.com\/anime\/dadme-tiempo-para-respirar-manga-one-piece-estara-hiato-durante-mes-luego-entra-su-recta-final\"> Oda confirm\u00f3 que se tomaba un mes de hiato<\/a> y que se pausar\u00eda la publicaci\u00f3n del manga para poder centrarse en varios eventos relacionados con <strong>&#8216;One Piece&#8217;<\/strong>, incluyendo una visita al rodaje de <a href=\"https:\/\/www.espinof.com\/fecha-de-estreno\/one-piece-trailer-fecha-estreno-todo-que-sabemos-serie-accion-real-netflix-basada-legendario-anime\">la serie en acci\u00f3n real de Netflix<\/a>.<\/p>\n<p><!-- BREAK 3 --><\/p>\n<p>A partir del pr\u00f3ximo 25 de julio se reanuda la publicaci\u00f3n en la <strong>Weekly Shonen Jump<\/strong>, y Oda ha querido compartir un mensaje con sus fans sobre el final del manga, donde asegura que se terminar\u00e1n de revelar todos los grandes secretos que todav\u00eda nos quedan en la lista.<\/p>\n<p><!-- BREAK 4 --><\/p>\n<blockquote><p>\u00abCuando era peque\u00f1o pens\u00e9&#8230;&#8217;\u00a1Ojal\u00e1 pudiera dibujar una serie de manga en la que el final sea lo m\u00e1s emocionante! \u00a1Me pregunto si podr\u00e9 hacerlo!&#8217; Ahora casi hemos terminado con el Arco del Pa\u00eds de Wano, y todo el trabajo de preparaci\u00f3n ya est\u00e1 listo\u00bb, ha dicho el mangaka. \u00abMe ha llevado 25 a\u00f1os, Pero est\u00e1 bien si empez\u00e1is a leer desde aqu\u00ed&#8230; \u00a1De ahora en adelante, esto ser\u00e1 &#8216;One Piece&#8217;!\u00bb<\/p><\/blockquote>\n<div class=\"article-asset article-asset-normal article-asset-center\">\n<div class=\"desvio-container\">\n<div class=\"desvio\">\n<div class=\"desvio-figure js-desvio-figure\"> <a href=\"https:\/\/www.espinof.com\/listas\/series-peliculas-anime-muy-fresquitas-que-te-recomendamos-para-sobrellevar-verano-que-se-pueden-ver-streaming\"> <img alt=\"8 series y pel\u00edculas de anime muy fresquitas que te recomendamos para sobrellevar el verano y que se pueden ver en streaming\" src=\"http:\/\/nuevacordoba.net\/wp-content\/uploads\/2022\/07\/one-piece-el-creador-del-manga-promete-promete-revelar-todos-misterios-que-se-ha-estado-guardando-durante-el-arco-final-de-la-historia.webp\" onerror=\"this.src=&quot;https:\/\/i.blogs.es\/60aa26\/animes-de-verano\/375_142.jpeg&quot;\"> <\/a> <\/div><\/div><\/div>\n<\/div>\n<blockquote><p>\u00abDibujar\u00e9 todos los misterios que quedan en este mundo y que he estado escondiendo hasta ahora\u00bb, asegura Oda. \u00abVa a ser muy interesante. Por favor, ajustaos los cinturones. \u00a1Muchas gracias, espero que os qued\u00e9is conmigo un poquito m\u00e1s!<\/p><\/blockquote>\n","protected":false},"excerpt":{"rendered":"<p>Despu\u00e9s de 25 a\u00f1os public\u00e1ndose, parece que el desenlace de &#8216;One Piece&#8216; est\u00e1 cada vez m\u00e1s cerca y el propio Eiichiro Oda ha confirmado que el manga ya est\u00e1 entrando en la recta final de la historia. Ojo, que en un manga tan largo como &#8216;One Piece&#8217;, esto no significa que el final vaya a [&hellip;]<\/p>\n","protected":false},"author":1,"featured_media":0,"comment_status":"closed","ping_status":"closed","sticky":false,"template":"","format":"standard","meta":[],"categories":[6],"tags":[],"_links":{"self":[{"href":"http:\/\/nuevacordoba.net\/index.php\/wp-json\/wp\/v2\/posts\/22131"}],"collection":[{"href":"http:\/\/nuevacordoba.net\/index.php\/wp-json\/wp\/v2\/posts"}],"about":[{"href":"http:\/\/nuevacordoba.net\/index.php\/wp-json\/wp\/v2\/types\/post"}],"author":[{"embeddable":true,"href":"http:\/\/nuevacordoba.net\/index.php\/wp-json\/wp\/v2\/users\/1"}],"replies":[{"embeddable":true,"href":"http:\/\/nuevacordoba.net\/index.php\/wp-json\/wp\/v2\/comments?post=22131"}],"version-history":[{"count":0,"href":"http:\/\/nuevacordoba.net\/index.php\/wp-json\/wp\/v2\/posts\/22131\/revisions"}],"wp:attachment":[{"href":"http:\/\/nuevacordoba.net\/index.php\/wp-json\/wp\/v2\/media?parent=22131"}],"wp:term":[{"taxonomy":"category","embeddable":true,"href":"http:\/\/nuevacordoba.net\/index.php\/wp-json\/wp\/v2\/categories?post=22131"},{"taxonomy":"post_tag","embeddable":true,"href":"http:\/\/nuevacordoba.net\/index.php\/wp-json\/wp\/v2\/tags?post=22131"}],"curies":[{"name":"wp","href":"https:\/\/api.w.org\/{rel}","templated":true}]}}