{"id":22137,"date":"2022-07-18T14:55:34","date_gmt":"2022-07-18T14:55:34","guid":{"rendered":"http:\/\/nuevacordoba.net\/index.php\/2022\/07\/18\/el-gobierno-de-rusia-realizara-una-cumbre-sobre-siria-con-iran-y-turquia\/"},"modified":"2022-07-18T14:55:34","modified_gmt":"2022-07-18T14:55:34","slug":"el-gobierno-de-rusia-realizara-una-cumbre-sobre-siria-con-iran-y-turquia","status":"publish","type":"post","link":"http:\/\/nuevacordoba.net\/index.php\/2022\/07\/18\/el-gobierno-de-rusia-realizara-una-cumbre-sobre-siria-con-iran-y-turquia\/","title":{"rendered":"El gobierno de Rusia realizar\u00e1 una cumbre sobre Siria con Ir\u00e1n y Turqu\u00eda"},"content":{"rendered":"<figure class=\"mb-3\"><img loading=\"lazy\" src=\"http:\/\/nuevacordoba.net\/wp-content\/uploads\/2022\/07\/el-gobierno-de-rusia-realizara-una-cumbre-sobre-siria-con-iran-y-turquia.jpg\" width=\"100%\" height=\"100%\" alt=\"Telam SE\"><figcaption><\/figcaption><\/figure>\n<p>En plena guerra contra Ucrania, el presidente ruso Vladimir Putin mantendr\u00e1 este martes en Teher\u00e1n conversaciones con sus hom\u00f3logos iran\u00ed y turco sobre Siria, otro conflicto en el que su pa\u00eds est\u00e1 implicado.<\/p>\n<p>Este ser\u00e1 el segundo viaje de Putin al extranjero desde que lanz\u00f3 su invasi\u00f3n en Ucrania el 24 de febrero, y su primer encuentro desde entonces con el presidente turco, Recep Tayyip Erdogan, con quien mantendr\u00e1 adem\u00e1s una reuni\u00f3n bilateral para hablar de la salida de cereales ucranianos para abastecer a una parte del mundo.<\/p>\n<p><strong>Putin, Erdogan y el iran\u00ed Ebrahim Raissi participar\u00e1n en \u00abuna reuni\u00f3n de los jefes de Estado que garantizan el proceso de paz\u00bb en Siria<\/strong>, anunci\u00f3 recientemente el portavoz del Kremlin, Dmitri Peskov.<\/p>\n<p>La del martes ser\u00e1 la primera vez que Erdogan y Putin se re\u00fanen desde que Rusia invadi\u00f3 Ucrania.<\/p>\n<p>Turqu\u00eda, miembro de la OTAN, ha intentado mantener el contacto con ambos pa\u00edses, y se ha ofrecido como mediador en varias ocasiones.<\/p>\n<p><strong>\u00abAdem\u00e1s de la reuni\u00f3n tripartita, tambi\u00e9n habr\u00e1 un encuentro bilateral con Erdogan\u00bb<\/strong> el mismo d\u00eda, anunci\u00f3 el Kremlin la semana pasada.<\/p>\n<p>Se espera que ambos l\u00edderes hablen sobre Ucrania y m\u00e1s precisamente sobre c\u00f3mo desbloquear las exportaciones de granos ucranianos. Rusia, Turqu\u00eda e Ir\u00e1n son tres actores principales en la guerra que afecta a Siria desde 2011.<\/p>\n<p>Rusia e Ir\u00e1n apoyan al r\u00e9gimen de Bashar al Assad y Turqu\u00eda a los rebeldes.<\/p>\n<p>Los tres pa\u00edses lanzaron en 2017 el llamado proceso de Astana, cuyo objetivo oficial es llevar la paz a Siria, rese\u00f1\u00f3 la agencia de noticias AFP.<\/p>\n<p>Desde fines de mayo, Turqu\u00eda amenaza con lanzar una nueva operaci\u00f3n militar en el norte de Siria, donde busca crear una \u00abzona de seguridad\u00bb de 30 kil\u00f3metros en la frontera, pero los gobiernos de Ir\u00e1n y Rusia se oponen.<\/p>\n<p>El Ej\u00e9rcito turco, presente en zonas del norte del territorio sirio, fronterizo con Turqu\u00eda, ya lanz\u00f3 entre 2016 y 2019 tres grandes operaciones en Siria.<\/p>\n<p>Ahora quiere lanzar una operaci\u00f3n contra Tal Rifaat y Manbij, dos localidades bajo el control de las Unidades de Protecci\u00f3n Popular (YPG), una milicia kurda a la que Turqu\u00eda acusa de estar afiliada al Partido de los Trabajadores del Kurdist\u00e1n (PKK), clasificado como terrorista por Ankara. <\/p>\n","protected":false},"excerpt":{"rendered":"<p>En plena guerra contra Ucrania, el presidente ruso Vladimir Putin mantendr\u00e1 este martes en Teher\u00e1n conversaciones con sus hom\u00f3logos iran\u00ed y turco sobre Siria, otro conflicto en el que su pa\u00eds est\u00e1 implicado. Este ser\u00e1 el segundo viaje de Putin al extranjero desde que lanz\u00f3 su invasi\u00f3n en Ucrania el 24 de febrero, y su [&hellip;]<\/p>\n","protected":false},"author":1,"featured_media":22138,"comment_status":"closed","ping_status":"closed","sticky":false,"template":"","format":"standard","meta":[],"categories":[13],"tags":[],"_links":{"self":[{"href":"http:\/\/nuevacordoba.net\/index.php\/wp-json\/wp\/v2\/posts\/22137"}],"collection":[{"href":"http:\/\/nuevacordoba.net\/index.php\/wp-json\/wp\/v2\/posts"}],"about":[{"href":"http:\/\/nuevacordoba.net\/index.php\/wp-json\/wp\/v2\/types\/post"}],"author":[{"embeddable":true,"href":"http:\/\/nuevacordoba.net\/index.php\/wp-json\/wp\/v2\/users\/1"}],"replies":[{"embeddable":true,"href":"http:\/\/nuevacordoba.net\/index.php\/wp-json\/wp\/v2\/comments?post=22137"}],"version-history":[{"count":0,"href":"http:\/\/nuevacordoba.net\/index.php\/wp-json\/wp\/v2\/posts\/22137\/revisions"}],"wp:featuredmedia":[{"embeddable":true,"href":"http:\/\/nuevacordoba.net\/index.php\/wp-json\/wp\/v2\/media\/22138"}],"wp:attachment":[{"href":"http:\/\/nuevacordoba.net\/index.php\/wp-json\/wp\/v2\/media?parent=22137"}],"wp:term":[{"taxonomy":"category","embeddable":true,"href":"http:\/\/nuevacordoba.net\/index.php\/wp-json\/wp\/v2\/categories?post=22137"},{"taxonomy":"post_tag","embeddable":true,"href":"http:\/\/nuevacordoba.net\/index.php\/wp-json\/wp\/v2\/tags?post=22137"}],"curies":[{"name":"wp","href":"https:\/\/api.w.org\/{rel}","templated":true}]}}