{"id":22152,"date":"2022-07-18T22:28:09","date_gmt":"2022-07-18T22:28:09","guid":{"rendered":"https:\/\/prensa.cba.gov.ar\/?p=507891"},"modified":"2022-07-18T22:28:09","modified_gmt":"2022-07-18T22:28:09","slug":"pil-en-nuevas-tecnologias-ultimos-dias-para-postularse","status":"publish","type":"post","link":"http:\/\/nuevacordoba.net\/index.php\/2022\/07\/18\/pil-en-nuevas-tecnologias-ultimos-dias-para-postularse\/","title":{"rendered":"PIL en Nuevas Tecnolog\u00edas: \u00faltimos d\u00edas para postularse"},"content":{"rendered":"<div><img src=\"http:\/\/nuevacordoba.net\/wp-content\/uploads\/2022\/07\/pil-en-nuevas-tecnologias-ultimos-dias-para-postularse.jpg\" class=\"ff-og-image-inserted\"><\/div>\n<ul>\n<li><strong>Quienes tengan inter\u00e9s podr\u00e1n enviar sus CV hasta el 22 de julio.<\/strong><\/li>\n<li><strong>El Programa de Inserci\u00f3n Laboral crear\u00e1 500 oportunidades de empleo en la industria tecnol\u00f3gica.<\/strong><\/li>\n<\/ul>\n<p>El pr\u00f3ximo <strong>22 de julio cierran las inscripciones para quienes deseen postularse y&nbsp;formar parte del PIL en Nuevas Tecnolog\u00edas<\/strong>, un programa que alienta la formaci\u00f3n tecnol\u00f3gica y crea 500 nuevas oportunidades de empleo en el sector.<\/p>\n<p>Para sumarse, las y los candidatos deber\u00e1n enviar sus CV al email de las empresas participantes en las que quieran aplicar. El listado est\u00e1 disponible&nbsp;<a href=\"https:\/\/empleoyfamilia.cba.gov.ar\/programa-de-insercion-laboral-en-nuevas-tecnologias\/\">aqu\u00ed<\/a>. <\/p>\n<p>Cabe destacar que, una vez que quienes se postularon son <strong>seleccionados\/as por el empleador<\/strong>, deber\u00e1n completar el Formulario \u00danico de Postulantes (FUP) y luego la empresa finalizar\u00e1 la inscripci\u00f3n en el sistema. <\/p>\n<p>El PIL en Nuevas Tecnolog\u00edas crea oportunidades de empleo en uno de los sectores econ\u00f3micos con mayor crecimiento, y capacita a quienes participan del programa para que puedan conseguir trabajo de calidad en la industria tecnol\u00f3gica y desarrollarse profesionalmente.<\/p>\n<p>En esta edici\u00f3n, la demanda de las empresas se duplic\u00f3 y hay m\u00e1s de 150 firmas anotadas e interesadas en sumar y formar personal.<\/p>\n<h3><strong>C\u00f3mo sigue<\/strong><\/h3>\n<p>Luego de cerrarse el periodo de postulaciones, se&nbsp;verificar\u00e1 que los candidatos informados por las empresas cumplan con los requisitos de admisibilidad y se notificar\u00e1 los resultados a los beneficiarios.<\/p>\n<p>Los entrenamientos y capacitaciones comienzan el 1 de agosto.<\/p>\n<p>M\u00e1s informaci\u00f3n en https:\/\/empleoyfamilia.cba.gov.ar\/<\/p>\n","protected":false},"excerpt":{"rendered":"<p>Quienes tengan inter\u00e9s podr\u00e1n enviar sus CV hasta el 22 de julio. El Programa de Inserci\u00f3n Laboral crear\u00e1 500 oportunidades de empleo en la industria tecnol\u00f3gica. El pr\u00f3ximo 22 de julio cierran las inscripciones para quienes deseen postularse y&nbsp;formar parte del PIL en Nuevas Tecnolog\u00edas, un programa que alienta la formaci\u00f3n tecnol\u00f3gica y crea 500 [&hellip;]<\/p>\n","protected":false},"author":1,"featured_media":22153,"comment_status":"closed","ping_status":"closed","sticky":false,"template":"","format":"standard","meta":[],"categories":[14],"tags":[],"_links":{"self":[{"href":"http:\/\/nuevacordoba.net\/index.php\/wp-json\/wp\/v2\/posts\/22152"}],"collection":[{"href":"http:\/\/nuevacordoba.net\/index.php\/wp-json\/wp\/v2\/posts"}],"about":[{"href":"http:\/\/nuevacordoba.net\/index.php\/wp-json\/wp\/v2\/types\/post"}],"author":[{"embeddable":true,"href":"http:\/\/nuevacordoba.net\/index.php\/wp-json\/wp\/v2\/users\/1"}],"replies":[{"embeddable":true,"href":"http:\/\/nuevacordoba.net\/index.php\/wp-json\/wp\/v2\/comments?post=22152"}],"version-history":[{"count":0,"href":"http:\/\/nuevacordoba.net\/index.php\/wp-json\/wp\/v2\/posts\/22152\/revisions"}],"wp:featuredmedia":[{"embeddable":true,"href":"http:\/\/nuevacordoba.net\/index.php\/wp-json\/wp\/v2\/media\/22153"}],"wp:attachment":[{"href":"http:\/\/nuevacordoba.net\/index.php\/wp-json\/wp\/v2\/media?parent=22152"}],"wp:term":[{"taxonomy":"category","embeddable":true,"href":"http:\/\/nuevacordoba.net\/index.php\/wp-json\/wp\/v2\/categories?post=22152"},{"taxonomy":"post_tag","embeddable":true,"href":"http:\/\/nuevacordoba.net\/index.php\/wp-json\/wp\/v2\/tags?post=22152"}],"curies":[{"name":"wp","href":"https:\/\/api.w.org\/{rel}","templated":true}]}}