{"id":22160,"date":"2022-07-19T10:26:17","date_gmt":"2022-07-19T10:26:17","guid":{"rendered":"http:\/\/nuevacordoba.net\/index.php\/2022\/07\/19\/almendra-rechazo-la-renovacion-de-contrato-que-le-ofrecio-el-consejo-de-futbol\/"},"modified":"2022-07-19T10:26:17","modified_gmt":"2022-07-19T10:26:17","slug":"almendra-rechazo-la-renovacion-de-contrato-que-le-ofrecio-el-consejo-de-futbol","status":"publish","type":"post","link":"http:\/\/nuevacordoba.net\/index.php\/2022\/07\/19\/almendra-rechazo-la-renovacion-de-contrato-que-le-ofrecio-el-consejo-de-futbol\/","title":{"rendered":"Almendra rechaz\u00f3 la renovaci\u00f3n de contrato que le ofreci\u00f3 el Consejo de F\u00fatbol"},"content":{"rendered":"<figure class=\"mb-3\"><img loading=\"lazy\" src=\"http:\/\/nuevacordoba.net\/wp-content\/uploads\/2022\/07\/almendra-rechazo-la-renovacion-de-contrato-que-le-ofrecio-el-consejo-de-futbol.jpg\" width=\"100%\" height=\"100%\" alt=\"Almendra no acept la renovacin del contrato con Boca Foto Julin lvarez\"><figcaption> Almendra no acept\u00f3 la renovaci\u00f3n del contrato con Boca. Foto: Juli\u00e1n \u00c1lvarez <\/figcaption><\/figure>\n<p>El joven volante de Boca Juniors Agust\u00edn Almendra, de 22 a\u00f1os, rechaz\u00f3 en las \u00faltimas horas el ofrecimiento de renovaci\u00f3n de su contrato que vence en junio del a\u00f1o pr\u00f3ximo por dos a\u00f1os m\u00e1s y pidi\u00f3 ser transferido porque no se encuentra c\u00f3modo en el club de la Ribera.<\/p>\n<p>De esta manera, <strong>el volante que ahora est\u00e1 lesionado en el tobillo derecho pero estaba practicando con la reserva por una actitud de indisciplina que afect\u00f3 al anterior t\u00e9cnico del primer equipo, Sebasti\u00e1n Battaglia<\/strong>, de esta manera quedar\u00eda en <strong>libertad de acci\u00f3n en junio de 2023, pero ya podr\u00eda empezar a negociar libremente con otro club a partir del primer d\u00eda del a\u00f1o<\/strong> pr\u00f3ximo.<\/p>\n<p>El oriundo de la localidad bonaerense de San Francisco Solano pidi\u00f3 ser vendido por todo lo sufrido en el club desde el 28 de febrero pasado en que fue separado del plantel por Battaglia, luego de manifestarle delante de sus compa\u00f1eros que le \u00abarmaban el equipo\u00bb, en obvia alusi\u00f3n al Consejo de F\u00fatbol.<\/p>\n<p><strong>Almendra comparte con Marcos Rojo al mismo representante, Kristian Bereit,<\/strong> luego de alejarse de Christian Bragarnik, y al momento de rechazar la renovaci\u00f3n contractual tambi\u00e9n manifest\u00f3 su inter\u00e9s por jugar en el exterior del pa\u00eds.<\/p>\n<p><strong>En las \u00faltimas horas el reemplazante de Battaglia, Hugo Ibarra, anunci\u00f3 que iba a hablar con Almendra, a quien dirigi\u00f3 brevemente en reserva durante este per\u00edodo de ostracismo<\/strong>, \u00abporque es patrimonio del club\u00bb, mientras que Dar\u00edo Benedetto, que lo hab\u00eda castigado duramente en aquel momento en declaraciones televisivas, no se manifest\u00f3 muy convencido de recibirlo nuevamente en el plantel superior. <\/p>\n","protected":false},"excerpt":{"rendered":"<p>Almendra no acept\u00f3 la renovaci\u00f3n del contrato con Boca. Foto: Juli\u00e1n \u00c1lvarez El joven volante de Boca Juniors Agust\u00edn Almendra, de 22 a\u00f1os, rechaz\u00f3 en las \u00faltimas horas el ofrecimiento de renovaci\u00f3n de su contrato que vence en junio del a\u00f1o pr\u00f3ximo por dos a\u00f1os m\u00e1s y pidi\u00f3 ser transferido porque no se encuentra c\u00f3modo [&hellip;]<\/p>\n","protected":false},"author":1,"featured_media":22161,"comment_status":"closed","ping_status":"closed","sticky":false,"template":"","format":"standard","meta":[],"categories":[10],"tags":[],"_links":{"self":[{"href":"http:\/\/nuevacordoba.net\/index.php\/wp-json\/wp\/v2\/posts\/22160"}],"collection":[{"href":"http:\/\/nuevacordoba.net\/index.php\/wp-json\/wp\/v2\/posts"}],"about":[{"href":"http:\/\/nuevacordoba.net\/index.php\/wp-json\/wp\/v2\/types\/post"}],"author":[{"embeddable":true,"href":"http:\/\/nuevacordoba.net\/index.php\/wp-json\/wp\/v2\/users\/1"}],"replies":[{"embeddable":true,"href":"http:\/\/nuevacordoba.net\/index.php\/wp-json\/wp\/v2\/comments?post=22160"}],"version-history":[{"count":0,"href":"http:\/\/nuevacordoba.net\/index.php\/wp-json\/wp\/v2\/posts\/22160\/revisions"}],"wp:featuredmedia":[{"embeddable":true,"href":"http:\/\/nuevacordoba.net\/index.php\/wp-json\/wp\/v2\/media\/22161"}],"wp:attachment":[{"href":"http:\/\/nuevacordoba.net\/index.php\/wp-json\/wp\/v2\/media?parent=22160"}],"wp:term":[{"taxonomy":"category","embeddable":true,"href":"http:\/\/nuevacordoba.net\/index.php\/wp-json\/wp\/v2\/categories?post=22160"},{"taxonomy":"post_tag","embeddable":true,"href":"http:\/\/nuevacordoba.net\/index.php\/wp-json\/wp\/v2\/tags?post=22160"}],"curies":[{"name":"wp","href":"https:\/\/api.w.org\/{rel}","templated":true}]}}