{"id":22165,"date":"2022-07-19T10:55:56","date_gmt":"2022-07-19T10:55:56","guid":{"rendered":"http:\/\/estaciontrip.com.ar\/?p=7067"},"modified":"2022-07-19T10:55:56","modified_gmt":"2022-07-19T10:55:56","slug":"cordoba-en-invierno-primer-finde-de-vacaciones-con-75-de-ocupacion","status":"publish","type":"post","link":"http:\/\/nuevacordoba.net\/index.php\/2022\/07\/19\/cordoba-en-invierno-primer-finde-de-vacaciones-con-75-de-ocupacion\/","title":{"rendered":"C\u00f3rdoba en invierno: primer finde de vacaciones con 75% de ocupaci\u00f3n"},"content":{"rendered":"<div><img src=\"http:\/\/nuevacordoba.net\/wp-content\/uploads\/2022\/07\/cordoba-en-invierno-primer-finde-de-vacaciones-con-75-de-ocupacion.jpg\" class=\"ff-og-image-inserted\"><\/div>\n<p>Este fin de semana la provincia de C\u00f3rdoba regist\u00f3 un promedio de ocupaci\u00f3n del 75 por ciento, con localidades que llegaron a m\u00e1s del 90% de sus plazas ocupadas.<\/p>\n<p>Como un destino ideal para vivir el este invierno y un clima sumamente favorable C\u00f3rdoba, ofreci\u00f3 a los visitantes su gastronom\u00eda, paisajes, el legado jesuita y los escenarios naturales, dentro de un marco sanitario cuidado.<\/p>\n<p>En este sentido el presidente de la Agencia C\u00f3rdoba Turismo, Esteban Avil\u00e9s, destac\u00f3: \u201cC\u00f3rdoba se ha consolidado como uno de los destino m\u00e1s elegidos para este invierno, este fin de semana registramos un 75% con alta demanda en los alojamientos m\u00e1s categorizados. Los n\u00fameros muestran que C\u00f3rdoba sigue siendo l\u00edder en el turismo a nivel nacional. La provincia ofrece un producto muy fuerte, tanto cultural como recreativo. El modelo cordob\u00e9s hace que la gente oriente su agenda a disfrutar de su estad\u00eda, los paisajes, la naturaleza y los servicios de calidad\u201d.<\/p>\n<p><strong>Ocupaci\u00f3n en las localidades tur\u00edsticas<\/strong><\/p>\n<p>De acuerdo a la informaci\u00f3n brindada hasta el momento por las distintas secretar\u00edas y direcciones de Turismo los n\u00fameros mostraron una buena afluencia de visitantes.<\/p>\n<p>En el Valle de <strong>Punilla<\/strong>, su puerta de acceso, Villa Carlos Paz tuvo tiene un 87.8% de ocupaci\u00f3n. En tanto, en La Cumbre el n\u00famero lleg\u00f3 al 60% al igual que Villa Giardino, Cosqu\u00edn el 80% y La Falda al 60%.<br \/>En la zona de <strong>Calamuchita<\/strong>, Santa Rosa tiene ocupadas el 75% de las plazas, Villa General Belgrano registra el 90% de ocupaci\u00f3n, con el 100% de los alojamientos alta gama, mientras que Villa Rumipal llega al 67%, Los Reartes al 71%, Villa Yacanto al 60%, y Potrero de Garay tiene ocupadas el 70% de las plazas.<br \/>Por su parte, R\u00edo Ceballos, en la regi\u00f3n de las <strong>Sierras Chicas<\/strong> tiene el 65% de plazas ocupadas; mientras que en el norte Jes\u00fas Mar\u00eda tiene el 98%, y Colonia Caroya registra ocupaci\u00f3n plena.<br \/>En tanto la regi\u00f3n de <strong>Ansenuza<\/strong>, con su ciudad cabecera, Miramar muestra el 82.5% de sus plazas ocupadas.<br \/>En el Valle de <strong>Traslasierra<\/strong>, Mina Clavero registr\u00f3 un 35% de ocupaci\u00f3n, Nono un 51% y Villa Cura Brochero tiene ocupadas el 47,61%.<br \/>Por \u00faltimo, la ciudad de Villa Mar\u00eda llega al 60% de ocupaci\u00f3n, mientras que en <strong>Paravachasca<\/strong>, Alta Gracia tiene un 85% y La Serranita 60%.<\/p>\n<p>Cabe se\u00f1alar que si bien en algunas provincias como Santa Fe comenzaron el receso escolar el 11de julio, este lunes 18 de julio ser\u00e1 cuando llegue el turno del receso en ciudad y provincia de Buenos Aires, hasta el 29 del corriente. En ese sentido, las localidades tur\u00edsticas est\u00e1n recibiendo diariamente un importante n\u00famero de consultas sobre propuestas, actividades y d\u00f3nde alojarse, siendo foco los establecimientos m\u00e1s categorizados.<\/p>\n","protected":false},"excerpt":{"rendered":"<p>Este fin de semana la provincia de C\u00f3rdoba regist\u00f3 un promedio de ocupaci\u00f3n del 75 por ciento, con localidades que llegaron a m\u00e1s del 90% de sus plazas ocupadas. Como un destino ideal para vivir el este invierno y un clima sumamente favorable C\u00f3rdoba, ofreci\u00f3 a los visitantes su gastronom\u00eda, paisajes, el legado jesuita y [&hellip;]<\/p>\n","protected":false},"author":1,"featured_media":22166,"comment_status":"closed","ping_status":"closed","sticky":false,"template":"","format":"standard","meta":[],"categories":[11],"tags":[],"_links":{"self":[{"href":"http:\/\/nuevacordoba.net\/index.php\/wp-json\/wp\/v2\/posts\/22165"}],"collection":[{"href":"http:\/\/nuevacordoba.net\/index.php\/wp-json\/wp\/v2\/posts"}],"about":[{"href":"http:\/\/nuevacordoba.net\/index.php\/wp-json\/wp\/v2\/types\/post"}],"author":[{"embeddable":true,"href":"http:\/\/nuevacordoba.net\/index.php\/wp-json\/wp\/v2\/users\/1"}],"replies":[{"embeddable":true,"href":"http:\/\/nuevacordoba.net\/index.php\/wp-json\/wp\/v2\/comments?post=22165"}],"version-history":[{"count":0,"href":"http:\/\/nuevacordoba.net\/index.php\/wp-json\/wp\/v2\/posts\/22165\/revisions"}],"wp:featuredmedia":[{"embeddable":true,"href":"http:\/\/nuevacordoba.net\/index.php\/wp-json\/wp\/v2\/media\/22166"}],"wp:attachment":[{"href":"http:\/\/nuevacordoba.net\/index.php\/wp-json\/wp\/v2\/media?parent=22165"}],"wp:term":[{"taxonomy":"category","embeddable":true,"href":"http:\/\/nuevacordoba.net\/index.php\/wp-json\/wp\/v2\/categories?post=22165"},{"taxonomy":"post_tag","embeddable":true,"href":"http:\/\/nuevacordoba.net\/index.php\/wp-json\/wp\/v2\/tags?post=22165"}],"curies":[{"name":"wp","href":"https:\/\/api.w.org\/{rel}","templated":true}]}}